{"id":1057,"date":"2023-06-16T11:53:50","date_gmt":"2023-06-16T14:53:50","guid":{"rendered":"https:\/\/www.pmvabogados.cl\/prohibicion-de-suscribir-contratos-con-el-estado-desigualdad-para-todos\/"},"modified":"2024-02-15T10:05:19","modified_gmt":"2024-02-15T13:05:19","slug":"prohibicion-de-suscribir-contratos-con-el-estado-desigualdad-para-todos","status":"publish","type":"post","link":"https:\/\/www.pmvabogados.cl\/en\/prohibicion-de-suscribir-contratos-con-el-estado-desigualdad-para-todos\/","title":{"rendered":"Prohibici\u00f3n de suscribir contratos con el Estado, \u00bfdesigualdad para todos? | Columna de opini\u00f3n, Sebasti\u00e1n Parga"},"content":{"rendered":"<p>Este fin de semana, la titular de Salud,\u00a0<a href=\"https:\/\/www.cnnchile.com\/tag\/ximena-aguilera\/\" target=\"_blank\" rel=\"noopener\">Ximena Aguilera<\/a>, sostuvo la\u00a0<strong>existencia de un dictamen de Contralor\u00eda que imped\u00eda comprar servicios a la Cl\u00ednica Las Condes<\/strong>, pese a tener tres camas UCI pedi\u00e1tricas al momento en que falleci\u00f3 una lactante de dos meses en la comuna de San Antonio, producto del virus sincicial.<\/p>\n<p>R\u00e1pidamente, sali\u00f3 la Contralor\u00eda a desmentir los dichos indicando que esa resoluci\u00f3n no exist\u00eda y luego,\u00a0<strong>el Ministerio de Salud tuvo que aclarar el \u201cmalentendido\u201d<\/strong>\u00a0sosteniendo que se deb\u00eda a una sanci\u00f3n de la Justicia Laboral.<\/p>\n<p>\u00bfA qu\u00e9 se refiere el Ministerio cuando sostiene que la justicia laboral prohibi\u00f3 la contrataci\u00f3n con la Cl\u00ednica Las Condes? Para quienes desarrollan su pr\u00e1ctica en el derecho laboral, es algo que constantemente alertan a sus clientes, y corresponde a una\u00a0<strong>sanci\u00f3n basal que contempla el C\u00f3digo del Trabajo para aquellas empresas que son sancionadas por pr\u00e1cticas antisindicales y vulneraci\u00f3n de derechos fundamentales<\/strong>.<\/p>\n<p>Es m\u00e1s, esta sanci\u00f3n no es facultativa para el juez, sino derechamente obligatoria, sin importar la gravedad del hecho o sus implicancias, ya que por un error administrativo o por falta de sentido com\u00fan se puede arriesgar la vida de una menor. La ley Laboral \u00bfsancion\u00f3 a la empresa o a la sociedad en su conjunto? Sin duda,<strong>\u00a0el impacto de una sanci\u00f3n de esta naturaleza gener\u00f3 un perjuicio social y la p\u00e9rdida de una vida<\/strong>.<\/p>\n<p>Este grave hecho debe abrir un debate sobre la<strong>\u00a0procedencia de la sanci\u00f3n que impide al Estado contratar a las empresas que sean condenadas por vulneraci\u00f3n de derechos fundamentales o pr\u00e1cticas antisindicales,<\/strong>\u00a0para que -al menos- dicha sanci\u00f3n sea facultativa para el juez, porque no solo pueden suceder casos tan dram\u00e1ticos como el comentado (m\u00e1s all\u00e1 de la aplicaci\u00f3n de la ley de urgencia), sino que, al mismo tiempo, otorga menos competencia a los proveedores del Estado, generando un sobre costo para la sociedad en su conjunto.<\/p>\n<p>Esta sanci\u00f3n genera tambi\u00e9n una desigualdad para las empresas, ya que\u00a0<strong>solo perjudica a aquellas que contratan con el Estado<\/strong>, raz\u00f3n por la que el efecto deseado es un tanto arbitrario y de poca eficacia. M\u00e1s a\u00fan, las entidades que dependen de la contrataci\u00f3n p\u00fablica ven la viabilidad de su negocio en el criterio que puede aplicar el juez en situaciones discutibles, lo que crea un incentivo para demandar cuando existe alguna \u201cremota posibilidad\u201d de que el juez estime que existi\u00f3 pr\u00e1ctica antisindical o vulneraci\u00f3n de derechos, porque la empresa se ver\u00e1 obligada a llegar a acuerdos para darle viabilidad a su negocio.<\/p>\n<p>El caso de la menor que no tuvo acceso a la salud por un fallo laboral, nos da mucho que pensar porque, m\u00e1s all\u00e1 de la aplicaci\u00f3n de la Ley de Urgencia,\u00a0<strong>esto es resultado una traba de contrataci\u00f3n con el Estado<\/strong>. Eventualmente en un escritorio o en un aula puede sonar muy razonable tal prohibici\u00f3n, sin embargo, cuando se ven las consecuencias que se generan,\u00a0<strong>nos enfrentamos a una mala pol\u00edtica<\/strong>\u00a0que restringe los proveedores del Estado con los efectos que conlleva. Esto en definitiva genera un temor permanente relacionado con una sanci\u00f3n que por inviabilidad del negocio puede ser aprovechada por los competidores, etc.<\/p>\n<p>El cuestionamiento de esta sanci\u00f3n no puede generar impunidad a quienes vulneren derechos fundamentales, sino que\u00a0<strong>debe tener una condena econ\u00f3mica que sea acorde con la cantidad de trabajadores y el da\u00f1o ocasionado<\/strong>, sin diferenciar entre empresas que no contraten con el Estado (que les da lo mismo esta medida) y empresas que s\u00ed lo hacen (y que pueden generar la quiebra). Es de esperar que esta lamentable situaci\u00f3n, nos sirva para poder modificar este precepto y\u00a0<strong>nos permita visualizar lo nociva que es la medida para todos los chilenos<\/strong>.<\/p>\n<p><a href=\"https:\/\/www.pmvabogados.cl\/equipo\/sebastian-parga-m\/\">Sebasti\u00e1n Parga<\/a>, socio Parga, Montes &amp; Vasseur Laborales.<\/p>\n","protected":false},"excerpt":{"rendered":"","protected":false},"author":2,"featured_media":0,"comment_status":"open","ping_status":"open","sticky":false,"template":"","format":"standard","meta":{"inline_featured_image":false,"footnotes":""},"categories":[4],"tags":[],"yoast_head":"<!-- This site is optimized with the Yoast SEO plugin v21.4 - https:\/\/yoast.com\/wordpress\/plugins\/seo\/ -->\n<title>Prohibici\u00f3n de suscribir contratos con el Estado, \u00bfdesigualdad para todos? | Columna de opini\u00f3n, Sebasti\u00e1n Parga - Parga, Montes, Vasseur Labor Lawyers<\/title>\n<meta name=\"description\" content=\"La titular de Salud\u00a0Ximena Aguilera sostuvo la\u00a0existencia de un dictamen de Contralor\u00eda que imped\u00eda comprar servicios a la Cl\u00ednica Las Condes\" \/>\n<meta name=\"robots\" content=\"index, follow, max-snippet:-1, max-image-preview:large, max-video-preview:-1\" \/>\n<link rel=\"canonical\" href=\"https:\/\/www.pmvabogados.cl\/en\/prohibicion-de-suscribir-contratos-con-el-estado-desigualdad-para-todos\/\" \/>\n<meta property=\"og:locale\" content=\"en_US\" \/>\n<meta property=\"og:type\" content=\"article\" \/>\n<meta property=\"og:title\" content=\"Prohibici\u00f3n de suscribir contratos con el Estado, \u00bfdesigualdad para todos? | Columna de opini\u00f3n, Sebasti\u00e1n Parga - Parga, Montes, Vasseur Labor Lawyers\" \/>\n<meta property=\"og:description\" content=\"La titular de Salud\u00a0Ximena Aguilera sostuvo la\u00a0existencia de un dictamen de Contralor\u00eda que imped\u00eda comprar servicios a la Cl\u00ednica Las Condes\" \/>\n<meta property=\"og:url\" content=\"https:\/\/www.pmvabogados.cl\/en\/prohibicion-de-suscribir-contratos-con-el-estado-desigualdad-para-todos\/\" \/>\n<meta property=\"og:site_name\" content=\"Parga, Montes, Vasseur Labor Lawyers\" \/>\n<meta property=\"article:published_time\" content=\"2023-06-16T14:53:50+00:00\" \/>\n<meta property=\"article:modified_time\" content=\"2024-02-15T13:05:19+00:00\" \/>\n<meta name=\"author\" content=\"Francisca Dominguez\" \/>\n<meta name=\"twitter:card\" content=\"summary_large_image\" \/>\n<meta name=\"twitter:label1\" content=\"Written by\" \/>\n\t<meta name=\"twitter:data1\" content=\"Francisca Dominguez\" \/>\n\t<meta name=\"twitter:label2\" content=\"Est. reading time\" \/>\n\t<meta name=\"twitter:data2\" content=\"3 minutes\" \/>\n<script type=\"application\/ld+json\" class=\"yoast-schema-graph\">{\"@context\":\"https:\/\/schema.org\",\"@graph\":[{\"@type\":\"Article\",\"@id\":\"https:\/\/www.pmvabogados.cl\/en\/prohibicion-de-suscribir-contratos-con-el-estado-desigualdad-para-todos\/#article\",\"isPartOf\":{\"@id\":\"https:\/\/www.pmvabogados.cl\/en\/prohibicion-de-suscribir-contratos-con-el-estado-desigualdad-para-todos\/\"},\"author\":{\"name\":\"Francisca Dominguez\",\"@id\":\"https:\/\/www.pmvabogados.cl\/en\/#\/schema\/person\/401fd0c9a37d714b31a68493cee1be83\"},\"headline\":\"Prohibici\u00f3n de suscribir contratos con el Estado, \u00bfdesigualdad para todos? | Columna de opini\u00f3n, Sebasti\u00e1n Parga\",\"datePublished\":\"2023-06-16T14:53:50+00:00\",\"dateModified\":\"2024-02-15T13:05:19+00:00\",\"mainEntityOfPage\":{\"@id\":\"https:\/\/www.pmvabogados.cl\/en\/prohibicion-de-suscribir-contratos-con-el-estado-desigualdad-para-todos\/\"},\"wordCount\":690,\"commentCount\":0,\"publisher\":{\"@id\":\"https:\/\/www.pmvabogados.cl\/en\/#organization\"},\"articleSection\":[\"Publicaciones\"],\"inLanguage\":\"en-US\",\"potentialAction\":[{\"@type\":\"CommentAction\",\"name\":\"Comment\",\"target\":[\"https:\/\/www.pmvabogados.cl\/en\/prohibicion-de-suscribir-contratos-con-el-estado-desigualdad-para-todos\/#respond\"]}]},{\"@type\":\"WebPage\",\"@id\":\"https:\/\/www.pmvabogados.cl\/en\/prohibicion-de-suscribir-contratos-con-el-estado-desigualdad-para-todos\/\",\"url\":\"https:\/\/www.pmvabogados.cl\/en\/prohibicion-de-suscribir-contratos-con-el-estado-desigualdad-para-todos\/\",\"name\":\"Prohibici\u00f3n de suscribir contratos con el Estado, \u00bfdesigualdad para todos? | Columna de opini\u00f3n, Sebasti\u00e1n Parga - Parga, Montes, Vasseur Labor Lawyers\",\"isPartOf\":{\"@id\":\"https:\/\/www.pmvabogados.cl\/en\/#website\"},\"datePublished\":\"2023-06-16T14:53:50+00:00\",\"dateModified\":\"2024-02-15T13:05:19+00:00\",\"description\":\"La titular de Salud\u00a0Ximena Aguilera sostuvo la\u00a0existencia de un dictamen de Contralor\u00eda que imped\u00eda comprar servicios a la Cl\u00ednica Las Condes\",\"breadcrumb\":{\"@id\":\"https:\/\/www.pmvabogados.cl\/en\/prohibicion-de-suscribir-contratos-con-el-estado-desigualdad-para-todos\/#breadcrumb\"},\"inLanguage\":\"en-US\",\"potentialAction\":[{\"@type\":\"ReadAction\",\"target\":[\"https:\/\/www.pmvabogados.cl\/en\/prohibicion-de-suscribir-contratos-con-el-estado-desigualdad-para-todos\/\"]}]},{\"@type\":\"BreadcrumbList\",\"@id\":\"https:\/\/www.pmvabogados.cl\/en\/prohibicion-de-suscribir-contratos-con-el-estado-desigualdad-para-todos\/#breadcrumb\",\"itemListElement\":[{\"@type\":\"ListItem\",\"position\":1,\"name\":\"Portada\",\"item\":\"https:\/\/www.pmvabogados.cl\/en\/\"},{\"@type\":\"ListItem\",\"position\":2,\"name\":\"Prohibici\u00f3n de suscribir contratos con el Estado, \u00bfdesigualdad para todos? | Columna de opini\u00f3n, Sebasti\u00e1n Parga\"}]},{\"@type\":\"WebSite\",\"@id\":\"https:\/\/www.pmvabogados.cl\/en\/#website\",\"url\":\"https:\/\/www.pmvabogados.cl\/en\/\",\"name\":\"Parga, Montes, Vasseur Abogados Laborales\",\"description\":\"Labor Lawyers\",\"publisher\":{\"@id\":\"https:\/\/www.pmvabogados.cl\/en\/#organization\"},\"alternateName\":\"PMV Abogados\",\"potentialAction\":[{\"@type\":\"SearchAction\",\"target\":{\"@type\":\"EntryPoint\",\"urlTemplate\":\"https:\/\/www.pmvabogados.cl\/en\/?s={search_term_string}\"},\"query-input\":\"required name=search_term_string\"}],\"inLanguage\":\"en-US\"},{\"@type\":\"Organization\",\"@id\":\"https:\/\/www.pmvabogados.cl\/en\/#organization\",\"name\":\"Parga, Montes, Vasseur Abogados Laborales\",\"alternateName\":\"PMV Abogados\",\"url\":\"https:\/\/www.pmvabogados.cl\/en\/\",\"logo\":{\"@type\":\"ImageObject\",\"inLanguage\":\"en-US\",\"@id\":\"https:\/\/www.pmvabogados.cl\/en\/#\/schema\/logo\/image\/\",\"url\":\"https:\/\/www.pmvabogados.cl\/wp-content\/uploads\/2023\/03\/Proyecto-nuevo-1.png\",\"contentUrl\":\"https:\/\/www.pmvabogados.cl\/wp-content\/uploads\/2023\/03\/Proyecto-nuevo-1.png\",\"width\":800,\"height\":800,\"caption\":\"Parga, Montes, Vasseur Abogados Laborales\"},\"image\":{\"@id\":\"https:\/\/www.pmvabogados.cl\/en\/#\/schema\/logo\/image\/\"},\"sameAs\":[\"https:\/\/www.linkedin.com\/company\/79443714\/admin\/\"]},{\"@type\":\"Person\",\"@id\":\"https:\/\/www.pmvabogados.cl\/en\/#\/schema\/person\/401fd0c9a37d714b31a68493cee1be83\",\"name\":\"Francisca Dominguez\",\"image\":{\"@type\":\"ImageObject\",\"inLanguage\":\"en-US\",\"@id\":\"https:\/\/www.pmvabogados.cl\/en\/#\/schema\/person\/image\/\",\"url\":\"https:\/\/secure.gravatar.com\/avatar\/146a18d2b51b2fff4b4d20a486533567?s=96&d=mm&r=g\",\"contentUrl\":\"https:\/\/secure.gravatar.com\/avatar\/146a18d2b51b2fff4b4d20a486533567?s=96&d=mm&r=g\",\"caption\":\"Francisca Dominguez\"},\"url\":\"https:\/\/www.pmvabogados.cl\/en\/author\/francisca\/\"}]}<\/script>\n<!-- \/ Yoast SEO plugin. -->","yoast_head_json":{"title":"Prohibici\u00f3n de suscribir contratos con el Estado, \u00bfdesigualdad para todos? | Columna de opini\u00f3n, Sebasti\u00e1n Parga - Parga, Montes, Vasseur Labor Lawyers","description":"La titular de Salud\u00a0Ximena Aguilera sostuvo la\u00a0existencia de un dictamen de Contralor\u00eda que imped\u00eda comprar servicios a la Cl\u00ednica Las Condes","robots":{"index":"index","follow":"follow","max-snippet":"max-snippet:-1","max-image-preview":"max-image-preview:large","max-video-preview":"max-video-preview:-1"},"canonical":"https:\/\/www.pmvabogados.cl\/en\/prohibicion-de-suscribir-contratos-con-el-estado-desigualdad-para-todos\/","og_locale":"en_US","og_type":"article","og_title":"Prohibici\u00f3n de suscribir contratos con el Estado, \u00bfdesigualdad para todos? | Columna de opini\u00f3n, Sebasti\u00e1n Parga - Parga, Montes, Vasseur Labor Lawyers","og_description":"La titular de Salud\u00a0Ximena Aguilera sostuvo la\u00a0existencia de un dictamen de Contralor\u00eda que imped\u00eda comprar servicios a la Cl\u00ednica Las Condes","og_url":"https:\/\/www.pmvabogados.cl\/en\/prohibicion-de-suscribir-contratos-con-el-estado-desigualdad-para-todos\/","og_site_name":"Parga, Montes, Vasseur Labor Lawyers","article_published_time":"2023-06-16T14:53:50+00:00","article_modified_time":"2024-02-15T13:05:19+00:00","author":"Francisca Dominguez","twitter_card":"summary_large_image","twitter_misc":{"Written by":"Francisca Dominguez","Est. reading time":"3 minutes"},"schema":{"@context":"https:\/\/schema.org","@graph":[{"@type":"Article","@id":"https:\/\/www.pmvabogados.cl\/en\/prohibicion-de-suscribir-contratos-con-el-estado-desigualdad-para-todos\/#article","isPartOf":{"@id":"https:\/\/www.pmvabogados.cl\/en\/prohibicion-de-suscribir-contratos-con-el-estado-desigualdad-para-todos\/"},"author":{"name":"Francisca Dominguez","@id":"https:\/\/www.pmvabogados.cl\/en\/#\/schema\/person\/401fd0c9a37d714b31a68493cee1be83"},"headline":"Prohibici\u00f3n de suscribir contratos con el Estado, \u00bfdesigualdad para todos? | Columna de opini\u00f3n, Sebasti\u00e1n Parga","datePublished":"2023-06-16T14:53:50+00:00","dateModified":"2024-02-15T13:05:19+00:00","mainEntityOfPage":{"@id":"https:\/\/www.pmvabogados.cl\/en\/prohibicion-de-suscribir-contratos-con-el-estado-desigualdad-para-todos\/"},"wordCount":690,"commentCount":0,"publisher":{"@id":"https:\/\/www.pmvabogados.cl\/en\/#organization"},"articleSection":["Publicaciones"],"inLanguage":"en-US","potentialAction":[{"@type":"CommentAction","name":"Comment","target":["https:\/\/www.pmvabogados.cl\/en\/prohibicion-de-suscribir-contratos-con-el-estado-desigualdad-para-todos\/#respond"]}]},{"@type":"WebPage","@id":"https:\/\/www.pmvabogados.cl\/en\/prohibicion-de-suscribir-contratos-con-el-estado-desigualdad-para-todos\/","url":"https:\/\/www.pmvabogados.cl\/en\/prohibicion-de-suscribir-contratos-con-el-estado-desigualdad-para-todos\/","name":"Prohibici\u00f3n de suscribir contratos con el Estado, \u00bfdesigualdad para todos? | Columna de opini\u00f3n, Sebasti\u00e1n Parga - Parga, Montes, Vasseur Labor Lawyers","isPartOf":{"@id":"https:\/\/www.pmvabogados.cl\/en\/#website"},"datePublished":"2023-06-16T14:53:50+00:00","dateModified":"2024-02-15T13:05:19+00:00","description":"La titular de Salud\u00a0Ximena Aguilera sostuvo la\u00a0existencia de un dictamen de Contralor\u00eda que imped\u00eda comprar servicios a la Cl\u00ednica Las Condes","breadcrumb":{"@id":"https:\/\/www.pmvabogados.cl\/en\/prohibicion-de-suscribir-contratos-con-el-estado-desigualdad-para-todos\/#breadcrumb"},"inLanguage":"en-US","potentialAction":[{"@type":"ReadAction","target":["https:\/\/www.pmvabogados.cl\/en\/prohibicion-de-suscribir-contratos-con-el-estado-desigualdad-para-todos\/"]}]},{"@type":"BreadcrumbList","@id":"https:\/\/www.pmvabogados.cl\/en\/prohibicion-de-suscribir-contratos-con-el-estado-desigualdad-para-todos\/#breadcrumb","itemListElement":[{"@type":"ListItem","position":1,"name":"Portada","item":"https:\/\/www.pmvabogados.cl\/en\/"},{"@type":"ListItem","position":2,"name":"Prohibici\u00f3n de suscribir contratos con el Estado, \u00bfdesigualdad para todos? | Columna de opini\u00f3n, Sebasti\u00e1n Parga"}]},{"@type":"WebSite","@id":"https:\/\/www.pmvabogados.cl\/en\/#website","url":"https:\/\/www.pmvabogados.cl\/en\/","name":"Parga, Montes, Vasseur Abogados Laborales","description":"Labor Lawyers","publisher":{"@id":"https:\/\/www.pmvabogados.cl\/en\/#organization"},"alternateName":"PMV Abogados","potentialAction":[{"@type":"SearchAction","target":{"@type":"EntryPoint","urlTemplate":"https:\/\/www.pmvabogados.cl\/en\/?s={search_term_string}"},"query-input":"required name=search_term_string"}],"inLanguage":"en-US"},{"@type":"Organization","@id":"https:\/\/www.pmvabogados.cl\/en\/#organization","name":"Parga, Montes, Vasseur Abogados Laborales","alternateName":"PMV Abogados","url":"https:\/\/www.pmvabogados.cl\/en\/","logo":{"@type":"ImageObject","inLanguage":"en-US","@id":"https:\/\/www.pmvabogados.cl\/en\/#\/schema\/logo\/image\/","url":"https:\/\/www.pmvabogados.cl\/wp-content\/uploads\/2023\/03\/Proyecto-nuevo-1.png","contentUrl":"https:\/\/www.pmvabogados.cl\/wp-content\/uploads\/2023\/03\/Proyecto-nuevo-1.png","width":800,"height":800,"caption":"Parga, Montes, Vasseur Abogados Laborales"},"image":{"@id":"https:\/\/www.pmvabogados.cl\/en\/#\/schema\/logo\/image\/"},"sameAs":["https:\/\/www.linkedin.com\/company\/79443714\/admin\/"]},{"@type":"Person","@id":"https:\/\/www.pmvabogados.cl\/en\/#\/schema\/person\/401fd0c9a37d714b31a68493cee1be83","name":"Francisca Dominguez","image":{"@type":"ImageObject","inLanguage":"en-US","@id":"https:\/\/www.pmvabogados.cl\/en\/#\/schema\/person\/image\/","url":"https:\/\/secure.gravatar.com\/avatar\/146a18d2b51b2fff4b4d20a486533567?s=96&d=mm&r=g","contentUrl":"https:\/\/secure.gravatar.com\/avatar\/146a18d2b51b2fff4b4d20a486533567?s=96&d=mm&r=g","caption":"Francisca Dominguez"},"url":"https:\/\/www.pmvabogados.cl\/en\/author\/francisca\/"}]}},"_links":{"self":[{"href":"https:\/\/www.pmvabogados.cl\/en\/wp-json\/wp\/v2\/posts\/1057"}],"collection":[{"href":"https:\/\/www.pmvabogados.cl\/en\/wp-json\/wp\/v2\/posts"}],"about":[{"href":"https:\/\/www.pmvabogados.cl\/en\/wp-json\/wp\/v2\/types\/post"}],"author":[{"embeddable":true,"href":"https:\/\/www.pmvabogados.cl\/en\/wp-json\/wp\/v2\/users\/2"}],"replies":[{"embeddable":true,"href":"https:\/\/www.pmvabogados.cl\/en\/wp-json\/wp\/v2\/comments?post=1057"}],"version-history":[{"count":3,"href":"https:\/\/www.pmvabogados.cl\/en\/wp-json\/wp\/v2\/posts\/1057\/revisions"}],"predecessor-version":[{"id":1680,"href":"https:\/\/www.pmvabogados.cl\/en\/wp-json\/wp\/v2\/posts\/1057\/revisions\/1680"}],"wp:attachment":[{"href":"https:\/\/www.pmvabogados.cl\/en\/wp-json\/wp\/v2\/media?parent=1057"}],"wp:term":[{"taxonomy":"category","embeddable":true,"href":"https:\/\/www.pmvabogados.cl\/en\/wp-json\/wp\/v2\/categories?post=1057"},{"taxonomy":"post_tag","embeddable":true,"href":"https:\/\/www.pmvabogados.cl\/en\/wp-json\/wp\/v2\/tags?post=1057"}],"curies":[{"name":"wp","href":"https:\/\/api.w.org\/{rel}","templated":true}]}}