{"id":1310,"date":"2023-10-25T18:50:49","date_gmt":"2023-10-25T21:50:49","guid":{"rendered":"https:\/\/www.pmvabogados.cl\/?p=1310"},"modified":"2024-02-15T10:10:27","modified_gmt":"2024-02-15T13:10:27","slug":"hay-voluntad-para-salir-del-inmovilismo-laboral","status":"publish","type":"post","link":"https:\/\/www.pmvabogados.cl\/en\/hay-voluntad-para-salir-del-inmovilismo-laboral\/","title":{"rendered":"\u00bfHay voluntad para salir del inmovilismo laboral? | Columna de opini\u00f3n, Sebasti\u00e1n Parga"},"content":{"rendered":"<p>Hace algunas semanas, el Centro UC de Encuestas dio a conocer un alarmante an\u00e1lisis del mercado laboral. Despu\u00e9s de la dram\u00e1tica ca\u00edda del empleo post estadillo y la pandemia, ha habido un repunte parcial que nos sit\u00faa a d\u00edgitos similares a los de 13 a\u00f1os atr\u00e1s (2010), con un d\u00e9ficit de 450 mil empleos. Pero eso no es todo, la Cepal y la OIT han informado que somos el tercer pa\u00eds m\u00e1s rezagado en la recuperaci\u00f3n del empleo (solo por arriba de Panam\u00e1 y Belice) despu\u00e9s de la pandemia.<\/p>\n<p>A esto se suma que el Servicio Nacional de Migraciones inform\u00f3 que el \u00faltimo a\u00f1o ha habido un descenso de los permisos laborales en casi un 60%, dejando en evidencia que Chile dej\u00f3 de ser un pa\u00eds atractivo para buscar un mejor futuro laboral. A su vez, la Direcci\u00f3n del Trabajo, inform\u00f3 que los despidos por necesidades de la empresa han aumentado en un 16% el \u00faltimo a\u00f1o.<\/p>\n<p>Los datos son muy desalentadores. Por otro lado, el estancamiento econ\u00f3mico, la falta de acuerdos pol\u00edticos en seguridad social, el aumento del ingreso m\u00ednimo, la reducci\u00f3n de horas laborales y el proyecto de ley de conciliaci\u00f3n familiar y laboral que est\u00e1 siendo tramitado en el Congreso, sugieren que<br \/>\nlas cifras no mejorar\u00e1n.<\/p>\n<p>Las pol\u00edticas p\u00fablicas en torno al trabajo se han estancado desde el a\u00f1o 2022; sin duda debemos corregir el rumbo.<\/p>\n<p>Muchas de las empresas que han reducido el n\u00famero de trabajadores no volver\u00e1n a emplearlos, por lo que las medidas de reactivaci\u00f3n econ\u00f3mica deben apuntar a nuevas inversiones. Creo que lo primero que debe suceder para que esto se materialice es que el 17 de diciembre se cierre la incertidumbre de la Carta Magna. Sea cual sea el resultado del Plebiscito de la Nueva Constituci\u00f3n, debemos tomarlo como una decisi\u00f3n democr\u00e1tica que nos ayude a avanzar en recuperar la certeza jur\u00eddica perdida desde 2019.<\/p>\n<p>Igualmente, se deben evitar los proyectos de ley y las medidas administrativas que sobrecarguen a\u00fan m\u00e1s el empleo formal. Es algo indesmentible que somos m\u00e1s pobres y tenemos m\u00e1s pobres que hace pocos a\u00f1os. En este contexto, la falta de acuerdo en materia de seguridad social tampoco da para m\u00e1s. Llevamos m\u00e1s de 10 a\u00f1os en esto y los trabajadores, justificadamente, tienen pocos incentivos por el ahorro cuando se plantean ideas extremas en esta materia. Esto \u00fanicamente trae consigo peores pensiones futuras y temores que paralizan inversiones.<\/p>\n<p>El mercado laboral es parte de un todo que est\u00e1 funcionando mal y, como tal, se ve resentido. Mientras los pa\u00edses de Latinoam\u00e9rica avanzan, nosotros estamos inm\u00f3viles. A mi juicio, la clase pol\u00edtica debiera tener una mirada m\u00e1s constructiva y apegada a la realidad. M\u00e1s all\u00e1 de las frases rimbombantes y de las condenas a la polarizaci\u00f3n en otros lugares del mundo, pregunt\u00e9monos si aqu\u00ed, en nuestro pa\u00eds, existe un \u00e1nimo constructivo y la real intenci\u00f3n de buscar el bien com\u00fan. Lo que vemos tan claro para el resto mundo podr\u00edamos partir practic\u00e1ndolo en casa.<\/p>\n<p>Sebasti\u00e1n Parga<br \/>\nSocio <a href=\"https:\/\/www.pmvabogados.cl\/\">Parga, Montes &amp; Vasseur Laborales<\/a><\/p>\n","protected":false},"excerpt":{"rendered":"","protected":false},"author":2,"featured_media":0,"comment_status":"open","ping_status":"open","sticky":false,"template":"","format":"standard","meta":{"inline_featured_image":false,"footnotes":""},"categories":[16],"tags":[],"yoast_head":"<!-- This site is optimized with the Yoast SEO plugin v21.4 - https:\/\/yoast.com\/wordpress\/plugins\/seo\/ -->\n<title>\u00bfHay voluntad para salir del inmovilismo laboral? | Columna de opini\u00f3n, Sebasti\u00e1n Parga - Parga, Montes, Vasseur Labor Lawyers<\/title>\n<meta name=\"robots\" content=\"index, follow, max-snippet:-1, max-image-preview:large, max-video-preview:-1\" \/>\n<link rel=\"canonical\" href=\"https:\/\/www.pmvabogados.cl\/en\/hay-voluntad-para-salir-del-inmovilismo-laboral\/\" \/>\n<meta property=\"og:locale\" content=\"en_US\" \/>\n<meta property=\"og:type\" content=\"article\" \/>\n<meta property=\"og:title\" content=\"\u00bfHay voluntad para salir del inmovilismo laboral? | Columna de opini\u00f3n, Sebasti\u00e1n Parga - Parga, Montes, Vasseur Labor Lawyers\" \/>\n<meta property=\"og:url\" content=\"https:\/\/www.pmvabogados.cl\/en\/hay-voluntad-para-salir-del-inmovilismo-laboral\/\" \/>\n<meta property=\"og:site_name\" content=\"Parga, Montes, Vasseur Labor Lawyers\" \/>\n<meta property=\"article:published_time\" content=\"2023-10-25T21:50:49+00:00\" \/>\n<meta property=\"article:modified_time\" content=\"2024-02-15T13:10:27+00:00\" \/>\n<meta name=\"author\" content=\"Francisca Dominguez\" \/>\n<meta name=\"twitter:card\" content=\"summary_large_image\" \/>\n<meta name=\"twitter:label1\" content=\"Written by\" \/>\n\t<meta name=\"twitter:data1\" content=\"Francisca Dominguez\" \/>\n\t<meta name=\"twitter:label2\" content=\"Est. reading time\" \/>\n\t<meta name=\"twitter:data2\" content=\"3 minutes\" \/>\n<script type=\"application\/ld+json\" class=\"yoast-schema-graph\">{\"@context\":\"https:\/\/schema.org\",\"@graph\":[{\"@type\":\"Article\",\"@id\":\"https:\/\/www.pmvabogados.cl\/en\/hay-voluntad-para-salir-del-inmovilismo-laboral\/#article\",\"isPartOf\":{\"@id\":\"https:\/\/www.pmvabogados.cl\/en\/hay-voluntad-para-salir-del-inmovilismo-laboral\/\"},\"author\":{\"name\":\"Francisca Dominguez\",\"@id\":\"https:\/\/www.pmvabogados.cl\/en\/#\/schema\/person\/401fd0c9a37d714b31a68493cee1be83\"},\"headline\":\"\u00bfHay voluntad para salir del inmovilismo laboral? | Columna de opini\u00f3n, Sebasti\u00e1n Parga\",\"datePublished\":\"2023-10-25T21:50:49+00:00\",\"dateModified\":\"2024-02-15T13:10:27+00:00\",\"mainEntityOfPage\":{\"@id\":\"https:\/\/www.pmvabogados.cl\/en\/hay-voluntad-para-salir-del-inmovilismo-laboral\/\"},\"wordCount\":564,\"commentCount\":0,\"publisher\":{\"@id\":\"https:\/\/www.pmvabogados.cl\/en\/#organization\"},\"articleSection\":[\"Noticias\"],\"inLanguage\":\"en-US\",\"potentialAction\":[{\"@type\":\"CommentAction\",\"name\":\"Comment\",\"target\":[\"https:\/\/www.pmvabogados.cl\/en\/hay-voluntad-para-salir-del-inmovilismo-laboral\/#respond\"]}]},{\"@type\":\"WebPage\",\"@id\":\"https:\/\/www.pmvabogados.cl\/en\/hay-voluntad-para-salir-del-inmovilismo-laboral\/\",\"url\":\"https:\/\/www.pmvabogados.cl\/en\/hay-voluntad-para-salir-del-inmovilismo-laboral\/\",\"name\":\"\u00bfHay voluntad para salir del inmovilismo laboral? | Columna de opini\u00f3n, Sebasti\u00e1n Parga - Parga, Montes, Vasseur Labor Lawyers\",\"isPartOf\":{\"@id\":\"https:\/\/www.pmvabogados.cl\/en\/#website\"},\"datePublished\":\"2023-10-25T21:50:49+00:00\",\"dateModified\":\"2024-02-15T13:10:27+00:00\",\"breadcrumb\":{\"@id\":\"https:\/\/www.pmvabogados.cl\/en\/hay-voluntad-para-salir-del-inmovilismo-laboral\/#breadcrumb\"},\"inLanguage\":\"en-US\",\"potentialAction\":[{\"@type\":\"ReadAction\",\"target\":[\"https:\/\/www.pmvabogados.cl\/en\/hay-voluntad-para-salir-del-inmovilismo-laboral\/\"]}]},{\"@type\":\"BreadcrumbList\",\"@id\":\"https:\/\/www.pmvabogados.cl\/en\/hay-voluntad-para-salir-del-inmovilismo-laboral\/#breadcrumb\",\"itemListElement\":[{\"@type\":\"ListItem\",\"position\":1,\"name\":\"Portada\",\"item\":\"https:\/\/www.pmvabogados.cl\/en\/\"},{\"@type\":\"ListItem\",\"position\":2,\"name\":\"\u00bfHay voluntad para salir del inmovilismo laboral? | Columna de opini\u00f3n, Sebasti\u00e1n Parga\"}]},{\"@type\":\"WebSite\",\"@id\":\"https:\/\/www.pmvabogados.cl\/en\/#website\",\"url\":\"https:\/\/www.pmvabogados.cl\/en\/\",\"name\":\"Parga, Montes, Vasseur Abogados Laborales\",\"description\":\"Labor Lawyers\",\"publisher\":{\"@id\":\"https:\/\/www.pmvabogados.cl\/en\/#organization\"},\"alternateName\":\"PMV Abogados\",\"potentialAction\":[{\"@type\":\"SearchAction\",\"target\":{\"@type\":\"EntryPoint\",\"urlTemplate\":\"https:\/\/www.pmvabogados.cl\/en\/?s={search_term_string}\"},\"query-input\":\"required name=search_term_string\"}],\"inLanguage\":\"en-US\"},{\"@type\":\"Organization\",\"@id\":\"https:\/\/www.pmvabogados.cl\/en\/#organization\",\"name\":\"Parga, Montes, Vasseur Abogados Laborales\",\"alternateName\":\"PMV Abogados\",\"url\":\"https:\/\/www.pmvabogados.cl\/en\/\",\"logo\":{\"@type\":\"ImageObject\",\"inLanguage\":\"en-US\",\"@id\":\"https:\/\/www.pmvabogados.cl\/en\/#\/schema\/logo\/image\/\",\"url\":\"https:\/\/www.pmvabogados.cl\/wp-content\/uploads\/2023\/03\/Proyecto-nuevo-1.png\",\"contentUrl\":\"https:\/\/www.pmvabogados.cl\/wp-content\/uploads\/2023\/03\/Proyecto-nuevo-1.png\",\"width\":800,\"height\":800,\"caption\":\"Parga, Montes, Vasseur Abogados Laborales\"},\"image\":{\"@id\":\"https:\/\/www.pmvabogados.cl\/en\/#\/schema\/logo\/image\/\"},\"sameAs\":[\"https:\/\/www.linkedin.com\/company\/79443714\/admin\/\"]},{\"@type\":\"Person\",\"@id\":\"https:\/\/www.pmvabogados.cl\/en\/#\/schema\/person\/401fd0c9a37d714b31a68493cee1be83\",\"name\":\"Francisca Dominguez\",\"image\":{\"@type\":\"ImageObject\",\"inLanguage\":\"en-US\",\"@id\":\"https:\/\/www.pmvabogados.cl\/en\/#\/schema\/person\/image\/\",\"url\":\"https:\/\/secure.gravatar.com\/avatar\/146a18d2b51b2fff4b4d20a486533567?s=96&d=mm&r=g\",\"contentUrl\":\"https:\/\/secure.gravatar.com\/avatar\/146a18d2b51b2fff4b4d20a486533567?s=96&d=mm&r=g\",\"caption\":\"Francisca Dominguez\"},\"url\":\"https:\/\/www.pmvabogados.cl\/en\/author\/francisca\/\"}]}<\/script>\n<!-- \/ Yoast SEO plugin. -->","yoast_head_json":{"title":"\u00bfHay voluntad para salir del inmovilismo laboral? | Columna de opini\u00f3n, Sebasti\u00e1n Parga - Parga, Montes, Vasseur Labor Lawyers","robots":{"index":"index","follow":"follow","max-snippet":"max-snippet:-1","max-image-preview":"max-image-preview:large","max-video-preview":"max-video-preview:-1"},"canonical":"https:\/\/www.pmvabogados.cl\/en\/hay-voluntad-para-salir-del-inmovilismo-laboral\/","og_locale":"en_US","og_type":"article","og_title":"\u00bfHay voluntad para salir del inmovilismo laboral? | Columna de opini\u00f3n, Sebasti\u00e1n Parga - Parga, Montes, Vasseur Labor Lawyers","og_url":"https:\/\/www.pmvabogados.cl\/en\/hay-voluntad-para-salir-del-inmovilismo-laboral\/","og_site_name":"Parga, Montes, Vasseur Labor Lawyers","article_published_time":"2023-10-25T21:50:49+00:00","article_modified_time":"2024-02-15T13:10:27+00:00","author":"Francisca Dominguez","twitter_card":"summary_large_image","twitter_misc":{"Written by":"Francisca Dominguez","Est. reading time":"3 minutes"},"schema":{"@context":"https:\/\/schema.org","@graph":[{"@type":"Article","@id":"https:\/\/www.pmvabogados.cl\/en\/hay-voluntad-para-salir-del-inmovilismo-laboral\/#article","isPartOf":{"@id":"https:\/\/www.pmvabogados.cl\/en\/hay-voluntad-para-salir-del-inmovilismo-laboral\/"},"author":{"name":"Francisca Dominguez","@id":"https:\/\/www.pmvabogados.cl\/en\/#\/schema\/person\/401fd0c9a37d714b31a68493cee1be83"},"headline":"\u00bfHay voluntad para salir del inmovilismo laboral? | Columna de opini\u00f3n, Sebasti\u00e1n Parga","datePublished":"2023-10-25T21:50:49+00:00","dateModified":"2024-02-15T13:10:27+00:00","mainEntityOfPage":{"@id":"https:\/\/www.pmvabogados.cl\/en\/hay-voluntad-para-salir-del-inmovilismo-laboral\/"},"wordCount":564,"commentCount":0,"publisher":{"@id":"https:\/\/www.pmvabogados.cl\/en\/#organization"},"articleSection":["Noticias"],"inLanguage":"en-US","potentialAction":[{"@type":"CommentAction","name":"Comment","target":["https:\/\/www.pmvabogados.cl\/en\/hay-voluntad-para-salir-del-inmovilismo-laboral\/#respond"]}]},{"@type":"WebPage","@id":"https:\/\/www.pmvabogados.cl\/en\/hay-voluntad-para-salir-del-inmovilismo-laboral\/","url":"https:\/\/www.pmvabogados.cl\/en\/hay-voluntad-para-salir-del-inmovilismo-laboral\/","name":"\u00bfHay voluntad para salir del inmovilismo laboral? | Columna de opini\u00f3n, Sebasti\u00e1n Parga - Parga, Montes, Vasseur Labor Lawyers","isPartOf":{"@id":"https:\/\/www.pmvabogados.cl\/en\/#website"},"datePublished":"2023-10-25T21:50:49+00:00","dateModified":"2024-02-15T13:10:27+00:00","breadcrumb":{"@id":"https:\/\/www.pmvabogados.cl\/en\/hay-voluntad-para-salir-del-inmovilismo-laboral\/#breadcrumb"},"inLanguage":"en-US","potentialAction":[{"@type":"ReadAction","target":["https:\/\/www.pmvabogados.cl\/en\/hay-voluntad-para-salir-del-inmovilismo-laboral\/"]}]},{"@type":"BreadcrumbList","@id":"https:\/\/www.pmvabogados.cl\/en\/hay-voluntad-para-salir-del-inmovilismo-laboral\/#breadcrumb","itemListElement":[{"@type":"ListItem","position":1,"name":"Portada","item":"https:\/\/www.pmvabogados.cl\/en\/"},{"@type":"ListItem","position":2,"name":"\u00bfHay voluntad para salir del inmovilismo laboral? | Columna de opini\u00f3n, Sebasti\u00e1n Parga"}]},{"@type":"WebSite","@id":"https:\/\/www.pmvabogados.cl\/en\/#website","url":"https:\/\/www.pmvabogados.cl\/en\/","name":"Parga, Montes, Vasseur Abogados Laborales","description":"Labor Lawyers","publisher":{"@id":"https:\/\/www.pmvabogados.cl\/en\/#organization"},"alternateName":"PMV Abogados","potentialAction":[{"@type":"SearchAction","target":{"@type":"EntryPoint","urlTemplate":"https:\/\/www.pmvabogados.cl\/en\/?s={search_term_string}"},"query-input":"required name=search_term_string"}],"inLanguage":"en-US"},{"@type":"Organization","@id":"https:\/\/www.pmvabogados.cl\/en\/#organization","name":"Parga, Montes, Vasseur Abogados Laborales","alternateName":"PMV Abogados","url":"https:\/\/www.pmvabogados.cl\/en\/","logo":{"@type":"ImageObject","inLanguage":"en-US","@id":"https:\/\/www.pmvabogados.cl\/en\/#\/schema\/logo\/image\/","url":"https:\/\/www.pmvabogados.cl\/wp-content\/uploads\/2023\/03\/Proyecto-nuevo-1.png","contentUrl":"https:\/\/www.pmvabogados.cl\/wp-content\/uploads\/2023\/03\/Proyecto-nuevo-1.png","width":800,"height":800,"caption":"Parga, Montes, Vasseur Abogados Laborales"},"image":{"@id":"https:\/\/www.pmvabogados.cl\/en\/#\/schema\/logo\/image\/"},"sameAs":["https:\/\/www.linkedin.com\/company\/79443714\/admin\/"]},{"@type":"Person","@id":"https:\/\/www.pmvabogados.cl\/en\/#\/schema\/person\/401fd0c9a37d714b31a68493cee1be83","name":"Francisca Dominguez","image":{"@type":"ImageObject","inLanguage":"en-US","@id":"https:\/\/www.pmvabogados.cl\/en\/#\/schema\/person\/image\/","url":"https:\/\/secure.gravatar.com\/avatar\/146a18d2b51b2fff4b4d20a486533567?s=96&d=mm&r=g","contentUrl":"https:\/\/secure.gravatar.com\/avatar\/146a18d2b51b2fff4b4d20a486533567?s=96&d=mm&r=g","caption":"Francisca Dominguez"},"url":"https:\/\/www.pmvabogados.cl\/en\/author\/francisca\/"}]}},"_links":{"self":[{"href":"https:\/\/www.pmvabogados.cl\/en\/wp-json\/wp\/v2\/posts\/1310"}],"collection":[{"href":"https:\/\/www.pmvabogados.cl\/en\/wp-json\/wp\/v2\/posts"}],"about":[{"href":"https:\/\/www.pmvabogados.cl\/en\/wp-json\/wp\/v2\/types\/post"}],"author":[{"embeddable":true,"href":"https:\/\/www.pmvabogados.cl\/en\/wp-json\/wp\/v2\/users\/2"}],"replies":[{"embeddable":true,"href":"https:\/\/www.pmvabogados.cl\/en\/wp-json\/wp\/v2\/comments?post=1310"}],"version-history":[{"count":2,"href":"https:\/\/www.pmvabogados.cl\/en\/wp-json\/wp\/v2\/posts\/1310\/revisions"}],"predecessor-version":[{"id":1704,"href":"https:\/\/www.pmvabogados.cl\/en\/wp-json\/wp\/v2\/posts\/1310\/revisions\/1704"}],"wp:attachment":[{"href":"https:\/\/www.pmvabogados.cl\/en\/wp-json\/wp\/v2\/media?parent=1310"}],"wp:term":[{"taxonomy":"category","embeddable":true,"href":"https:\/\/www.pmvabogados.cl\/en\/wp-json\/wp\/v2\/categories?post=1310"},{"taxonomy":"post_tag","embeddable":true,"href":"https:\/\/www.pmvabogados.cl\/en\/wp-json\/wp\/v2\/tags?post=1310"}],"curies":[{"name":"wp","href":"https:\/\/api.w.org\/{rel}","templated":true}]}}