{"id":1318,"date":"2023-08-28T20:43:54","date_gmt":"2023-08-28T23:43:54","guid":{"rendered":"https:\/\/www.pmvabogados.cl\/?p=1318"},"modified":"2023-11-07T19:14:56","modified_gmt":"2023-11-07T22:14:56","slug":"modernizacion-de-plataforma-para-emitir-el-certificado-de-cumplimiento-de-obligaciones-laborales-y-previsionales-f30-1","status":"publish","type":"post","link":"https:\/\/www.pmvabogados.cl\/en\/modernizacion-de-plataforma-para-emitir-el-certificado-de-cumplimiento-de-obligaciones-laborales-y-previsionales-f30-1\/","title":{"rendered":"Modernizaci\u00f3n de Plataforma para emitir el Certificado de cumplimiento de obligaciones laborales y previsionales (F30-1)"},"content":{"rendered":"<p>Hoy 28 de agosto, la <a href=\"https:\/\/www.dt.gob.cl\/portal\/1626\/w3-channel.html\">Direcci\u00f3n del Trabajo<\/a> anunci\u00f3 la modernizaci\u00f3n de la plataforma que emite los Certificados de cumplimiento de obligaciones laborales y previsionales, conocido tambi\u00e9n como F30-1, el cual a partir del 30 de agosto se podr\u00e1 solicitar exclusivamente a trav\u00e9s del portal <a href=\"https:\/\/midt.dirtrab.cl\/welcome\">MiDT<\/a> y en la forma que se indica.<\/p>\n<p>\u00bfCu\u00e1l es el cambio que se hizo en la forma de obtenci\u00f3n del certificado?\u00a0\u00bfPor qu\u00e9 es importante? \u00bfPodemos aprovechar esta instancia para realizar algo m\u00e1s en MiDT?<\/p>\n<p>Estas preguntas las contestamos en un nuevo <a href=\"https:\/\/www.pmvabogados.cl\/enfoque\/\">Enfoque Laboral<\/a>.<\/p>\n","protected":false},"excerpt":{"rendered":"","protected":false},"author":2,"featured_media":1215,"comment_status":"open","ping_status":"open","sticky":false,"template":"","format":"standard","meta":{"inline_featured_image":false,"footnotes":""},"categories":[18],"tags":[],"yoast_head":"<!-- This site is optimized with the Yoast SEO plugin v21.4 - https:\/\/yoast.com\/wordpress\/plugins\/seo\/ -->\n<title>Modernizaci\u00f3n de Plataforma para emitir el Certificado de cumplimiento de obligaciones laborales y previsionales (F30-1) - Parga, Montes, Vasseur Labor Lawyers<\/title>\n<meta name=\"description\" content=\"La DT anunci\u00f3 la modernizaci\u00f3n de la plataforma que emite los Certificados de cumplimiento de obligaciones laborales y previsionales\" \/>\n<meta name=\"robots\" content=\"index, follow, max-snippet:-1, max-image-preview:large, max-video-preview:-1\" \/>\n<link rel=\"canonical\" href=\"https:\/\/www.pmvabogados.cl\/en\/modernizacion-de-plataforma-para-emitir-el-certificado-de-cumplimiento-de-obligaciones-laborales-y-previsionales-f30-1\/\" \/>\n<meta property=\"og:locale\" content=\"en_US\" \/>\n<meta property=\"og:type\" content=\"article\" \/>\n<meta property=\"og:title\" content=\"Modernizaci\u00f3n de Plataforma para emitir el Certificado de cumplimiento de obligaciones laborales y previsionales (F30-1) - Parga, Montes, Vasseur Labor Lawyers\" \/>\n<meta property=\"og:description\" content=\"La DT anunci\u00f3 la modernizaci\u00f3n de la plataforma que emite los Certificados de cumplimiento de obligaciones laborales y previsionales\" \/>\n<meta property=\"og:url\" content=\"https:\/\/www.pmvabogados.cl\/en\/modernizacion-de-plataforma-para-emitir-el-certificado-de-cumplimiento-de-obligaciones-laborales-y-previsionales-f30-1\/\" \/>\n<meta property=\"og:site_name\" content=\"Parga, Montes, Vasseur Labor Lawyers\" \/>\n<meta property=\"article:published_time\" content=\"2023-08-28T23:43:54+00:00\" \/>\n<meta property=\"article:modified_time\" content=\"2023-11-07T22:14:56+00:00\" \/>\n<meta property=\"og:image\" content=\"https:\/\/www.pmvabogados.cl\/wp-content\/uploads\/2023\/08\/PMV-Laborales-Modernizacion-de-Plataforma-para-emitir-el-Certificado-de-cumplimiento-de-obligaciones-laborales-y-previsionales-F30-1.png\" \/>\n\t<meta property=\"og:image:width\" content=\"1920\" \/>\n\t<meta property=\"og:image:height\" content=\"1080\" \/>\n\t<meta property=\"og:image:type\" content=\"image\/png\" \/>\n<meta name=\"author\" content=\"Francisca Dominguez\" \/>\n<meta name=\"twitter:card\" content=\"summary_large_image\" \/>\n<meta name=\"twitter:label1\" content=\"Written by\" \/>\n\t<meta name=\"twitter:data1\" content=\"Francisca Dominguez\" \/>\n\t<meta name=\"twitter:label2\" content=\"Est. reading time\" \/>\n\t<meta name=\"twitter:data2\" content=\"1 minute\" \/>\n<script type=\"application\/ld+json\" class=\"yoast-schema-graph\">{\"@context\":\"https:\/\/schema.org\",\"@graph\":[{\"@type\":\"Article\",\"@id\":\"https:\/\/www.pmvabogados.cl\/en\/modernizacion-de-plataforma-para-emitir-el-certificado-de-cumplimiento-de-obligaciones-laborales-y-previsionales-f30-1\/#article\",\"isPartOf\":{\"@id\":\"https:\/\/www.pmvabogados.cl\/en\/modernizacion-de-plataforma-para-emitir-el-certificado-de-cumplimiento-de-obligaciones-laborales-y-previsionales-f30-1\/\"},\"author\":{\"name\":\"Francisca Dominguez\",\"@id\":\"https:\/\/www.pmvabogados.cl\/en\/#\/schema\/person\/401fd0c9a37d714b31a68493cee1be83\"},\"headline\":\"Modernizaci\u00f3n de Plataforma para emitir el Certificado de cumplimiento de obligaciones laborales y previsionales (F30-1)\",\"datePublished\":\"2023-08-28T23:43:54+00:00\",\"dateModified\":\"2023-11-07T22:14:56+00:00\",\"mainEntityOfPage\":{\"@id\":\"https:\/\/www.pmvabogados.cl\/en\/modernizacion-de-plataforma-para-emitir-el-certificado-de-cumplimiento-de-obligaciones-laborales-y-previsionales-f30-1\/\"},\"wordCount\":113,\"commentCount\":0,\"publisher\":{\"@id\":\"https:\/\/www.pmvabogados.cl\/en\/#organization\"},\"articleSection\":[\"insight\"],\"inLanguage\":\"en-US\",\"potentialAction\":[{\"@type\":\"CommentAction\",\"name\":\"Comment\",\"target\":[\"https:\/\/www.pmvabogados.cl\/en\/modernizacion-de-plataforma-para-emitir-el-certificado-de-cumplimiento-de-obligaciones-laborales-y-previsionales-f30-1\/#respond\"]}]},{\"@type\":\"WebPage\",\"@id\":\"https:\/\/www.pmvabogados.cl\/en\/modernizacion-de-plataforma-para-emitir-el-certificado-de-cumplimiento-de-obligaciones-laborales-y-previsionales-f30-1\/\",\"url\":\"https:\/\/www.pmvabogados.cl\/en\/modernizacion-de-plataforma-para-emitir-el-certificado-de-cumplimiento-de-obligaciones-laborales-y-previsionales-f30-1\/\",\"name\":\"Modernizaci\u00f3n de Plataforma para emitir el Certificado de cumplimiento de obligaciones laborales y previsionales (F30-1) - Parga, Montes, Vasseur Labor Lawyers\",\"isPartOf\":{\"@id\":\"https:\/\/www.pmvabogados.cl\/en\/#website\"},\"datePublished\":\"2023-08-28T23:43:54+00:00\",\"dateModified\":\"2023-11-07T22:14:56+00:00\",\"description\":\"La DT anunci\u00f3 la modernizaci\u00f3n de la plataforma que emite los Certificados de cumplimiento de obligaciones laborales y previsionales\",\"breadcrumb\":{\"@id\":\"https:\/\/www.pmvabogados.cl\/en\/modernizacion-de-plataforma-para-emitir-el-certificado-de-cumplimiento-de-obligaciones-laborales-y-previsionales-f30-1\/#breadcrumb\"},\"inLanguage\":\"en-US\",\"potentialAction\":[{\"@type\":\"ReadAction\",\"target\":[\"https:\/\/www.pmvabogados.cl\/en\/modernizacion-de-plataforma-para-emitir-el-certificado-de-cumplimiento-de-obligaciones-laborales-y-previsionales-f30-1\/\"]}]},{\"@type\":\"BreadcrumbList\",\"@id\":\"https:\/\/www.pmvabogados.cl\/en\/modernizacion-de-plataforma-para-emitir-el-certificado-de-cumplimiento-de-obligaciones-laborales-y-previsionales-f30-1\/#breadcrumb\",\"itemListElement\":[{\"@type\":\"ListItem\",\"position\":1,\"name\":\"Portada\",\"item\":\"https:\/\/www.pmvabogados.cl\/en\/\"},{\"@type\":\"ListItem\",\"position\":2,\"name\":\"Modernizaci\u00f3n de Plataforma para emitir el Certificado de cumplimiento de obligaciones laborales y previsionales (F30-1)\"}]},{\"@type\":\"WebSite\",\"@id\":\"https:\/\/www.pmvabogados.cl\/en\/#website\",\"url\":\"https:\/\/www.pmvabogados.cl\/en\/\",\"name\":\"Parga, Montes, Vasseur Abogados Laborales\",\"description\":\"Labor Lawyers\",\"publisher\":{\"@id\":\"https:\/\/www.pmvabogados.cl\/en\/#organization\"},\"alternateName\":\"PMV Abogados\",\"potentialAction\":[{\"@type\":\"SearchAction\",\"target\":{\"@type\":\"EntryPoint\",\"urlTemplate\":\"https:\/\/www.pmvabogados.cl\/en\/?s={search_term_string}\"},\"query-input\":\"required name=search_term_string\"}],\"inLanguage\":\"en-US\"},{\"@type\":\"Organization\",\"@id\":\"https:\/\/www.pmvabogados.cl\/en\/#organization\",\"name\":\"Parga, Montes, Vasseur Abogados Laborales\",\"alternateName\":\"PMV Abogados\",\"url\":\"https:\/\/www.pmvabogados.cl\/en\/\",\"logo\":{\"@type\":\"ImageObject\",\"inLanguage\":\"en-US\",\"@id\":\"https:\/\/www.pmvabogados.cl\/en\/#\/schema\/logo\/image\/\",\"url\":\"https:\/\/www.pmvabogados.cl\/wp-content\/uploads\/2023\/03\/Proyecto-nuevo-1.png\",\"contentUrl\":\"https:\/\/www.pmvabogados.cl\/wp-content\/uploads\/2023\/03\/Proyecto-nuevo-1.png\",\"width\":800,\"height\":800,\"caption\":\"Parga, Montes, Vasseur Abogados Laborales\"},\"image\":{\"@id\":\"https:\/\/www.pmvabogados.cl\/en\/#\/schema\/logo\/image\/\"},\"sameAs\":[\"https:\/\/www.linkedin.com\/company\/79443714\/admin\/\"]},{\"@type\":\"Person\",\"@id\":\"https:\/\/www.pmvabogados.cl\/en\/#\/schema\/person\/401fd0c9a37d714b31a68493cee1be83\",\"name\":\"Francisca Dominguez\",\"image\":{\"@type\":\"ImageObject\",\"inLanguage\":\"en-US\",\"@id\":\"https:\/\/www.pmvabogados.cl\/en\/#\/schema\/person\/image\/\",\"url\":\"https:\/\/secure.gravatar.com\/avatar\/146a18d2b51b2fff4b4d20a486533567?s=96&d=mm&r=g\",\"contentUrl\":\"https:\/\/secure.gravatar.com\/avatar\/146a18d2b51b2fff4b4d20a486533567?s=96&d=mm&r=g\",\"caption\":\"Francisca Dominguez\"},\"url\":\"https:\/\/www.pmvabogados.cl\/en\/author\/francisca\/\"}]}<\/script>\n<!-- \/ Yoast SEO plugin. -->","yoast_head_json":{"title":"Modernizaci\u00f3n de Plataforma para emitir el Certificado de cumplimiento de obligaciones laborales y previsionales (F30-1) - Parga, Montes, Vasseur Labor Lawyers","description":"La DT anunci\u00f3 la modernizaci\u00f3n de la plataforma que emite los Certificados de cumplimiento de obligaciones laborales y previsionales","robots":{"index":"index","follow":"follow","max-snippet":"max-snippet:-1","max-image-preview":"max-image-preview:large","max-video-preview":"max-video-preview:-1"},"canonical":"https:\/\/www.pmvabogados.cl\/en\/modernizacion-de-plataforma-para-emitir-el-certificado-de-cumplimiento-de-obligaciones-laborales-y-previsionales-f30-1\/","og_locale":"en_US","og_type":"article","og_title":"Modernizaci\u00f3n de Plataforma para emitir el Certificado de cumplimiento de obligaciones laborales y previsionales (F30-1) - Parga, Montes, Vasseur Labor Lawyers","og_description":"La DT anunci\u00f3 la modernizaci\u00f3n de la plataforma que emite los Certificados de cumplimiento de obligaciones laborales y previsionales","og_url":"https:\/\/www.pmvabogados.cl\/en\/modernizacion-de-plataforma-para-emitir-el-certificado-de-cumplimiento-de-obligaciones-laborales-y-previsionales-f30-1\/","og_site_name":"Parga, Montes, Vasseur Labor Lawyers","article_published_time":"2023-08-28T23:43:54+00:00","article_modified_time":"2023-11-07T22:14:56+00:00","og_image":[{"width":1920,"height":1080,"url":"https:\/\/www.pmvabogados.cl\/wp-content\/uploads\/2023\/08\/PMV-Laborales-Modernizacion-de-Plataforma-para-emitir-el-Certificado-de-cumplimiento-de-obligaciones-laborales-y-previsionales-F30-1.png","type":"image\/png"}],"author":"Francisca Dominguez","twitter_card":"summary_large_image","twitter_misc":{"Written by":"Francisca Dominguez","Est. reading time":"1 minute"},"schema":{"@context":"https:\/\/schema.org","@graph":[{"@type":"Article","@id":"https:\/\/www.pmvabogados.cl\/en\/modernizacion-de-plataforma-para-emitir-el-certificado-de-cumplimiento-de-obligaciones-laborales-y-previsionales-f30-1\/#article","isPartOf":{"@id":"https:\/\/www.pmvabogados.cl\/en\/modernizacion-de-plataforma-para-emitir-el-certificado-de-cumplimiento-de-obligaciones-laborales-y-previsionales-f30-1\/"},"author":{"name":"Francisca Dominguez","@id":"https:\/\/www.pmvabogados.cl\/en\/#\/schema\/person\/401fd0c9a37d714b31a68493cee1be83"},"headline":"Modernizaci\u00f3n de Plataforma para emitir el Certificado de cumplimiento de obligaciones laborales y previsionales (F30-1)","datePublished":"2023-08-28T23:43:54+00:00","dateModified":"2023-11-07T22:14:56+00:00","mainEntityOfPage":{"@id":"https:\/\/www.pmvabogados.cl\/en\/modernizacion-de-plataforma-para-emitir-el-certificado-de-cumplimiento-de-obligaciones-laborales-y-previsionales-f30-1\/"},"wordCount":113,"commentCount":0,"publisher":{"@id":"https:\/\/www.pmvabogados.cl\/en\/#organization"},"articleSection":["insight"],"inLanguage":"en-US","potentialAction":[{"@type":"CommentAction","name":"Comment","target":["https:\/\/www.pmvabogados.cl\/en\/modernizacion-de-plataforma-para-emitir-el-certificado-de-cumplimiento-de-obligaciones-laborales-y-previsionales-f30-1\/#respond"]}]},{"@type":"WebPage","@id":"https:\/\/www.pmvabogados.cl\/en\/modernizacion-de-plataforma-para-emitir-el-certificado-de-cumplimiento-de-obligaciones-laborales-y-previsionales-f30-1\/","url":"https:\/\/www.pmvabogados.cl\/en\/modernizacion-de-plataforma-para-emitir-el-certificado-de-cumplimiento-de-obligaciones-laborales-y-previsionales-f30-1\/","name":"Modernizaci\u00f3n de Plataforma para emitir el Certificado de cumplimiento de obligaciones laborales y previsionales (F30-1) - Parga, Montes, Vasseur Labor Lawyers","isPartOf":{"@id":"https:\/\/www.pmvabogados.cl\/en\/#website"},"datePublished":"2023-08-28T23:43:54+00:00","dateModified":"2023-11-07T22:14:56+00:00","description":"La DT anunci\u00f3 la modernizaci\u00f3n de la plataforma que emite los Certificados de cumplimiento de obligaciones laborales y previsionales","breadcrumb":{"@id":"https:\/\/www.pmvabogados.cl\/en\/modernizacion-de-plataforma-para-emitir-el-certificado-de-cumplimiento-de-obligaciones-laborales-y-previsionales-f30-1\/#breadcrumb"},"inLanguage":"en-US","potentialAction":[{"@type":"ReadAction","target":["https:\/\/www.pmvabogados.cl\/en\/modernizacion-de-plataforma-para-emitir-el-certificado-de-cumplimiento-de-obligaciones-laborales-y-previsionales-f30-1\/"]}]},{"@type":"BreadcrumbList","@id":"https:\/\/www.pmvabogados.cl\/en\/modernizacion-de-plataforma-para-emitir-el-certificado-de-cumplimiento-de-obligaciones-laborales-y-previsionales-f30-1\/#breadcrumb","itemListElement":[{"@type":"ListItem","position":1,"name":"Portada","item":"https:\/\/www.pmvabogados.cl\/en\/"},{"@type":"ListItem","position":2,"name":"Modernizaci\u00f3n de Plataforma para emitir el Certificado de cumplimiento de obligaciones laborales y previsionales (F30-1)"}]},{"@type":"WebSite","@id":"https:\/\/www.pmvabogados.cl\/en\/#website","url":"https:\/\/www.pmvabogados.cl\/en\/","name":"Parga, Montes, Vasseur Abogados Laborales","description":"Labor Lawyers","publisher":{"@id":"https:\/\/www.pmvabogados.cl\/en\/#organization"},"alternateName":"PMV Abogados","potentialAction":[{"@type":"SearchAction","target":{"@type":"EntryPoint","urlTemplate":"https:\/\/www.pmvabogados.cl\/en\/?s={search_term_string}"},"query-input":"required name=search_term_string"}],"inLanguage":"en-US"},{"@type":"Organization","@id":"https:\/\/www.pmvabogados.cl\/en\/#organization","name":"Parga, Montes, Vasseur Abogados Laborales","alternateName":"PMV Abogados","url":"https:\/\/www.pmvabogados.cl\/en\/","logo":{"@type":"ImageObject","inLanguage":"en-US","@id":"https:\/\/www.pmvabogados.cl\/en\/#\/schema\/logo\/image\/","url":"https:\/\/www.pmvabogados.cl\/wp-content\/uploads\/2023\/03\/Proyecto-nuevo-1.png","contentUrl":"https:\/\/www.pmvabogados.cl\/wp-content\/uploads\/2023\/03\/Proyecto-nuevo-1.png","width":800,"height":800,"caption":"Parga, Montes, Vasseur Abogados Laborales"},"image":{"@id":"https:\/\/www.pmvabogados.cl\/en\/#\/schema\/logo\/image\/"},"sameAs":["https:\/\/www.linkedin.com\/company\/79443714\/admin\/"]},{"@type":"Person","@id":"https:\/\/www.pmvabogados.cl\/en\/#\/schema\/person\/401fd0c9a37d714b31a68493cee1be83","name":"Francisca Dominguez","image":{"@type":"ImageObject","inLanguage":"en-US","@id":"https:\/\/www.pmvabogados.cl\/en\/#\/schema\/person\/image\/","url":"https:\/\/secure.gravatar.com\/avatar\/146a18d2b51b2fff4b4d20a486533567?s=96&d=mm&r=g","contentUrl":"https:\/\/secure.gravatar.com\/avatar\/146a18d2b51b2fff4b4d20a486533567?s=96&d=mm&r=g","caption":"Francisca Dominguez"},"url":"https:\/\/www.pmvabogados.cl\/en\/author\/francisca\/"}]}},"_links":{"self":[{"href":"https:\/\/www.pmvabogados.cl\/en\/wp-json\/wp\/v2\/posts\/1318"}],"collection":[{"href":"https:\/\/www.pmvabogados.cl\/en\/wp-json\/wp\/v2\/posts"}],"about":[{"href":"https:\/\/www.pmvabogados.cl\/en\/wp-json\/wp\/v2\/types\/post"}],"author":[{"embeddable":true,"href":"https:\/\/www.pmvabogados.cl\/en\/wp-json\/wp\/v2\/users\/2"}],"replies":[{"embeddable":true,"href":"https:\/\/www.pmvabogados.cl\/en\/wp-json\/wp\/v2\/comments?post=1318"}],"version-history":[{"count":1,"href":"https:\/\/www.pmvabogados.cl\/en\/wp-json\/wp\/v2\/posts\/1318\/revisions"}],"predecessor-version":[{"id":1319,"href":"https:\/\/www.pmvabogados.cl\/en\/wp-json\/wp\/v2\/posts\/1318\/revisions\/1319"}],"wp:featuredmedia":[{"embeddable":true,"href":"https:\/\/www.pmvabogados.cl\/en\/wp-json\/wp\/v2\/media\/1215"}],"wp:attachment":[{"href":"https:\/\/www.pmvabogados.cl\/en\/wp-json\/wp\/v2\/media?parent=1318"}],"wp:term":[{"taxonomy":"category","embeddable":true,"href":"https:\/\/www.pmvabogados.cl\/en\/wp-json\/wp\/v2\/categories?post=1318"},{"taxonomy":"post_tag","embeddable":true,"href":"https:\/\/www.pmvabogados.cl\/en\/wp-json\/wp\/v2\/tags?post=1318"}],"curies":[{"name":"wp","href":"https:\/\/api.w.org\/{rel}","templated":true}]}}