{"id":1381,"date":"2022-06-03T15:54:03","date_gmt":"2022-06-03T18:54:03","guid":{"rendered":"https:\/\/www.pmvabogados.cl\/?p=1381"},"modified":"2023-11-07T20:02:29","modified_gmt":"2023-11-07T23:02:29","slug":"normas-transitorias-sobre-el-derecho-del-trabajo-en-la-convencion-constitucional","status":"publish","type":"post","link":"https:\/\/www.pmvabogados.cl\/en\/normas-transitorias-sobre-el-derecho-del-trabajo-en-la-convencion-constitucional\/","title":{"rendered":"Normas transitorias sobre el Derecho del Trabajo en la Convenci\u00f3n Constitucional"},"content":{"rendered":"<p>La Convenci\u00f3n Constitucional plante\u00f3 ciertas normas relacionadas con el <a href=\"https:\/\/dt.gob.cl\/portal\/1628\/w3-propertyvalue-82327.html\">Derecho del Trabajo<\/a>, mediante las cuales define los plazos para presentar un proyecto de ley sobre nuevos preceptos constitucionales, en caso de aprobarse el plebiscito de salida del 4 de septiembre.<\/p>\n<p>Las materias abordadas fueron: Derecho al trabajo y su protecci\u00f3n; Derecho al cuidado y reconocimiento del trabajo dom\u00e9stico y de cuidado no remunerado; y Derecho a la negociaci\u00f3n colectiva, huelga y libertad sindical.<\/p>\n<p>Para conocer el plazo y el articulado de cada una de estas normas, te invitamos a revisar nuestro <a href=\"https:\/\/www.pmvabogados.cl\/enfoque\/\">Enfoque Laboral<\/a> (click en la imagen).<\/p>\n","protected":false},"excerpt":{"rendered":"","protected":false},"author":2,"featured_media":276,"comment_status":"open","ping_status":"open","sticky":false,"template":"","format":"standard","meta":{"inline_featured_image":false,"footnotes":""},"categories":[18],"tags":[],"yoast_head":"<!-- This site is optimized with the Yoast SEO plugin v21.4 - https:\/\/yoast.com\/wordpress\/plugins\/seo\/ -->\n<title>Normas transitorias sobre el Derecho del Trabajo en la Convenci\u00f3n Constitucional - Parga, Montes, Vasseur Labor Lawyers<\/title>\n<meta name=\"description\" content=\"Enfoque Laboral PMV | La Convenci\u00f3n Constitucional plante\u00f3 ciertas normas relacionadas con el Derecho del Trabajo\" \/>\n<meta name=\"robots\" content=\"index, follow, max-snippet:-1, max-image-preview:large, max-video-preview:-1\" \/>\n<link rel=\"canonical\" href=\"https:\/\/www.pmvabogados.cl\/en\/normas-transitorias-sobre-el-derecho-del-trabajo-en-la-convencion-constitucional\/\" \/>\n<meta property=\"og:locale\" content=\"en_US\" \/>\n<meta property=\"og:type\" content=\"article\" \/>\n<meta property=\"og:title\" content=\"Normas transitorias sobre el Derecho del Trabajo en la Convenci\u00f3n Constitucional - Parga, Montes, Vasseur Labor Lawyers\" \/>\n<meta property=\"og:description\" content=\"Enfoque Laboral PMV | La Convenci\u00f3n Constitucional plante\u00f3 ciertas normas relacionadas con el Derecho del Trabajo\" \/>\n<meta property=\"og:url\" content=\"https:\/\/www.pmvabogados.cl\/en\/normas-transitorias-sobre-el-derecho-del-trabajo-en-la-convencion-constitucional\/\" \/>\n<meta property=\"og:site_name\" content=\"Parga, Montes, Vasseur Labor Lawyers\" \/>\n<meta property=\"article:published_time\" content=\"2022-06-03T18:54:03+00:00\" \/>\n<meta property=\"article:modified_time\" content=\"2023-11-07T23:02:29+00:00\" \/>\n<meta property=\"og:image\" content=\"https:\/\/mail.pmvabogados.cl\/wp-content\/uploads\/2022\/06\/normas-scaled.jpg\" \/>\n\t<meta property=\"og:image:width\" content=\"2560\" \/>\n\t<meta property=\"og:image:height\" content=\"1442\" \/>\n\t<meta property=\"og:image:type\" content=\"image\/jpeg\" \/>\n<meta name=\"author\" content=\"Francisca Dominguez\" \/>\n<meta name=\"twitter:card\" content=\"summary_large_image\" \/>\n<meta name=\"twitter:label1\" content=\"Written by\" \/>\n\t<meta name=\"twitter:data1\" content=\"Francisca Dominguez\" \/>\n\t<meta name=\"twitter:label2\" content=\"Est. reading time\" \/>\n\t<meta name=\"twitter:data2\" content=\"1 minute\" \/>\n<script type=\"application\/ld+json\" class=\"yoast-schema-graph\">{\"@context\":\"https:\/\/schema.org\",\"@graph\":[{\"@type\":\"Article\",\"@id\":\"https:\/\/www.pmvabogados.cl\/en\/normas-transitorias-sobre-el-derecho-del-trabajo-en-la-convencion-constitucional\/#article\",\"isPartOf\":{\"@id\":\"https:\/\/www.pmvabogados.cl\/en\/normas-transitorias-sobre-el-derecho-del-trabajo-en-la-convencion-constitucional\/\"},\"author\":{\"name\":\"Francisca Dominguez\",\"@id\":\"https:\/\/www.pmvabogados.cl\/en\/#\/schema\/person\/401fd0c9a37d714b31a68493cee1be83\"},\"headline\":\"Normas transitorias sobre el Derecho del Trabajo en la Convenci\u00f3n Constitucional\",\"datePublished\":\"2022-06-03T18:54:03+00:00\",\"dateModified\":\"2023-11-07T23:02:29+00:00\",\"mainEntityOfPage\":{\"@id\":\"https:\/\/www.pmvabogados.cl\/en\/normas-transitorias-sobre-el-derecho-del-trabajo-en-la-convencion-constitucional\/\"},\"wordCount\":112,\"commentCount\":0,\"publisher\":{\"@id\":\"https:\/\/www.pmvabogados.cl\/en\/#organization\"},\"articleSection\":[\"insight\"],\"inLanguage\":\"en-US\",\"potentialAction\":[{\"@type\":\"CommentAction\",\"name\":\"Comment\",\"target\":[\"https:\/\/www.pmvabogados.cl\/en\/normas-transitorias-sobre-el-derecho-del-trabajo-en-la-convencion-constitucional\/#respond\"]}]},{\"@type\":\"WebPage\",\"@id\":\"https:\/\/www.pmvabogados.cl\/en\/normas-transitorias-sobre-el-derecho-del-trabajo-en-la-convencion-constitucional\/\",\"url\":\"https:\/\/www.pmvabogados.cl\/en\/normas-transitorias-sobre-el-derecho-del-trabajo-en-la-convencion-constitucional\/\",\"name\":\"Normas transitorias sobre el Derecho del Trabajo en la Convenci\u00f3n Constitucional - Parga, Montes, Vasseur Labor Lawyers\",\"isPartOf\":{\"@id\":\"https:\/\/www.pmvabogados.cl\/en\/#website\"},\"datePublished\":\"2022-06-03T18:54:03+00:00\",\"dateModified\":\"2023-11-07T23:02:29+00:00\",\"description\":\"Enfoque Laboral PMV | La Convenci\u00f3n Constitucional plante\u00f3 ciertas normas relacionadas con el Derecho del Trabajo\",\"breadcrumb\":{\"@id\":\"https:\/\/www.pmvabogados.cl\/en\/normas-transitorias-sobre-el-derecho-del-trabajo-en-la-convencion-constitucional\/#breadcrumb\"},\"inLanguage\":\"en-US\",\"potentialAction\":[{\"@type\":\"ReadAction\",\"target\":[\"https:\/\/www.pmvabogados.cl\/en\/normas-transitorias-sobre-el-derecho-del-trabajo-en-la-convencion-constitucional\/\"]}]},{\"@type\":\"BreadcrumbList\",\"@id\":\"https:\/\/www.pmvabogados.cl\/en\/normas-transitorias-sobre-el-derecho-del-trabajo-en-la-convencion-constitucional\/#breadcrumb\",\"itemListElement\":[{\"@type\":\"ListItem\",\"position\":1,\"name\":\"Portada\",\"item\":\"https:\/\/www.pmvabogados.cl\/en\/\"},{\"@type\":\"ListItem\",\"position\":2,\"name\":\"Normas transitorias sobre el Derecho del Trabajo en la Convenci\u00f3n Constitucional\"}]},{\"@type\":\"WebSite\",\"@id\":\"https:\/\/www.pmvabogados.cl\/en\/#website\",\"url\":\"https:\/\/www.pmvabogados.cl\/en\/\",\"name\":\"Parga, Montes, Vasseur Abogados Laborales\",\"description\":\"Labor Lawyers\",\"publisher\":{\"@id\":\"https:\/\/www.pmvabogados.cl\/en\/#organization\"},\"alternateName\":\"PMV Abogados\",\"potentialAction\":[{\"@type\":\"SearchAction\",\"target\":{\"@type\":\"EntryPoint\",\"urlTemplate\":\"https:\/\/www.pmvabogados.cl\/en\/?s={search_term_string}\"},\"query-input\":\"required name=search_term_string\"}],\"inLanguage\":\"en-US\"},{\"@type\":\"Organization\",\"@id\":\"https:\/\/www.pmvabogados.cl\/en\/#organization\",\"name\":\"Parga, Montes, Vasseur Abogados Laborales\",\"alternateName\":\"PMV Abogados\",\"url\":\"https:\/\/www.pmvabogados.cl\/en\/\",\"logo\":{\"@type\":\"ImageObject\",\"inLanguage\":\"en-US\",\"@id\":\"https:\/\/www.pmvabogados.cl\/en\/#\/schema\/logo\/image\/\",\"url\":\"https:\/\/www.pmvabogados.cl\/wp-content\/uploads\/2023\/03\/Proyecto-nuevo-1.png\",\"contentUrl\":\"https:\/\/www.pmvabogados.cl\/wp-content\/uploads\/2023\/03\/Proyecto-nuevo-1.png\",\"width\":800,\"height\":800,\"caption\":\"Parga, Montes, Vasseur Abogados Laborales\"},\"image\":{\"@id\":\"https:\/\/www.pmvabogados.cl\/en\/#\/schema\/logo\/image\/\"},\"sameAs\":[\"https:\/\/www.linkedin.com\/company\/79443714\/admin\/\"]},{\"@type\":\"Person\",\"@id\":\"https:\/\/www.pmvabogados.cl\/en\/#\/schema\/person\/401fd0c9a37d714b31a68493cee1be83\",\"name\":\"Francisca Dominguez\",\"image\":{\"@type\":\"ImageObject\",\"inLanguage\":\"en-US\",\"@id\":\"https:\/\/www.pmvabogados.cl\/en\/#\/schema\/person\/image\/\",\"url\":\"https:\/\/secure.gravatar.com\/avatar\/146a18d2b51b2fff4b4d20a486533567?s=96&d=mm&r=g\",\"contentUrl\":\"https:\/\/secure.gravatar.com\/avatar\/146a18d2b51b2fff4b4d20a486533567?s=96&d=mm&r=g\",\"caption\":\"Francisca Dominguez\"},\"url\":\"https:\/\/www.pmvabogados.cl\/en\/author\/francisca\/\"}]}<\/script>\n<!-- \/ Yoast SEO plugin. -->","yoast_head_json":{"title":"Normas transitorias sobre el Derecho del Trabajo en la Convenci\u00f3n Constitucional - Parga, Montes, Vasseur Labor Lawyers","description":"Enfoque Laboral PMV | La Convenci\u00f3n Constitucional plante\u00f3 ciertas normas relacionadas con el Derecho del Trabajo","robots":{"index":"index","follow":"follow","max-snippet":"max-snippet:-1","max-image-preview":"max-image-preview:large","max-video-preview":"max-video-preview:-1"},"canonical":"https:\/\/www.pmvabogados.cl\/en\/normas-transitorias-sobre-el-derecho-del-trabajo-en-la-convencion-constitucional\/","og_locale":"en_US","og_type":"article","og_title":"Normas transitorias sobre el Derecho del Trabajo en la Convenci\u00f3n Constitucional - Parga, Montes, Vasseur Labor Lawyers","og_description":"Enfoque Laboral PMV | La Convenci\u00f3n Constitucional plante\u00f3 ciertas normas relacionadas con el Derecho del Trabajo","og_url":"https:\/\/www.pmvabogados.cl\/en\/normas-transitorias-sobre-el-derecho-del-trabajo-en-la-convencion-constitucional\/","og_site_name":"Parga, Montes, Vasseur Labor Lawyers","article_published_time":"2022-06-03T18:54:03+00:00","article_modified_time":"2023-11-07T23:02:29+00:00","og_image":[{"width":2560,"height":1442,"url":"https:\/\/mail.pmvabogados.cl\/wp-content\/uploads\/2022\/06\/normas-scaled.jpg","type":"image\/jpeg"}],"author":"Francisca Dominguez","twitter_card":"summary_large_image","twitter_misc":{"Written by":"Francisca Dominguez","Est. reading time":"1 minute"},"schema":{"@context":"https:\/\/schema.org","@graph":[{"@type":"Article","@id":"https:\/\/www.pmvabogados.cl\/en\/normas-transitorias-sobre-el-derecho-del-trabajo-en-la-convencion-constitucional\/#article","isPartOf":{"@id":"https:\/\/www.pmvabogados.cl\/en\/normas-transitorias-sobre-el-derecho-del-trabajo-en-la-convencion-constitucional\/"},"author":{"name":"Francisca Dominguez","@id":"https:\/\/www.pmvabogados.cl\/en\/#\/schema\/person\/401fd0c9a37d714b31a68493cee1be83"},"headline":"Normas transitorias sobre el Derecho del Trabajo en la Convenci\u00f3n Constitucional","datePublished":"2022-06-03T18:54:03+00:00","dateModified":"2023-11-07T23:02:29+00:00","mainEntityOfPage":{"@id":"https:\/\/www.pmvabogados.cl\/en\/normas-transitorias-sobre-el-derecho-del-trabajo-en-la-convencion-constitucional\/"},"wordCount":112,"commentCount":0,"publisher":{"@id":"https:\/\/www.pmvabogados.cl\/en\/#organization"},"articleSection":["insight"],"inLanguage":"en-US","potentialAction":[{"@type":"CommentAction","name":"Comment","target":["https:\/\/www.pmvabogados.cl\/en\/normas-transitorias-sobre-el-derecho-del-trabajo-en-la-convencion-constitucional\/#respond"]}]},{"@type":"WebPage","@id":"https:\/\/www.pmvabogados.cl\/en\/normas-transitorias-sobre-el-derecho-del-trabajo-en-la-convencion-constitucional\/","url":"https:\/\/www.pmvabogados.cl\/en\/normas-transitorias-sobre-el-derecho-del-trabajo-en-la-convencion-constitucional\/","name":"Normas transitorias sobre el Derecho del Trabajo en la Convenci\u00f3n Constitucional - Parga, Montes, Vasseur Labor Lawyers","isPartOf":{"@id":"https:\/\/www.pmvabogados.cl\/en\/#website"},"datePublished":"2022-06-03T18:54:03+00:00","dateModified":"2023-11-07T23:02:29+00:00","description":"Enfoque Laboral PMV | La Convenci\u00f3n Constitucional plante\u00f3 ciertas normas relacionadas con el Derecho del Trabajo","breadcrumb":{"@id":"https:\/\/www.pmvabogados.cl\/en\/normas-transitorias-sobre-el-derecho-del-trabajo-en-la-convencion-constitucional\/#breadcrumb"},"inLanguage":"en-US","potentialAction":[{"@type":"ReadAction","target":["https:\/\/www.pmvabogados.cl\/en\/normas-transitorias-sobre-el-derecho-del-trabajo-en-la-convencion-constitucional\/"]}]},{"@type":"BreadcrumbList","@id":"https:\/\/www.pmvabogados.cl\/en\/normas-transitorias-sobre-el-derecho-del-trabajo-en-la-convencion-constitucional\/#breadcrumb","itemListElement":[{"@type":"ListItem","position":1,"name":"Portada","item":"https:\/\/www.pmvabogados.cl\/en\/"},{"@type":"ListItem","position":2,"name":"Normas transitorias sobre el Derecho del Trabajo en la Convenci\u00f3n Constitucional"}]},{"@type":"WebSite","@id":"https:\/\/www.pmvabogados.cl\/en\/#website","url":"https:\/\/www.pmvabogados.cl\/en\/","name":"Parga, Montes, Vasseur Abogados Laborales","description":"Labor Lawyers","publisher":{"@id":"https:\/\/www.pmvabogados.cl\/en\/#organization"},"alternateName":"PMV Abogados","potentialAction":[{"@type":"SearchAction","target":{"@type":"EntryPoint","urlTemplate":"https:\/\/www.pmvabogados.cl\/en\/?s={search_term_string}"},"query-input":"required name=search_term_string"}],"inLanguage":"en-US"},{"@type":"Organization","@id":"https:\/\/www.pmvabogados.cl\/en\/#organization","name":"Parga, Montes, Vasseur Abogados Laborales","alternateName":"PMV Abogados","url":"https:\/\/www.pmvabogados.cl\/en\/","logo":{"@type":"ImageObject","inLanguage":"en-US","@id":"https:\/\/www.pmvabogados.cl\/en\/#\/schema\/logo\/image\/","url":"https:\/\/www.pmvabogados.cl\/wp-content\/uploads\/2023\/03\/Proyecto-nuevo-1.png","contentUrl":"https:\/\/www.pmvabogados.cl\/wp-content\/uploads\/2023\/03\/Proyecto-nuevo-1.png","width":800,"height":800,"caption":"Parga, Montes, Vasseur Abogados Laborales"},"image":{"@id":"https:\/\/www.pmvabogados.cl\/en\/#\/schema\/logo\/image\/"},"sameAs":["https:\/\/www.linkedin.com\/company\/79443714\/admin\/"]},{"@type":"Person","@id":"https:\/\/www.pmvabogados.cl\/en\/#\/schema\/person\/401fd0c9a37d714b31a68493cee1be83","name":"Francisca Dominguez","image":{"@type":"ImageObject","inLanguage":"en-US","@id":"https:\/\/www.pmvabogados.cl\/en\/#\/schema\/person\/image\/","url":"https:\/\/secure.gravatar.com\/avatar\/146a18d2b51b2fff4b4d20a486533567?s=96&d=mm&r=g","contentUrl":"https:\/\/secure.gravatar.com\/avatar\/146a18d2b51b2fff4b4d20a486533567?s=96&d=mm&r=g","caption":"Francisca Dominguez"},"url":"https:\/\/www.pmvabogados.cl\/en\/author\/francisca\/"}]}},"_links":{"self":[{"href":"https:\/\/www.pmvabogados.cl\/en\/wp-json\/wp\/v2\/posts\/1381"}],"collection":[{"href":"https:\/\/www.pmvabogados.cl\/en\/wp-json\/wp\/v2\/posts"}],"about":[{"href":"https:\/\/www.pmvabogados.cl\/en\/wp-json\/wp\/v2\/types\/post"}],"author":[{"embeddable":true,"href":"https:\/\/www.pmvabogados.cl\/en\/wp-json\/wp\/v2\/users\/2"}],"replies":[{"embeddable":true,"href":"https:\/\/www.pmvabogados.cl\/en\/wp-json\/wp\/v2\/comments?post=1381"}],"version-history":[{"count":1,"href":"https:\/\/www.pmvabogados.cl\/en\/wp-json\/wp\/v2\/posts\/1381\/revisions"}],"predecessor-version":[{"id":1383,"href":"https:\/\/www.pmvabogados.cl\/en\/wp-json\/wp\/v2\/posts\/1381\/revisions\/1383"}],"wp:featuredmedia":[{"embeddable":true,"href":"https:\/\/www.pmvabogados.cl\/en\/wp-json\/wp\/v2\/media\/276"}],"wp:attachment":[{"href":"https:\/\/www.pmvabogados.cl\/en\/wp-json\/wp\/v2\/media?parent=1381"}],"wp:term":[{"taxonomy":"category","embeddable":true,"href":"https:\/\/www.pmvabogados.cl\/en\/wp-json\/wp\/v2\/categories?post=1381"},{"taxonomy":"post_tag","embeddable":true,"href":"https:\/\/www.pmvabogados.cl\/en\/wp-json\/wp\/v2\/tags?post=1381"}],"curies":[{"name":"wp","href":"https:\/\/api.w.org\/{rel}","templated":true}]}}