{"id":1392,"date":"2023-11-08T10:48:00","date_gmt":"2023-11-08T13:48:00","guid":{"rendered":"https:\/\/www.pmvabogados.cl\/?p=1392"},"modified":"2024-02-15T10:10:18","modified_gmt":"2024-02-15T13:10:18","slug":"un-mundo-en-redes","status":"publish","type":"post","link":"https:\/\/www.pmvabogados.cl\/en\/un-mundo-en-redes\/","title":{"rendered":"Un mundo en redes | Columna de opini\u00f3n, Sebasti\u00e1n Parga"},"content":{"rendered":"<p>C\u00f3mo supervisar en estos tiempos la productividad de los empleados es un tema que est\u00e1 poni\u00e9ndose candente ante las exigencias impuestas por normativas internacionales sobre protecci\u00f3n de datos como los est\u00e1ndares GDPR europeos, aplicables a empresas europeas fuera del continente.<\/p>\n<p>Tambi\u00e9n est\u00e1n siendo observadas con lupa -y puestas a prueba- las estrategias de comunicaci\u00f3n interna en tiempos de redes sociales. En Espa\u00f1a, un trabajador se sali\u00f3 del grupo de WhatsApp que su empresa usaba para enviar las mallas de turnos de trabajo y para que cada empleado reportara la realizaci\u00f3n de sus funciones. El trabajador manifest\u00f3 estar cansado del control efectuado v\u00eda WhatsApp, se neg\u00f3 a volver al grupo, y fue despedido.<\/p>\n<p>\u00bfPuede, en Chile, una empresa exigir a un trabajador que use WhatsApp y permanezca en un chat? En estricto rigor, no, salvo que las partes hayan acordado tal modalidad en un anexo de contrato. Tambi\u00e9n se podr\u00eda v\u00e1lidamente acordar que su correo personal, su tel\u00e9fono o una aplicaci\u00f3n como forma de comunicaci\u00f3n v\u00e1lida y exigible. De esta manera, si el trabajador se niega a utilizar el medio de comunicaci\u00f3n acordado -Slack, Zoom, Teams, WhatsApp u otros-, puede ser amonestado o incluso sancionado con el despido si ello reviste gravedad.<\/p>\n<p>Esa es una sanci\u00f3n aplicable en teor\u00eda. En la pr\u00e1ctica, las cosas se desdibujan tanto para los empleadores como para los trabajadores. El uso de una aplicaci\u00f3n de mensajer\u00eda o de productividad como medio de comunicaci\u00f3n corporativa debe considerar algunas caracter\u00edsticas propias de las redes sociales. Efectivamente, es posible que haya un tono que puede ser (muy) informal con gifs y emojis de por medio, puede haber discriminaci\u00f3n y, est\u00e1 claro, se mezclan a veces contenidos laborales con los extralaborales. Por otra parte, el respeto de los descansos tambi\u00e9n tiene una delgada l\u00ednea cuando, fuera de la jornada, algunos de los participantes env\u00edan informaci\u00f3n laboral o simplemente opiniones de cosas que est\u00e1n sucediendo. Sin embargo, estas formas de comunicaci\u00f3n, que a veces facilitan el trabajo en equipo, podr\u00edan a su vez considerarse como acoso del empleador o -quiz\u00e1s lo m\u00e1s habitual- indiferencia corporativa, ante el derecho a los tiempos de descanso, entre otras materias.<\/p>\n<p>El desinter\u00e9s corporativo, la pasividad o la omisi\u00f3n en estas plataformas, han sido considerados elementos vulneradores de derechos fundamentales. En una reciente sentencia, tribunales laborales determinaron que el silencio de un trabajador en un chat corporativo no constituy\u00f3 necesariamente que este \u00faltimo haya aceptado o tolerado el contenido de los mensajes.<\/p>\n<p>La comunicaci\u00f3n por mensajer\u00eda instant\u00e1nea y de plataformas digitales tiene un sinf\u00edn de ventajas, pero generan desaf\u00edos respecto de la protecci\u00f3n de los derechos de los trabajadores. Un a\u00fan incipiente n\u00famero de empresas ha comenzado a implementar c\u00f3digos de uso de estas herramientas, lo que permite capacitar, informar, para luego exigir ciertos l\u00edmites y definir responsabilidades. Tener protocolos en esta materia es una oportunidad para que empresas y trabajadores mantengan o mejoren su buen clima laboral.<\/p>\n<p>Sebasti\u00e1n Parga<br \/>\nSocio <a href=\"https:\/\/www.pmvabogados.cl\/\">Parga, Montes &amp; Vasseur Laborales<\/a><\/p>\n","protected":false},"excerpt":{"rendered":"","protected":false},"author":2,"featured_media":0,"comment_status":"open","ping_status":"open","sticky":false,"template":"","format":"standard","meta":{"inline_featured_image":false,"footnotes":""},"categories":[4],"tags":[],"yoast_head":"<!-- This site is optimized with the Yoast SEO plugin v21.4 - https:\/\/yoast.com\/wordpress\/plugins\/seo\/ -->\n<title>Un mundo en redes | Columna de opini\u00f3n, Sebasti\u00e1n Parga - Parga, Montes, Vasseur Labor Lawyers<\/title>\n<meta name=\"description\" content=\"C\u00f3mo supervisar en estos tiempos la productividad de los empleados es un tema que est\u00e1 poni\u00e9ndose candente ante las exigencias impuestas\" \/>\n<meta name=\"robots\" content=\"index, follow, max-snippet:-1, max-image-preview:large, max-video-preview:-1\" \/>\n<link rel=\"canonical\" href=\"https:\/\/www.pmvabogados.cl\/en\/un-mundo-en-redes\/\" \/>\n<meta property=\"og:locale\" content=\"en_US\" \/>\n<meta property=\"og:type\" content=\"article\" \/>\n<meta property=\"og:title\" content=\"Un mundo en redes | Columna de opini\u00f3n, Sebasti\u00e1n Parga - Parga, Montes, Vasseur Labor Lawyers\" \/>\n<meta property=\"og:description\" content=\"C\u00f3mo supervisar en estos tiempos la productividad de los empleados es un tema que est\u00e1 poni\u00e9ndose candente ante las exigencias impuestas\" \/>\n<meta property=\"og:url\" content=\"https:\/\/www.pmvabogados.cl\/en\/un-mundo-en-redes\/\" \/>\n<meta property=\"og:site_name\" content=\"Parga, Montes, Vasseur Labor Lawyers\" \/>\n<meta property=\"article:published_time\" content=\"2023-11-08T13:48:00+00:00\" \/>\n<meta property=\"article:modified_time\" content=\"2024-02-15T13:10:18+00:00\" \/>\n<meta name=\"author\" content=\"Francisca Dominguez\" \/>\n<meta name=\"twitter:card\" content=\"summary_large_image\" \/>\n<meta name=\"twitter:label1\" content=\"Written by\" \/>\n\t<meta name=\"twitter:data1\" content=\"Francisca Dominguez\" \/>\n\t<meta name=\"twitter:label2\" content=\"Est. reading time\" \/>\n\t<meta name=\"twitter:data2\" content=\"3 minutes\" \/>\n<script type=\"application\/ld+json\" class=\"yoast-schema-graph\">{\"@context\":\"https:\/\/schema.org\",\"@graph\":[{\"@type\":\"Article\",\"@id\":\"https:\/\/www.pmvabogados.cl\/en\/un-mundo-en-redes\/#article\",\"isPartOf\":{\"@id\":\"https:\/\/www.pmvabogados.cl\/en\/un-mundo-en-redes\/\"},\"author\":{\"name\":\"Francisca Dominguez\",\"@id\":\"https:\/\/www.pmvabogados.cl\/en\/#\/schema\/person\/401fd0c9a37d714b31a68493cee1be83\"},\"headline\":\"Un mundo en redes | Columna de opini\u00f3n, Sebasti\u00e1n Parga\",\"datePublished\":\"2023-11-08T13:48:00+00:00\",\"dateModified\":\"2024-02-15T13:10:18+00:00\",\"mainEntityOfPage\":{\"@id\":\"https:\/\/www.pmvabogados.cl\/en\/un-mundo-en-redes\/\"},\"wordCount\":549,\"commentCount\":0,\"publisher\":{\"@id\":\"https:\/\/www.pmvabogados.cl\/en\/#organization\"},\"articleSection\":[\"Publicaciones\"],\"inLanguage\":\"en-US\",\"potentialAction\":[{\"@type\":\"CommentAction\",\"name\":\"Comment\",\"target\":[\"https:\/\/www.pmvabogados.cl\/en\/un-mundo-en-redes\/#respond\"]}]},{\"@type\":\"WebPage\",\"@id\":\"https:\/\/www.pmvabogados.cl\/en\/un-mundo-en-redes\/\",\"url\":\"https:\/\/www.pmvabogados.cl\/en\/un-mundo-en-redes\/\",\"name\":\"Un mundo en redes | Columna de opini\u00f3n, Sebasti\u00e1n Parga - Parga, Montes, Vasseur Labor Lawyers\",\"isPartOf\":{\"@id\":\"https:\/\/www.pmvabogados.cl\/en\/#website\"},\"datePublished\":\"2023-11-08T13:48:00+00:00\",\"dateModified\":\"2024-02-15T13:10:18+00:00\",\"description\":\"C\u00f3mo supervisar en estos tiempos la productividad de los empleados es un tema que est\u00e1 poni\u00e9ndose candente ante las exigencias impuestas\",\"breadcrumb\":{\"@id\":\"https:\/\/www.pmvabogados.cl\/en\/un-mundo-en-redes\/#breadcrumb\"},\"inLanguage\":\"en-US\",\"potentialAction\":[{\"@type\":\"ReadAction\",\"target\":[\"https:\/\/www.pmvabogados.cl\/en\/un-mundo-en-redes\/\"]}]},{\"@type\":\"BreadcrumbList\",\"@id\":\"https:\/\/www.pmvabogados.cl\/en\/un-mundo-en-redes\/#breadcrumb\",\"itemListElement\":[{\"@type\":\"ListItem\",\"position\":1,\"name\":\"Portada\",\"item\":\"https:\/\/www.pmvabogados.cl\/en\/\"},{\"@type\":\"ListItem\",\"position\":2,\"name\":\"Un mundo en redes | Columna de opini\u00f3n, Sebasti\u00e1n Parga\"}]},{\"@type\":\"WebSite\",\"@id\":\"https:\/\/www.pmvabogados.cl\/en\/#website\",\"url\":\"https:\/\/www.pmvabogados.cl\/en\/\",\"name\":\"Parga, Montes, Vasseur Abogados Laborales\",\"description\":\"Labor Lawyers\",\"publisher\":{\"@id\":\"https:\/\/www.pmvabogados.cl\/en\/#organization\"},\"alternateName\":\"PMV Abogados\",\"potentialAction\":[{\"@type\":\"SearchAction\",\"target\":{\"@type\":\"EntryPoint\",\"urlTemplate\":\"https:\/\/www.pmvabogados.cl\/en\/?s={search_term_string}\"},\"query-input\":\"required name=search_term_string\"}],\"inLanguage\":\"en-US\"},{\"@type\":\"Organization\",\"@id\":\"https:\/\/www.pmvabogados.cl\/en\/#organization\",\"name\":\"Parga, Montes, Vasseur Abogados Laborales\",\"alternateName\":\"PMV Abogados\",\"url\":\"https:\/\/www.pmvabogados.cl\/en\/\",\"logo\":{\"@type\":\"ImageObject\",\"inLanguage\":\"en-US\",\"@id\":\"https:\/\/www.pmvabogados.cl\/en\/#\/schema\/logo\/image\/\",\"url\":\"https:\/\/www.pmvabogados.cl\/wp-content\/uploads\/2023\/03\/Proyecto-nuevo-1.png\",\"contentUrl\":\"https:\/\/www.pmvabogados.cl\/wp-content\/uploads\/2023\/03\/Proyecto-nuevo-1.png\",\"width\":800,\"height\":800,\"caption\":\"Parga, Montes, Vasseur Abogados Laborales\"},\"image\":{\"@id\":\"https:\/\/www.pmvabogados.cl\/en\/#\/schema\/logo\/image\/\"},\"sameAs\":[\"https:\/\/www.linkedin.com\/company\/79443714\/admin\/\"]},{\"@type\":\"Person\",\"@id\":\"https:\/\/www.pmvabogados.cl\/en\/#\/schema\/person\/401fd0c9a37d714b31a68493cee1be83\",\"name\":\"Francisca Dominguez\",\"image\":{\"@type\":\"ImageObject\",\"inLanguage\":\"en-US\",\"@id\":\"https:\/\/www.pmvabogados.cl\/en\/#\/schema\/person\/image\/\",\"url\":\"https:\/\/secure.gravatar.com\/avatar\/146a18d2b51b2fff4b4d20a486533567?s=96&d=mm&r=g\",\"contentUrl\":\"https:\/\/secure.gravatar.com\/avatar\/146a18d2b51b2fff4b4d20a486533567?s=96&d=mm&r=g\",\"caption\":\"Francisca Dominguez\"},\"url\":\"https:\/\/www.pmvabogados.cl\/en\/author\/francisca\/\"}]}<\/script>\n<!-- \/ Yoast SEO plugin. -->","yoast_head_json":{"title":"Un mundo en redes | Columna de opini\u00f3n, Sebasti\u00e1n Parga - Parga, Montes, Vasseur Labor Lawyers","description":"C\u00f3mo supervisar en estos tiempos la productividad de los empleados es un tema que est\u00e1 poni\u00e9ndose candente ante las exigencias impuestas","robots":{"index":"index","follow":"follow","max-snippet":"max-snippet:-1","max-image-preview":"max-image-preview:large","max-video-preview":"max-video-preview:-1"},"canonical":"https:\/\/www.pmvabogados.cl\/en\/un-mundo-en-redes\/","og_locale":"en_US","og_type":"article","og_title":"Un mundo en redes | Columna de opini\u00f3n, Sebasti\u00e1n Parga - Parga, Montes, Vasseur Labor Lawyers","og_description":"C\u00f3mo supervisar en estos tiempos la productividad de los empleados es un tema que est\u00e1 poni\u00e9ndose candente ante las exigencias impuestas","og_url":"https:\/\/www.pmvabogados.cl\/en\/un-mundo-en-redes\/","og_site_name":"Parga, Montes, Vasseur Labor Lawyers","article_published_time":"2023-11-08T13:48:00+00:00","article_modified_time":"2024-02-15T13:10:18+00:00","author":"Francisca Dominguez","twitter_card":"summary_large_image","twitter_misc":{"Written by":"Francisca Dominguez","Est. reading time":"3 minutes"},"schema":{"@context":"https:\/\/schema.org","@graph":[{"@type":"Article","@id":"https:\/\/www.pmvabogados.cl\/en\/un-mundo-en-redes\/#article","isPartOf":{"@id":"https:\/\/www.pmvabogados.cl\/en\/un-mundo-en-redes\/"},"author":{"name":"Francisca Dominguez","@id":"https:\/\/www.pmvabogados.cl\/en\/#\/schema\/person\/401fd0c9a37d714b31a68493cee1be83"},"headline":"Un mundo en redes | Columna de opini\u00f3n, Sebasti\u00e1n Parga","datePublished":"2023-11-08T13:48:00+00:00","dateModified":"2024-02-15T13:10:18+00:00","mainEntityOfPage":{"@id":"https:\/\/www.pmvabogados.cl\/en\/un-mundo-en-redes\/"},"wordCount":549,"commentCount":0,"publisher":{"@id":"https:\/\/www.pmvabogados.cl\/en\/#organization"},"articleSection":["Publicaciones"],"inLanguage":"en-US","potentialAction":[{"@type":"CommentAction","name":"Comment","target":["https:\/\/www.pmvabogados.cl\/en\/un-mundo-en-redes\/#respond"]}]},{"@type":"WebPage","@id":"https:\/\/www.pmvabogados.cl\/en\/un-mundo-en-redes\/","url":"https:\/\/www.pmvabogados.cl\/en\/un-mundo-en-redes\/","name":"Un mundo en redes | Columna de opini\u00f3n, Sebasti\u00e1n Parga - Parga, Montes, Vasseur Labor Lawyers","isPartOf":{"@id":"https:\/\/www.pmvabogados.cl\/en\/#website"},"datePublished":"2023-11-08T13:48:00+00:00","dateModified":"2024-02-15T13:10:18+00:00","description":"C\u00f3mo supervisar en estos tiempos la productividad de los empleados es un tema que est\u00e1 poni\u00e9ndose candente ante las exigencias impuestas","breadcrumb":{"@id":"https:\/\/www.pmvabogados.cl\/en\/un-mundo-en-redes\/#breadcrumb"},"inLanguage":"en-US","potentialAction":[{"@type":"ReadAction","target":["https:\/\/www.pmvabogados.cl\/en\/un-mundo-en-redes\/"]}]},{"@type":"BreadcrumbList","@id":"https:\/\/www.pmvabogados.cl\/en\/un-mundo-en-redes\/#breadcrumb","itemListElement":[{"@type":"ListItem","position":1,"name":"Portada","item":"https:\/\/www.pmvabogados.cl\/en\/"},{"@type":"ListItem","position":2,"name":"Un mundo en redes | Columna de opini\u00f3n, Sebasti\u00e1n Parga"}]},{"@type":"WebSite","@id":"https:\/\/www.pmvabogados.cl\/en\/#website","url":"https:\/\/www.pmvabogados.cl\/en\/","name":"Parga, Montes, Vasseur Abogados Laborales","description":"Labor Lawyers","publisher":{"@id":"https:\/\/www.pmvabogados.cl\/en\/#organization"},"alternateName":"PMV Abogados","potentialAction":[{"@type":"SearchAction","target":{"@type":"EntryPoint","urlTemplate":"https:\/\/www.pmvabogados.cl\/en\/?s={search_term_string}"},"query-input":"required name=search_term_string"}],"inLanguage":"en-US"},{"@type":"Organization","@id":"https:\/\/www.pmvabogados.cl\/en\/#organization","name":"Parga, Montes, Vasseur Abogados Laborales","alternateName":"PMV Abogados","url":"https:\/\/www.pmvabogados.cl\/en\/","logo":{"@type":"ImageObject","inLanguage":"en-US","@id":"https:\/\/www.pmvabogados.cl\/en\/#\/schema\/logo\/image\/","url":"https:\/\/www.pmvabogados.cl\/wp-content\/uploads\/2023\/03\/Proyecto-nuevo-1.png","contentUrl":"https:\/\/www.pmvabogados.cl\/wp-content\/uploads\/2023\/03\/Proyecto-nuevo-1.png","width":800,"height":800,"caption":"Parga, Montes, Vasseur Abogados Laborales"},"image":{"@id":"https:\/\/www.pmvabogados.cl\/en\/#\/schema\/logo\/image\/"},"sameAs":["https:\/\/www.linkedin.com\/company\/79443714\/admin\/"]},{"@type":"Person","@id":"https:\/\/www.pmvabogados.cl\/en\/#\/schema\/person\/401fd0c9a37d714b31a68493cee1be83","name":"Francisca Dominguez","image":{"@type":"ImageObject","inLanguage":"en-US","@id":"https:\/\/www.pmvabogados.cl\/en\/#\/schema\/person\/image\/","url":"https:\/\/secure.gravatar.com\/avatar\/146a18d2b51b2fff4b4d20a486533567?s=96&d=mm&r=g","contentUrl":"https:\/\/secure.gravatar.com\/avatar\/146a18d2b51b2fff4b4d20a486533567?s=96&d=mm&r=g","caption":"Francisca Dominguez"},"url":"https:\/\/www.pmvabogados.cl\/en\/author\/francisca\/"}]}},"_links":{"self":[{"href":"https:\/\/www.pmvabogados.cl\/en\/wp-json\/wp\/v2\/posts\/1392"}],"collection":[{"href":"https:\/\/www.pmvabogados.cl\/en\/wp-json\/wp\/v2\/posts"}],"about":[{"href":"https:\/\/www.pmvabogados.cl\/en\/wp-json\/wp\/v2\/types\/post"}],"author":[{"embeddable":true,"href":"https:\/\/www.pmvabogados.cl\/en\/wp-json\/wp\/v2\/users\/2"}],"replies":[{"embeddable":true,"href":"https:\/\/www.pmvabogados.cl\/en\/wp-json\/wp\/v2\/comments?post=1392"}],"version-history":[{"count":3,"href":"https:\/\/www.pmvabogados.cl\/en\/wp-json\/wp\/v2\/posts\/1392\/revisions"}],"predecessor-version":[{"id":1703,"href":"https:\/\/www.pmvabogados.cl\/en\/wp-json\/wp\/v2\/posts\/1392\/revisions\/1703"}],"wp:attachment":[{"href":"https:\/\/www.pmvabogados.cl\/en\/wp-json\/wp\/v2\/media?parent=1392"}],"wp:term":[{"taxonomy":"category","embeddable":true,"href":"https:\/\/www.pmvabogados.cl\/en\/wp-json\/wp\/v2\/categories?post=1392"},{"taxonomy":"post_tag","embeddable":true,"href":"https:\/\/www.pmvabogados.cl\/en\/wp-json\/wp\/v2\/tags?post=1392"}],"curies":[{"name":"wp","href":"https:\/\/api.w.org\/{rel}","templated":true}]}}