{"id":1405,"date":"2023-06-05T17:26:48","date_gmt":"2023-06-05T20:26:48","guid":{"rendered":"https:\/\/www.pmvabogados.cl\/?p=1405"},"modified":"2024-02-15T10:05:34","modified_gmt":"2024-02-15T13:05:34","slug":"una-mirada-a-la-implementacion-del-nuevo-imm","status":"publish","type":"post","link":"https:\/\/www.pmvabogados.cl\/en\/una-mirada-a-la-implementacion-del-nuevo-imm\/","title":{"rendered":"Una mirada a la implementaci\u00f3n del nuevo IMM | Columna de opini\u00f3n, Felipe Maldonado"},"content":{"rendered":"<p>Con la publicaci\u00f3n de la ley 21.578, cuyo objetivo es elevar progresivamente el Ingreso M\u00ednimo Mensual (IMM), a contar del 1 de mayo de 2023, nuevamente las empresas se ven enfrentadas a la retroactividad de la ley en materia de salario m\u00ednimo.<\/p>\n<p>En concreto, las incidencias han tenido relaci\u00f3n con el pago de gratificaciones legales y en caso de no generarse reajustes podr\u00eda afectar en la opci\u00f3n del art\u00edculo 50 del C\u00f3digo del Trabajo, que la gran mayor\u00eda de las empresas adapta como mecanismo de pago. A su vez, el reajuste incide en el pago de cotizaciones previsionales, puesto que los sistemas de pago, como PREVIRED no estar\u00edan actualizados en los valores a la fecha de pago, pues de no concretar el reajuste podr\u00eda llevar a sanciones en extremo, como la nulidad de despido.<\/p>\n<p>Si bien a\u00fan no existe un pronunciamiento de parte de la Direcci\u00f3n del Trabajo sobre los efectos de la retroactividad de la dictada ley, debemos tener en cuenta los pronunciamientos de los \u00faltimos a\u00f1os, que han determinado c\u00f3mo proceder con los reajustes salariales, ordenando que cada vez que se produzca una alteraci\u00f3n en el ingreso m\u00ednimo mensual, el empleador estar\u00e1 obligado a garantizar que los aludidos sueldos base se ajusten a los nuevos montos fijados por tales conceptos. Pienso que, frente a una nueva interpretaci\u00f3n, la autoridad laboral continuar\u00e1 aplicando la misma doctrina que ha definido, es decir, proceder en la reliquidaci\u00f3n de las diferencias producidas como consecuencia de los reajustes de ingreso m\u00ednimo mensual, pagando la diferencia de lo pagado al mes siguiente.<\/p>\n<p>En esta oportunidad, la retroactividad en la aplicaci\u00f3n del nuevo salario m\u00ednimo corresponder\u00e1 solo al mes de mayo, de ah\u00ed en adelante pareciere ser simple el reajuste para los meses siguientes. Sin embargo, creo que no estamos exentos que vuelvan a proceder reajustes salariales que impliquen la retroactividad de m\u00e1s per\u00edodos.<\/p>\n<p>Cualquiera sea el caso, debemos tener en cuenta las infracciones que pudiesen cometer las empresas por el hecho de no realizar las modificaciones que mandata la ley, que no solo implican sanciones del orden administrativo-laboral, sino que tambi\u00e9n debemos considerar que actualmente el gobierno se encuentra en proceso de modificar la ley 20.393, que establece la responsabilidad penal de las personas jur\u00eddicas. En dicho sentido lo que busca el proyecto de ley es incorporar al cat\u00e1logo de delitos econ\u00f3micos, la penalizaci\u00f3n de aquellos empleadores que realicen pagos de remuneraciones desproporcionadas e inferiores a los del ingreso m\u00ednimo mensual.<\/p>\n<p>Por \u00faltimo, indicar que no son menores los prop\u00f3sitos que busca esta ley y que su esp\u00edritu es incrementar gradualmente el ingreso m\u00ednimo mensual, llegando a $500.000 en julio de 2024. Esto, sumado de la mano de la implementaci\u00f3n gradual de la jornada laboral de 40 horas, sit\u00faa a las empresas en una serie de desaf\u00edos que nos llevan a cuestionarnos qu\u00e9 suceder\u00e1 con la eficiencia y productividad laboral en una econom\u00eda que a\u00fan no logra su plena estabilidad. De esta manera, cabe preguntarse si \u00bfpodr\u00e1n las empresas cumplir con estos derechos y obligaciones?<\/p>\n<p><strong>*<a href=\"https:\/\/www.linkedin.com\/in\/felipemaldonadopereira\/\">Felipe Maldonado<\/a>.<\/strong>\u00a0Abogado. <a href=\"https:\/\/www.pmvabogados.cl\/\">Parga, Montes &amp; Vasseur Laborales.<\/a><\/p>\n","protected":false},"excerpt":{"rendered":"","protected":false},"author":2,"featured_media":0,"comment_status":"open","ping_status":"open","sticky":false,"template":"","format":"standard","meta":{"inline_featured_image":false,"footnotes":""},"categories":[4],"tags":[],"yoast_head":"<!-- This site is optimized with the Yoast SEO plugin v21.4 - https:\/\/yoast.com\/wordpress\/plugins\/seo\/ -->\n<title>Una mirada a la implementaci\u00f3n del nuevo IMM | Columna de opini\u00f3n, Felipe Maldonado - Parga, Montes, Vasseur Labor Lawyers<\/title>\n<meta name=\"description\" content=\"Con la publicaci\u00f3n de la ley 21.578, cuyo objetivo es elevar progresivamente el Ingreso M\u00ednimo Mensual (IMM)\" \/>\n<meta name=\"robots\" content=\"index, follow, max-snippet:-1, max-image-preview:large, max-video-preview:-1\" \/>\n<link rel=\"canonical\" href=\"https:\/\/www.pmvabogados.cl\/en\/una-mirada-a-la-implementacion-del-nuevo-imm\/\" \/>\n<meta property=\"og:locale\" content=\"en_US\" \/>\n<meta property=\"og:type\" content=\"article\" \/>\n<meta property=\"og:title\" content=\"Una mirada a la implementaci\u00f3n del nuevo IMM | Columna de opini\u00f3n, Felipe Maldonado - Parga, Montes, Vasseur Labor Lawyers\" \/>\n<meta property=\"og:description\" content=\"Con la publicaci\u00f3n de la ley 21.578, cuyo objetivo es elevar progresivamente el Ingreso M\u00ednimo Mensual (IMM)\" \/>\n<meta property=\"og:url\" content=\"https:\/\/www.pmvabogados.cl\/en\/una-mirada-a-la-implementacion-del-nuevo-imm\/\" \/>\n<meta property=\"og:site_name\" content=\"Parga, Montes, Vasseur Labor Lawyers\" \/>\n<meta property=\"article:published_time\" content=\"2023-06-05T20:26:48+00:00\" \/>\n<meta property=\"article:modified_time\" content=\"2024-02-15T13:05:34+00:00\" \/>\n<meta name=\"author\" content=\"Francisca Dominguez\" \/>\n<meta name=\"twitter:card\" content=\"summary_large_image\" \/>\n<meta name=\"twitter:label1\" content=\"Written by\" \/>\n\t<meta name=\"twitter:data1\" content=\"Francisca Dominguez\" \/>\n\t<meta name=\"twitter:label2\" content=\"Est. reading time\" \/>\n\t<meta name=\"twitter:data2\" content=\"3 minutes\" \/>\n<script type=\"application\/ld+json\" class=\"yoast-schema-graph\">{\"@context\":\"https:\/\/schema.org\",\"@graph\":[{\"@type\":\"Article\",\"@id\":\"https:\/\/www.pmvabogados.cl\/en\/una-mirada-a-la-implementacion-del-nuevo-imm\/#article\",\"isPartOf\":{\"@id\":\"https:\/\/www.pmvabogados.cl\/en\/una-mirada-a-la-implementacion-del-nuevo-imm\/\"},\"author\":{\"name\":\"Francisca Dominguez\",\"@id\":\"https:\/\/www.pmvabogados.cl\/en\/#\/schema\/person\/401fd0c9a37d714b31a68493cee1be83\"},\"headline\":\"Una mirada a la implementaci\u00f3n del nuevo IMM | Columna de opini\u00f3n, Felipe Maldonado\",\"datePublished\":\"2023-06-05T20:26:48+00:00\",\"dateModified\":\"2024-02-15T13:05:34+00:00\",\"mainEntityOfPage\":{\"@id\":\"https:\/\/www.pmvabogados.cl\/en\/una-mirada-a-la-implementacion-del-nuevo-imm\/\"},\"wordCount\":555,\"commentCount\":0,\"publisher\":{\"@id\":\"https:\/\/www.pmvabogados.cl\/en\/#organization\"},\"articleSection\":[\"Publicaciones\"],\"inLanguage\":\"en-US\",\"potentialAction\":[{\"@type\":\"CommentAction\",\"name\":\"Comment\",\"target\":[\"https:\/\/www.pmvabogados.cl\/en\/una-mirada-a-la-implementacion-del-nuevo-imm\/#respond\"]}]},{\"@type\":\"WebPage\",\"@id\":\"https:\/\/www.pmvabogados.cl\/en\/una-mirada-a-la-implementacion-del-nuevo-imm\/\",\"url\":\"https:\/\/www.pmvabogados.cl\/en\/una-mirada-a-la-implementacion-del-nuevo-imm\/\",\"name\":\"Una mirada a la implementaci\u00f3n del nuevo IMM | Columna de opini\u00f3n, Felipe Maldonado - Parga, Montes, Vasseur Labor Lawyers\",\"isPartOf\":{\"@id\":\"https:\/\/www.pmvabogados.cl\/en\/#website\"},\"datePublished\":\"2023-06-05T20:26:48+00:00\",\"dateModified\":\"2024-02-15T13:05:34+00:00\",\"description\":\"Con la publicaci\u00f3n de la ley 21.578, cuyo objetivo es elevar progresivamente el Ingreso M\u00ednimo Mensual (IMM)\",\"breadcrumb\":{\"@id\":\"https:\/\/www.pmvabogados.cl\/en\/una-mirada-a-la-implementacion-del-nuevo-imm\/#breadcrumb\"},\"inLanguage\":\"en-US\",\"potentialAction\":[{\"@type\":\"ReadAction\",\"target\":[\"https:\/\/www.pmvabogados.cl\/en\/una-mirada-a-la-implementacion-del-nuevo-imm\/\"]}]},{\"@type\":\"BreadcrumbList\",\"@id\":\"https:\/\/www.pmvabogados.cl\/en\/una-mirada-a-la-implementacion-del-nuevo-imm\/#breadcrumb\",\"itemListElement\":[{\"@type\":\"ListItem\",\"position\":1,\"name\":\"Portada\",\"item\":\"https:\/\/www.pmvabogados.cl\/en\/\"},{\"@type\":\"ListItem\",\"position\":2,\"name\":\"Una mirada a la implementaci\u00f3n del nuevo IMM | Columna de opini\u00f3n, Felipe Maldonado\"}]},{\"@type\":\"WebSite\",\"@id\":\"https:\/\/www.pmvabogados.cl\/en\/#website\",\"url\":\"https:\/\/www.pmvabogados.cl\/en\/\",\"name\":\"Parga, Montes, Vasseur Abogados Laborales\",\"description\":\"Labor Lawyers\",\"publisher\":{\"@id\":\"https:\/\/www.pmvabogados.cl\/en\/#organization\"},\"alternateName\":\"PMV Abogados\",\"potentialAction\":[{\"@type\":\"SearchAction\",\"target\":{\"@type\":\"EntryPoint\",\"urlTemplate\":\"https:\/\/www.pmvabogados.cl\/en\/?s={search_term_string}\"},\"query-input\":\"required name=search_term_string\"}],\"inLanguage\":\"en-US\"},{\"@type\":\"Organization\",\"@id\":\"https:\/\/www.pmvabogados.cl\/en\/#organization\",\"name\":\"Parga, Montes, Vasseur Abogados Laborales\",\"alternateName\":\"PMV Abogados\",\"url\":\"https:\/\/www.pmvabogados.cl\/en\/\",\"logo\":{\"@type\":\"ImageObject\",\"inLanguage\":\"en-US\",\"@id\":\"https:\/\/www.pmvabogados.cl\/en\/#\/schema\/logo\/image\/\",\"url\":\"https:\/\/www.pmvabogados.cl\/wp-content\/uploads\/2023\/03\/Proyecto-nuevo-1.png\",\"contentUrl\":\"https:\/\/www.pmvabogados.cl\/wp-content\/uploads\/2023\/03\/Proyecto-nuevo-1.png\",\"width\":800,\"height\":800,\"caption\":\"Parga, Montes, Vasseur Abogados Laborales\"},\"image\":{\"@id\":\"https:\/\/www.pmvabogados.cl\/en\/#\/schema\/logo\/image\/\"},\"sameAs\":[\"https:\/\/www.linkedin.com\/company\/79443714\/admin\/\"]},{\"@type\":\"Person\",\"@id\":\"https:\/\/www.pmvabogados.cl\/en\/#\/schema\/person\/401fd0c9a37d714b31a68493cee1be83\",\"name\":\"Francisca Dominguez\",\"image\":{\"@type\":\"ImageObject\",\"inLanguage\":\"en-US\",\"@id\":\"https:\/\/www.pmvabogados.cl\/en\/#\/schema\/person\/image\/\",\"url\":\"https:\/\/secure.gravatar.com\/avatar\/146a18d2b51b2fff4b4d20a486533567?s=96&d=mm&r=g\",\"contentUrl\":\"https:\/\/secure.gravatar.com\/avatar\/146a18d2b51b2fff4b4d20a486533567?s=96&d=mm&r=g\",\"caption\":\"Francisca Dominguez\"},\"url\":\"https:\/\/www.pmvabogados.cl\/en\/author\/francisca\/\"}]}<\/script>\n<!-- \/ Yoast SEO plugin. -->","yoast_head_json":{"title":"Una mirada a la implementaci\u00f3n del nuevo IMM | Columna de opini\u00f3n, Felipe Maldonado - Parga, Montes, Vasseur Labor Lawyers","description":"Con la publicaci\u00f3n de la ley 21.578, cuyo objetivo es elevar progresivamente el Ingreso M\u00ednimo Mensual (IMM)","robots":{"index":"index","follow":"follow","max-snippet":"max-snippet:-1","max-image-preview":"max-image-preview:large","max-video-preview":"max-video-preview:-1"},"canonical":"https:\/\/www.pmvabogados.cl\/en\/una-mirada-a-la-implementacion-del-nuevo-imm\/","og_locale":"en_US","og_type":"article","og_title":"Una mirada a la implementaci\u00f3n del nuevo IMM | Columna de opini\u00f3n, Felipe Maldonado - Parga, Montes, Vasseur Labor Lawyers","og_description":"Con la publicaci\u00f3n de la ley 21.578, cuyo objetivo es elevar progresivamente el Ingreso M\u00ednimo Mensual (IMM)","og_url":"https:\/\/www.pmvabogados.cl\/en\/una-mirada-a-la-implementacion-del-nuevo-imm\/","og_site_name":"Parga, Montes, Vasseur Labor Lawyers","article_published_time":"2023-06-05T20:26:48+00:00","article_modified_time":"2024-02-15T13:05:34+00:00","author":"Francisca Dominguez","twitter_card":"summary_large_image","twitter_misc":{"Written by":"Francisca Dominguez","Est. reading time":"3 minutes"},"schema":{"@context":"https:\/\/schema.org","@graph":[{"@type":"Article","@id":"https:\/\/www.pmvabogados.cl\/en\/una-mirada-a-la-implementacion-del-nuevo-imm\/#article","isPartOf":{"@id":"https:\/\/www.pmvabogados.cl\/en\/una-mirada-a-la-implementacion-del-nuevo-imm\/"},"author":{"name":"Francisca Dominguez","@id":"https:\/\/www.pmvabogados.cl\/en\/#\/schema\/person\/401fd0c9a37d714b31a68493cee1be83"},"headline":"Una mirada a la implementaci\u00f3n del nuevo IMM | Columna de opini\u00f3n, Felipe Maldonado","datePublished":"2023-06-05T20:26:48+00:00","dateModified":"2024-02-15T13:05:34+00:00","mainEntityOfPage":{"@id":"https:\/\/www.pmvabogados.cl\/en\/una-mirada-a-la-implementacion-del-nuevo-imm\/"},"wordCount":555,"commentCount":0,"publisher":{"@id":"https:\/\/www.pmvabogados.cl\/en\/#organization"},"articleSection":["Publicaciones"],"inLanguage":"en-US","potentialAction":[{"@type":"CommentAction","name":"Comment","target":["https:\/\/www.pmvabogados.cl\/en\/una-mirada-a-la-implementacion-del-nuevo-imm\/#respond"]}]},{"@type":"WebPage","@id":"https:\/\/www.pmvabogados.cl\/en\/una-mirada-a-la-implementacion-del-nuevo-imm\/","url":"https:\/\/www.pmvabogados.cl\/en\/una-mirada-a-la-implementacion-del-nuevo-imm\/","name":"Una mirada a la implementaci\u00f3n del nuevo IMM | Columna de opini\u00f3n, Felipe Maldonado - Parga, Montes, Vasseur Labor Lawyers","isPartOf":{"@id":"https:\/\/www.pmvabogados.cl\/en\/#website"},"datePublished":"2023-06-05T20:26:48+00:00","dateModified":"2024-02-15T13:05:34+00:00","description":"Con la publicaci\u00f3n de la ley 21.578, cuyo objetivo es elevar progresivamente el Ingreso M\u00ednimo Mensual (IMM)","breadcrumb":{"@id":"https:\/\/www.pmvabogados.cl\/en\/una-mirada-a-la-implementacion-del-nuevo-imm\/#breadcrumb"},"inLanguage":"en-US","potentialAction":[{"@type":"ReadAction","target":["https:\/\/www.pmvabogados.cl\/en\/una-mirada-a-la-implementacion-del-nuevo-imm\/"]}]},{"@type":"BreadcrumbList","@id":"https:\/\/www.pmvabogados.cl\/en\/una-mirada-a-la-implementacion-del-nuevo-imm\/#breadcrumb","itemListElement":[{"@type":"ListItem","position":1,"name":"Portada","item":"https:\/\/www.pmvabogados.cl\/en\/"},{"@type":"ListItem","position":2,"name":"Una mirada a la implementaci\u00f3n del nuevo IMM | Columna de opini\u00f3n, Felipe Maldonado"}]},{"@type":"WebSite","@id":"https:\/\/www.pmvabogados.cl\/en\/#website","url":"https:\/\/www.pmvabogados.cl\/en\/","name":"Parga, Montes, Vasseur Abogados Laborales","description":"Labor Lawyers","publisher":{"@id":"https:\/\/www.pmvabogados.cl\/en\/#organization"},"alternateName":"PMV Abogados","potentialAction":[{"@type":"SearchAction","target":{"@type":"EntryPoint","urlTemplate":"https:\/\/www.pmvabogados.cl\/en\/?s={search_term_string}"},"query-input":"required name=search_term_string"}],"inLanguage":"en-US"},{"@type":"Organization","@id":"https:\/\/www.pmvabogados.cl\/en\/#organization","name":"Parga, Montes, Vasseur Abogados Laborales","alternateName":"PMV Abogados","url":"https:\/\/www.pmvabogados.cl\/en\/","logo":{"@type":"ImageObject","inLanguage":"en-US","@id":"https:\/\/www.pmvabogados.cl\/en\/#\/schema\/logo\/image\/","url":"https:\/\/www.pmvabogados.cl\/wp-content\/uploads\/2023\/03\/Proyecto-nuevo-1.png","contentUrl":"https:\/\/www.pmvabogados.cl\/wp-content\/uploads\/2023\/03\/Proyecto-nuevo-1.png","width":800,"height":800,"caption":"Parga, Montes, Vasseur Abogados Laborales"},"image":{"@id":"https:\/\/www.pmvabogados.cl\/en\/#\/schema\/logo\/image\/"},"sameAs":["https:\/\/www.linkedin.com\/company\/79443714\/admin\/"]},{"@type":"Person","@id":"https:\/\/www.pmvabogados.cl\/en\/#\/schema\/person\/401fd0c9a37d714b31a68493cee1be83","name":"Francisca Dominguez","image":{"@type":"ImageObject","inLanguage":"en-US","@id":"https:\/\/www.pmvabogados.cl\/en\/#\/schema\/person\/image\/","url":"https:\/\/secure.gravatar.com\/avatar\/146a18d2b51b2fff4b4d20a486533567?s=96&d=mm&r=g","contentUrl":"https:\/\/secure.gravatar.com\/avatar\/146a18d2b51b2fff4b4d20a486533567?s=96&d=mm&r=g","caption":"Francisca Dominguez"},"url":"https:\/\/www.pmvabogados.cl\/en\/author\/francisca\/"}]}},"_links":{"self":[{"href":"https:\/\/www.pmvabogados.cl\/en\/wp-json\/wp\/v2\/posts\/1405"}],"collection":[{"href":"https:\/\/www.pmvabogados.cl\/en\/wp-json\/wp\/v2\/posts"}],"about":[{"href":"https:\/\/www.pmvabogados.cl\/en\/wp-json\/wp\/v2\/types\/post"}],"author":[{"embeddable":true,"href":"https:\/\/www.pmvabogados.cl\/en\/wp-json\/wp\/v2\/users\/2"}],"replies":[{"embeddable":true,"href":"https:\/\/www.pmvabogados.cl\/en\/wp-json\/wp\/v2\/comments?post=1405"}],"version-history":[{"count":2,"href":"https:\/\/www.pmvabogados.cl\/en\/wp-json\/wp\/v2\/posts\/1405\/revisions"}],"predecessor-version":[{"id":1681,"href":"https:\/\/www.pmvabogados.cl\/en\/wp-json\/wp\/v2\/posts\/1405\/revisions\/1681"}],"wp:attachment":[{"href":"https:\/\/www.pmvabogados.cl\/en\/wp-json\/wp\/v2\/media?parent=1405"}],"wp:term":[{"taxonomy":"category","embeddable":true,"href":"https:\/\/www.pmvabogados.cl\/en\/wp-json\/wp\/v2\/categories?post=1405"},{"taxonomy":"post_tag","embeddable":true,"href":"https:\/\/www.pmvabogados.cl\/en\/wp-json\/wp\/v2\/tags?post=1405"}],"curies":[{"name":"wp","href":"https:\/\/api.w.org\/{rel}","templated":true}]}}