{"id":1414,"date":"2023-05-15T16:10:46","date_gmt":"2023-05-15T19:10:46","guid":{"rendered":"https:\/\/www.pmvabogados.cl\/?p=1414"},"modified":"2024-02-15T10:11:49","modified_gmt":"2024-02-15T13:11:49","slug":"covid-19-fin-plan-fronteras-protegidas","status":"publish","type":"post","link":"https:\/\/www.pmvabogados.cl\/en\/covid-19-fin-plan-fronteras-protegidas\/","title":{"rendered":"Covid-19: Fin Plan Fronteras Protegidas | Columna de opini\u00f3n, Felipe Maldonado"},"content":{"rendered":"<p><em>El ministerio de Salud decret\u00f3 el fin de las medidas del Plan Fronteras Protegidas, lo que implica eliminar una serie de requisitos administrativos de entrada al pa\u00eds. No significa que el virus haya desaparecido y conviene reflexionar sobre lo que deja el fin de la alerta internacional.<\/em><\/p>\n<p><strong>Por: <a href=\"https:\/\/www.linkedin.com\/in\/felipemaldonadopereira\/\">Felipe Maldonado Pereira<\/a><\/strong>*<\/p>\n<p>Transcurrieron m\u00e1s de tres a\u00f1os para que la OMS decretara el fin de la alerta sanitaria internacional por la pandemia del Covid-19. En Chile, por primera vez, en mayo, no hubo muertos por este virus y hace unos d\u00edas el ministerio de Salud decret\u00f3 el fin de las medidas del Plan Fronteras Protegidas, lo que implica eliminar una serie de requisitos de entrada al pa\u00eds. No significa que el virus haya desaparecido y conviene reflexionar sobre lo que deja el fin de la alerta internacional.<\/p>\n<p>Habr\u00e1, sin embargo, que esperar otras nuevas resoluciones por parte del gobierno y pronunciamientos de la autoridad, y evaluar c\u00f3mo estas impactar\u00e1n las adecuaciones de las normas y las pol\u00edticas internas de las empresas. Entre los aspectos pendientes de revisi\u00f3n est\u00e1n los ciclos de vacunaci\u00f3n, los requisitos actuales referidos a usos de elementos de protecci\u00f3n personal, las modificaciones a reglamentos internos, de orden higiene y seguridad, entre otros. Por ahora, quienes crean que quedaron atr\u00e1s las medidas de seguridad que las empresas y los trabajadores adoptaron en la pandemia, est\u00e1n equivocados. Ser\u00e1 dif\u00edcil borrar las medidas implementadas todos estos a\u00f1os de plano, dado los avances que, en realidad, \u00e9stas supusieron y c\u00f3mo fueron, en simult\u00e1neo o posteriormente, implementados en los distintos instrumentos laborales.<\/p>\n<p>Si bien la memoria suele ser fr\u00e1gil, es clave, no obstante, destacar los aspectos positivos de medidas que pudieron implementarse gracias al empuj\u00f3n provocado por el Covid-19. Seguramente, ante una pr\u00f3xima pandemia o endemia, las empresas reaccionar\u00e1n de manera m\u00e1s r\u00e1pida, para que esta no impacte sobre el desarrollo normal de sus industrias. Un ejemplo es lo que ocurri\u00f3 tras la adopci\u00f3n del teletrabajo en nuestro ordenamiento laboral, pues ya se tendr\u00e1 claro qu\u00e9 nivel de flexibilidad laboral pudiese ponerse en marcha y c\u00f3mo hacerlo en la pr\u00e1ctica. As\u00ed, tambi\u00e9n recordaremos el caso de las empresas de prestaci\u00f3n de servicios en las que se estableci\u00f3 el teletrabajo. O las adecuaciones de contratos de trabajo, que tambi\u00e9n involucraron a las industrias productivas, por cuanto muchas tuvieron que implementar sistemas excepcionales de trabajo para garantizar la continuidad operacional de las empresas, mientras se aseguraba la salud y la vida de las personas.<\/p>\n<p>Por lo dem\u00e1s, trat\u00e1ndose de una materia sensible, como es la salud, las mutuales y la Direcci\u00f3n del Trabajo seguir\u00e1n fiscalizando que las medidas inicialmente s\u00f3lo epidemiol\u00f3gicas se sigan manteniendo.<\/p>\n<p>Se desconoce todav\u00eda c\u00f3mo y cu\u00e1les de todas medidas adoptadas durante la pandemia continuar\u00e1n siendo relevantes en el futuro. Quiz\u00e1s s\u00f3lo el tiempo tendr\u00e1 estas respuestas, pero podemos reinterpretar todo lo pasado en relaci\u00f3n con las numerosas lecciones que dej\u00f3 la pandemia del Covid-19, incluso mejorando los modelos de medidas sanitarias ya adoptadas. M\u00e1s all\u00e1 de todo lo escrito, clave ser\u00e1 la responsabilidad y compromiso en el actuar, tanto de las autoridades, empresas y trabajadores para, en definitiva, el mayor bienestar y salud de trabajadores y de la poblaci\u00f3n toda.<\/p>\n<p>*<a href=\"https:\/\/www.pmvabogados.cl\/equipo\/felipe-maldonado-p\/\">Felipe Maldonado Pereira<\/a>, Abogado, Parga Montes Vasseur Laborales<\/p>\n","protected":false},"excerpt":{"rendered":"","protected":false},"author":2,"featured_media":0,"comment_status":"open","ping_status":"open","sticky":false,"template":"","format":"standard","meta":{"inline_featured_image":false,"footnotes":""},"categories":[4],"tags":[],"yoast_head":"<!-- This site is optimized with the Yoast SEO plugin v21.4 - https:\/\/yoast.com\/wordpress\/plugins\/seo\/ -->\n<title>Covid-19: Fin Plan Fronteras Protegidas | Columna de opini\u00f3n, Felipe Maldonado - Parga, Montes, Vasseur Labor Lawyers<\/title>\n<meta name=\"description\" content=\"El ministerio de Salud decret\u00f3 el fin de las medidas del Plan Fronteras Protegidas, eliminando una serie de requisitos administrativos\" \/>\n<meta name=\"robots\" content=\"index, follow, max-snippet:-1, max-image-preview:large, max-video-preview:-1\" \/>\n<link rel=\"canonical\" href=\"https:\/\/www.pmvabogados.cl\/en\/covid-19-fin-plan-fronteras-protegidas\/\" \/>\n<meta property=\"og:locale\" content=\"en_US\" \/>\n<meta property=\"og:type\" content=\"article\" \/>\n<meta property=\"og:title\" content=\"Covid-19: Fin Plan Fronteras Protegidas | Columna de opini\u00f3n, Felipe Maldonado - Parga, Montes, Vasseur Labor Lawyers\" \/>\n<meta property=\"og:description\" content=\"El ministerio de Salud decret\u00f3 el fin de las medidas del Plan Fronteras Protegidas, eliminando una serie de requisitos administrativos\" \/>\n<meta property=\"og:url\" content=\"https:\/\/www.pmvabogados.cl\/en\/covid-19-fin-plan-fronteras-protegidas\/\" \/>\n<meta property=\"og:site_name\" content=\"Parga, Montes, Vasseur Labor Lawyers\" \/>\n<meta property=\"article:published_time\" content=\"2023-05-15T19:10:46+00:00\" \/>\n<meta property=\"article:modified_time\" content=\"2024-02-15T13:11:49+00:00\" \/>\n<meta name=\"author\" content=\"Francisca Dominguez\" \/>\n<meta name=\"twitter:card\" content=\"summary_large_image\" \/>\n<meta name=\"twitter:label1\" content=\"Written by\" \/>\n\t<meta name=\"twitter:data1\" content=\"Francisca Dominguez\" \/>\n\t<meta name=\"twitter:label2\" content=\"Est. reading time\" \/>\n\t<meta name=\"twitter:data2\" content=\"3 minutes\" \/>\n<script type=\"application\/ld+json\" class=\"yoast-schema-graph\">{\"@context\":\"https:\/\/schema.org\",\"@graph\":[{\"@type\":\"Article\",\"@id\":\"https:\/\/www.pmvabogados.cl\/en\/covid-19-fin-plan-fronteras-protegidas\/#article\",\"isPartOf\":{\"@id\":\"https:\/\/www.pmvabogados.cl\/en\/covid-19-fin-plan-fronteras-protegidas\/\"},\"author\":{\"name\":\"Francisca Dominguez\",\"@id\":\"https:\/\/www.pmvabogados.cl\/en\/#\/schema\/person\/401fd0c9a37d714b31a68493cee1be83\"},\"headline\":\"Covid-19: Fin Plan Fronteras Protegidas | Columna de opini\u00f3n, Felipe Maldonado\",\"datePublished\":\"2023-05-15T19:10:46+00:00\",\"dateModified\":\"2024-02-15T13:11:49+00:00\",\"mainEntityOfPage\":{\"@id\":\"https:\/\/www.pmvabogados.cl\/en\/covid-19-fin-plan-fronteras-protegidas\/\"},\"wordCount\":593,\"commentCount\":0,\"publisher\":{\"@id\":\"https:\/\/www.pmvabogados.cl\/en\/#organization\"},\"articleSection\":[\"Publicaciones\"],\"inLanguage\":\"en-US\",\"potentialAction\":[{\"@type\":\"CommentAction\",\"name\":\"Comment\",\"target\":[\"https:\/\/www.pmvabogados.cl\/en\/covid-19-fin-plan-fronteras-protegidas\/#respond\"]}]},{\"@type\":\"WebPage\",\"@id\":\"https:\/\/www.pmvabogados.cl\/en\/covid-19-fin-plan-fronteras-protegidas\/\",\"url\":\"https:\/\/www.pmvabogados.cl\/en\/covid-19-fin-plan-fronteras-protegidas\/\",\"name\":\"Covid-19: Fin Plan Fronteras Protegidas | Columna de opini\u00f3n, Felipe Maldonado - Parga, Montes, Vasseur Labor Lawyers\",\"isPartOf\":{\"@id\":\"https:\/\/www.pmvabogados.cl\/en\/#website\"},\"datePublished\":\"2023-05-15T19:10:46+00:00\",\"dateModified\":\"2024-02-15T13:11:49+00:00\",\"description\":\"El ministerio de Salud decret\u00f3 el fin de las medidas del Plan Fronteras Protegidas, eliminando una serie de requisitos administrativos\",\"breadcrumb\":{\"@id\":\"https:\/\/www.pmvabogados.cl\/en\/covid-19-fin-plan-fronteras-protegidas\/#breadcrumb\"},\"inLanguage\":\"en-US\",\"potentialAction\":[{\"@type\":\"ReadAction\",\"target\":[\"https:\/\/www.pmvabogados.cl\/en\/covid-19-fin-plan-fronteras-protegidas\/\"]}]},{\"@type\":\"BreadcrumbList\",\"@id\":\"https:\/\/www.pmvabogados.cl\/en\/covid-19-fin-plan-fronteras-protegidas\/#breadcrumb\",\"itemListElement\":[{\"@type\":\"ListItem\",\"position\":1,\"name\":\"Portada\",\"item\":\"https:\/\/www.pmvabogados.cl\/en\/\"},{\"@type\":\"ListItem\",\"position\":2,\"name\":\"Covid-19: Fin Plan Fronteras Protegidas | Columna de opini\u00f3n, Felipe Maldonado\"}]},{\"@type\":\"WebSite\",\"@id\":\"https:\/\/www.pmvabogados.cl\/en\/#website\",\"url\":\"https:\/\/www.pmvabogados.cl\/en\/\",\"name\":\"Parga, Montes, Vasseur Abogados Laborales\",\"description\":\"Labor Lawyers\",\"publisher\":{\"@id\":\"https:\/\/www.pmvabogados.cl\/en\/#organization\"},\"alternateName\":\"PMV Abogados\",\"potentialAction\":[{\"@type\":\"SearchAction\",\"target\":{\"@type\":\"EntryPoint\",\"urlTemplate\":\"https:\/\/www.pmvabogados.cl\/en\/?s={search_term_string}\"},\"query-input\":\"required name=search_term_string\"}],\"inLanguage\":\"en-US\"},{\"@type\":\"Organization\",\"@id\":\"https:\/\/www.pmvabogados.cl\/en\/#organization\",\"name\":\"Parga, Montes, Vasseur Abogados Laborales\",\"alternateName\":\"PMV Abogados\",\"url\":\"https:\/\/www.pmvabogados.cl\/en\/\",\"logo\":{\"@type\":\"ImageObject\",\"inLanguage\":\"en-US\",\"@id\":\"https:\/\/www.pmvabogados.cl\/en\/#\/schema\/logo\/image\/\",\"url\":\"https:\/\/www.pmvabogados.cl\/wp-content\/uploads\/2023\/03\/Proyecto-nuevo-1.png\",\"contentUrl\":\"https:\/\/www.pmvabogados.cl\/wp-content\/uploads\/2023\/03\/Proyecto-nuevo-1.png\",\"width\":800,\"height\":800,\"caption\":\"Parga, Montes, Vasseur Abogados Laborales\"},\"image\":{\"@id\":\"https:\/\/www.pmvabogados.cl\/en\/#\/schema\/logo\/image\/\"},\"sameAs\":[\"https:\/\/www.linkedin.com\/company\/79443714\/admin\/\"]},{\"@type\":\"Person\",\"@id\":\"https:\/\/www.pmvabogados.cl\/en\/#\/schema\/person\/401fd0c9a37d714b31a68493cee1be83\",\"name\":\"Francisca Dominguez\",\"image\":{\"@type\":\"ImageObject\",\"inLanguage\":\"en-US\",\"@id\":\"https:\/\/www.pmvabogados.cl\/en\/#\/schema\/person\/image\/\",\"url\":\"https:\/\/secure.gravatar.com\/avatar\/146a18d2b51b2fff4b4d20a486533567?s=96&d=mm&r=g\",\"contentUrl\":\"https:\/\/secure.gravatar.com\/avatar\/146a18d2b51b2fff4b4d20a486533567?s=96&d=mm&r=g\",\"caption\":\"Francisca Dominguez\"},\"url\":\"https:\/\/www.pmvabogados.cl\/en\/author\/francisca\/\"}]}<\/script>\n<!-- \/ Yoast SEO plugin. -->","yoast_head_json":{"title":"Covid-19: Fin Plan Fronteras Protegidas | Columna de opini\u00f3n, Felipe Maldonado - Parga, Montes, Vasseur Labor Lawyers","description":"El ministerio de Salud decret\u00f3 el fin de las medidas del Plan Fronteras Protegidas, eliminando una serie de requisitos administrativos","robots":{"index":"index","follow":"follow","max-snippet":"max-snippet:-1","max-image-preview":"max-image-preview:large","max-video-preview":"max-video-preview:-1"},"canonical":"https:\/\/www.pmvabogados.cl\/en\/covid-19-fin-plan-fronteras-protegidas\/","og_locale":"en_US","og_type":"article","og_title":"Covid-19: Fin Plan Fronteras Protegidas | Columna de opini\u00f3n, Felipe Maldonado - Parga, Montes, Vasseur Labor Lawyers","og_description":"El ministerio de Salud decret\u00f3 el fin de las medidas del Plan Fronteras Protegidas, eliminando una serie de requisitos administrativos","og_url":"https:\/\/www.pmvabogados.cl\/en\/covid-19-fin-plan-fronteras-protegidas\/","og_site_name":"Parga, Montes, Vasseur Labor Lawyers","article_published_time":"2023-05-15T19:10:46+00:00","article_modified_time":"2024-02-15T13:11:49+00:00","author":"Francisca Dominguez","twitter_card":"summary_large_image","twitter_misc":{"Written by":"Francisca Dominguez","Est. reading time":"3 minutes"},"schema":{"@context":"https:\/\/schema.org","@graph":[{"@type":"Article","@id":"https:\/\/www.pmvabogados.cl\/en\/covid-19-fin-plan-fronteras-protegidas\/#article","isPartOf":{"@id":"https:\/\/www.pmvabogados.cl\/en\/covid-19-fin-plan-fronteras-protegidas\/"},"author":{"name":"Francisca Dominguez","@id":"https:\/\/www.pmvabogados.cl\/en\/#\/schema\/person\/401fd0c9a37d714b31a68493cee1be83"},"headline":"Covid-19: Fin Plan Fronteras Protegidas | Columna de opini\u00f3n, Felipe Maldonado","datePublished":"2023-05-15T19:10:46+00:00","dateModified":"2024-02-15T13:11:49+00:00","mainEntityOfPage":{"@id":"https:\/\/www.pmvabogados.cl\/en\/covid-19-fin-plan-fronteras-protegidas\/"},"wordCount":593,"commentCount":0,"publisher":{"@id":"https:\/\/www.pmvabogados.cl\/en\/#organization"},"articleSection":["Publicaciones"],"inLanguage":"en-US","potentialAction":[{"@type":"CommentAction","name":"Comment","target":["https:\/\/www.pmvabogados.cl\/en\/covid-19-fin-plan-fronteras-protegidas\/#respond"]}]},{"@type":"WebPage","@id":"https:\/\/www.pmvabogados.cl\/en\/covid-19-fin-plan-fronteras-protegidas\/","url":"https:\/\/www.pmvabogados.cl\/en\/covid-19-fin-plan-fronteras-protegidas\/","name":"Covid-19: Fin Plan Fronteras Protegidas | Columna de opini\u00f3n, Felipe Maldonado - Parga, Montes, Vasseur Labor Lawyers","isPartOf":{"@id":"https:\/\/www.pmvabogados.cl\/en\/#website"},"datePublished":"2023-05-15T19:10:46+00:00","dateModified":"2024-02-15T13:11:49+00:00","description":"El ministerio de Salud decret\u00f3 el fin de las medidas del Plan Fronteras Protegidas, eliminando una serie de requisitos administrativos","breadcrumb":{"@id":"https:\/\/www.pmvabogados.cl\/en\/covid-19-fin-plan-fronteras-protegidas\/#breadcrumb"},"inLanguage":"en-US","potentialAction":[{"@type":"ReadAction","target":["https:\/\/www.pmvabogados.cl\/en\/covid-19-fin-plan-fronteras-protegidas\/"]}]},{"@type":"BreadcrumbList","@id":"https:\/\/www.pmvabogados.cl\/en\/covid-19-fin-plan-fronteras-protegidas\/#breadcrumb","itemListElement":[{"@type":"ListItem","position":1,"name":"Portada","item":"https:\/\/www.pmvabogados.cl\/en\/"},{"@type":"ListItem","position":2,"name":"Covid-19: Fin Plan Fronteras Protegidas | Columna de opini\u00f3n, Felipe Maldonado"}]},{"@type":"WebSite","@id":"https:\/\/www.pmvabogados.cl\/en\/#website","url":"https:\/\/www.pmvabogados.cl\/en\/","name":"Parga, Montes, Vasseur Abogados Laborales","description":"Labor Lawyers","publisher":{"@id":"https:\/\/www.pmvabogados.cl\/en\/#organization"},"alternateName":"PMV Abogados","potentialAction":[{"@type":"SearchAction","target":{"@type":"EntryPoint","urlTemplate":"https:\/\/www.pmvabogados.cl\/en\/?s={search_term_string}"},"query-input":"required name=search_term_string"}],"inLanguage":"en-US"},{"@type":"Organization","@id":"https:\/\/www.pmvabogados.cl\/en\/#organization","name":"Parga, Montes, Vasseur Abogados Laborales","alternateName":"PMV Abogados","url":"https:\/\/www.pmvabogados.cl\/en\/","logo":{"@type":"ImageObject","inLanguage":"en-US","@id":"https:\/\/www.pmvabogados.cl\/en\/#\/schema\/logo\/image\/","url":"https:\/\/www.pmvabogados.cl\/wp-content\/uploads\/2023\/03\/Proyecto-nuevo-1.png","contentUrl":"https:\/\/www.pmvabogados.cl\/wp-content\/uploads\/2023\/03\/Proyecto-nuevo-1.png","width":800,"height":800,"caption":"Parga, Montes, Vasseur Abogados Laborales"},"image":{"@id":"https:\/\/www.pmvabogados.cl\/en\/#\/schema\/logo\/image\/"},"sameAs":["https:\/\/www.linkedin.com\/company\/79443714\/admin\/"]},{"@type":"Person","@id":"https:\/\/www.pmvabogados.cl\/en\/#\/schema\/person\/401fd0c9a37d714b31a68493cee1be83","name":"Francisca Dominguez","image":{"@type":"ImageObject","inLanguage":"en-US","@id":"https:\/\/www.pmvabogados.cl\/en\/#\/schema\/person\/image\/","url":"https:\/\/secure.gravatar.com\/avatar\/146a18d2b51b2fff4b4d20a486533567?s=96&d=mm&r=g","contentUrl":"https:\/\/secure.gravatar.com\/avatar\/146a18d2b51b2fff4b4d20a486533567?s=96&d=mm&r=g","caption":"Francisca Dominguez"},"url":"https:\/\/www.pmvabogados.cl\/en\/author\/francisca\/"}]}},"_links":{"self":[{"href":"https:\/\/www.pmvabogados.cl\/en\/wp-json\/wp\/v2\/posts\/1414"}],"collection":[{"href":"https:\/\/www.pmvabogados.cl\/en\/wp-json\/wp\/v2\/posts"}],"about":[{"href":"https:\/\/www.pmvabogados.cl\/en\/wp-json\/wp\/v2\/types\/post"}],"author":[{"embeddable":true,"href":"https:\/\/www.pmvabogados.cl\/en\/wp-json\/wp\/v2\/users\/2"}],"replies":[{"embeddable":true,"href":"https:\/\/www.pmvabogados.cl\/en\/wp-json\/wp\/v2\/comments?post=1414"}],"version-history":[{"count":3,"href":"https:\/\/www.pmvabogados.cl\/en\/wp-json\/wp\/v2\/posts\/1414\/revisions"}],"predecessor-version":[{"id":1706,"href":"https:\/\/www.pmvabogados.cl\/en\/wp-json\/wp\/v2\/posts\/1414\/revisions\/1706"}],"wp:attachment":[{"href":"https:\/\/www.pmvabogados.cl\/en\/wp-json\/wp\/v2\/media?parent=1414"}],"wp:term":[{"taxonomy":"category","embeddable":true,"href":"https:\/\/www.pmvabogados.cl\/en\/wp-json\/wp\/v2\/categories?post=1414"},{"taxonomy":"post_tag","embeddable":true,"href":"https:\/\/www.pmvabogados.cl\/en\/wp-json\/wp\/v2\/tags?post=1414"}],"curies":[{"name":"wp","href":"https:\/\/api.w.org\/{rel}","templated":true}]}}