{"id":1437,"date":"2022-11-14T13:21:28","date_gmt":"2022-11-14T16:21:28","guid":{"rendered":"https:\/\/www.pmvabogados.cl\/?p=1437"},"modified":"2024-02-15T10:00:35","modified_gmt":"2024-02-15T13:00:35","slug":"reforma-previsional","status":"publish","type":"post","link":"https:\/\/www.pmvabogados.cl\/en\/reforma-previsional\/","title":{"rendered":"Reforma previsional, las cosas como son | Columna de opini\u00f3n, Sebasti\u00e1n Parga"},"content":{"rendered":"<h3>Reforma Previsional: Las cosas como son<\/h3>\n<p>El Presidente Boric dio a conocer el proyecto de reforma previsional. Ser\u00e1 solo una referencia, ya todo hace suponer que la mayor\u00eda parlamentaria no lo aprobar\u00e1 as\u00ed. Al respecto, mencionemos ciertos puntos del futuro debate en el Congreso.<\/p>\n<p>\u00bfQui\u00e9n pagar\u00e1 el aumento del 6%? El mandatario dijo que ser\u00e1 el empleador, pero, en la pr\u00e1ctica, los trabajadores ver\u00e1n c\u00f3mo reajustes y alzas de remuneraciones disminuir\u00e1n, ya que el costo ser\u00e1 internalizado en los sueldos actuales, mientras que las nuevas contrataciones tendr\u00e1n otras condiciones.<\/p>\n<p>El aumento del 6% generar\u00e1 m\u00e1s informalidad, es un hecho indiscutido. Y esta aumentar\u00e1 a\u00fan m\u00e1s si ese monto \u2014o parte de \u00e9l\u2014 va a un fondo colectivo. Las encuestas indican que, por diversas razones, la mayor\u00eda de la gente prefiere la capitalizaci\u00f3n individual y no quiere compartir su dinero. Si el solo aumento de cotizaci\u00f3n originar\u00e1 m\u00e1s informalidad, el ahorro individual ahora parcialmente colectivo potenciar\u00e1 no solo la informalidad, sino que el de lagunas previsionales.<\/p>\n<p>\u00bfPor qu\u00e9 parte del 6% debiera ser colectivo? No se entiende esto ante un pilar de la Pensi\u00f3n Garantizada Universal (PGU) que ha aumentado hasta en 90% las pensiones de las personas de menos ingresos. Por ende, si el 6% es un impuesto al trabajo y la PGU se paga con impuestos, \u00bfpara qu\u00e9 incentivar la informalidad aumentando parte del 6% en un monto colectivo, cuando para eso est\u00e1 la PGU? No tiene asidero t\u00e9cnico ni pr\u00e1ctico.<\/p>\n<p>Los anuncios dicen que parte del 6% quedar\u00eda en un registro individual; sin embargo, no pareciera que suponga una capitalizaci\u00f3n individual y eso es preocupante. La experiencia hist\u00f3rica con manejos del Estado no permite ser optimistas ni creer que las buenas intenciones llegar\u00e1n a puerto. As\u00ed, que a uno lo tengan \u201cregistrado\u201d con determinado monto no significa que a uno se lo vayan a pagar ni tampoco que tal monto se vaya a capitalizar. Esto \u00faltimo no solo afecta a la certeza de los individuos sobre su dinero, sino tambi\u00e9n es relevante para el mercado de capitales, pues nuestro desarrollo se ha basado especialmente en las inversiones de las propias AFP. Entonces, \u00bfqu\u00e9 pasar\u00e1 en la pr\u00e1ctica con ese 6%? \u00bfSer\u00e1 capitalizado o no? No qued\u00f3 claro.<\/p>\n<p>Finalmente, el uso de un eslogan ideol\u00f3gico al estilo que el proyecto es \u201cel t\u00e9rmino de las AFP como las conocemos hoy\u201d est\u00e1 cansando. La verdad sea dicha, s\u00ed tendremos una AFP estatal \u2014 pong\u00e1mosle el nombre que se quiera\u2014. Y ese organismo retendr\u00e1 e invertir\u00e1 al menos 10% de las cotizaciones, pues del otro 6% no sabemos que har\u00e1n con \u00e9l salvo \u201cregistrarlo\u201d. \u00bfNo ser\u00e1 absurdo echar por la borda la enorme experiencia t\u00e9cnica sobre el mercado de capitales que tienen las AFP? Pensar que el Estado lo har\u00e1 mejor que ellas, mientras la evidencia emp\u00edrica dice que los privados siempre lo hacen mejor que el Estado, supone un prisma ideol\u00f3gico, no un enfoque t\u00e9cnico ni pr\u00e1ctico. \u00bfPor qu\u00e9 eliminar la libertad de elegir a quien guardar\u00e1 mis los individuales, es decir, tanto el 10% como el 6%? \u00bfPor qu\u00e9 no pudiera ser el Estado un competidor m\u00e1s, dando de este modo libertad a las personas para decidir por s\u00ed mismas a qu\u00e9 entidad les parece que vayan a parar sus ahorros?<\/p>\n<p>Las pol\u00edticas previsionales son clave, tienen muchas aristas t\u00e9cnicas y consecuencias pr\u00e1cticas en el mercado del empleo, en el de capitales, en el bienestar y en desarrollo de los pa\u00edses. Por ello, no deber\u00edan incorporar componentes ideol\u00f3gicos y s\u00ed abordarse desde lo t\u00e9cnico, reconociendo lo bueno y lo malo desde donde venga, sin buscar votos ni acoger un eslogan pret\u00e9rito, sin proponer un relato de corte populista. Busquemos dise\u00f1os de pol\u00edticas p\u00fablicas que prueben que son el mejor sistema.<\/p>\n<p><em><strong>* <a href=\"https:\/\/www.pmvabogados.cl\/equipo\/sebastian-parga-m\/\">Sebasti\u00e1n Parga Moraga<\/a> es socio de <a href=\"https:\/\/cl.linkedin.com\/company\/parga-montes-vasseur-abogados-laborales\">Parga, Montes &amp; Vasseur Laborales<\/a><\/strong><\/em><\/p>\n","protected":false},"excerpt":{"rendered":"","protected":false},"author":2,"featured_media":0,"comment_status":"open","ping_status":"open","sticky":false,"template":"","format":"standard","meta":{"inline_featured_image":false,"footnotes":""},"categories":[4],"tags":[],"yoast_head":"<!-- This site is optimized with the Yoast SEO plugin v21.4 - https:\/\/yoast.com\/wordpress\/plugins\/seo\/ -->\n<title>Reforma previsional, las cosas como son | Columna de opini\u00f3n, Sebasti\u00e1n Parga - Parga, Montes, Vasseur Labor Lawyers<\/title>\n<meta name=\"description\" content=\"Columna de nuestro socio Sebasti\u00e1n Parga en donde analiza el proyecto de Reforma Previsional presentado por el presidente Gabriel Boric.\" \/>\n<meta name=\"robots\" content=\"index, follow, max-snippet:-1, max-image-preview:large, max-video-preview:-1\" \/>\n<link rel=\"canonical\" href=\"https:\/\/www.pmvabogados.cl\/en\/reforma-previsional\/\" \/>\n<meta property=\"og:locale\" content=\"en_US\" \/>\n<meta property=\"og:type\" content=\"article\" \/>\n<meta property=\"og:title\" content=\"Reforma previsional, las cosas como son | Columna de opini\u00f3n, Sebasti\u00e1n Parga - Parga, Montes, Vasseur Labor Lawyers\" \/>\n<meta property=\"og:description\" content=\"Columna de nuestro socio Sebasti\u00e1n Parga en donde analiza el proyecto de Reforma Previsional presentado por el presidente Gabriel Boric.\" \/>\n<meta property=\"og:url\" content=\"https:\/\/www.pmvabogados.cl\/en\/reforma-previsional\/\" \/>\n<meta property=\"og:site_name\" content=\"Parga, Montes, Vasseur Labor Lawyers\" \/>\n<meta property=\"article:published_time\" content=\"2022-11-14T16:21:28+00:00\" \/>\n<meta property=\"article:modified_time\" content=\"2024-02-15T13:00:35+00:00\" \/>\n<meta name=\"author\" content=\"Francisca Dominguez\" \/>\n<meta name=\"twitter:card\" content=\"summary_large_image\" \/>\n<meta name=\"twitter:label1\" content=\"Written by\" \/>\n\t<meta name=\"twitter:data1\" content=\"Francisca Dominguez\" \/>\n\t<meta name=\"twitter:label2\" content=\"Est. reading time\" \/>\n\t<meta name=\"twitter:data2\" content=\"3 minutes\" \/>\n<script type=\"application\/ld+json\" class=\"yoast-schema-graph\">{\"@context\":\"https:\/\/schema.org\",\"@graph\":[{\"@type\":\"Article\",\"@id\":\"https:\/\/www.pmvabogados.cl\/en\/reforma-previsional\/#article\",\"isPartOf\":{\"@id\":\"https:\/\/www.pmvabogados.cl\/en\/reforma-previsional\/\"},\"author\":{\"name\":\"Francisca Dominguez\",\"@id\":\"https:\/\/www.pmvabogados.cl\/en\/#\/schema\/person\/401fd0c9a37d714b31a68493cee1be83\"},\"headline\":\"Reforma previsional, las cosas como son | Columna de opini\u00f3n, Sebasti\u00e1n Parga\",\"datePublished\":\"2022-11-14T16:21:28+00:00\",\"dateModified\":\"2024-02-15T13:00:35+00:00\",\"mainEntityOfPage\":{\"@id\":\"https:\/\/www.pmvabogados.cl\/en\/reforma-previsional\/\"},\"wordCount\":677,\"commentCount\":0,\"publisher\":{\"@id\":\"https:\/\/www.pmvabogados.cl\/en\/#organization\"},\"articleSection\":[\"Publicaciones\"],\"inLanguage\":\"en-US\",\"potentialAction\":[{\"@type\":\"CommentAction\",\"name\":\"Comment\",\"target\":[\"https:\/\/www.pmvabogados.cl\/en\/reforma-previsional\/#respond\"]}]},{\"@type\":\"WebPage\",\"@id\":\"https:\/\/www.pmvabogados.cl\/en\/reforma-previsional\/\",\"url\":\"https:\/\/www.pmvabogados.cl\/en\/reforma-previsional\/\",\"name\":\"Reforma previsional, las cosas como son | Columna de opini\u00f3n, Sebasti\u00e1n Parga - Parga, Montes, Vasseur Labor Lawyers\",\"isPartOf\":{\"@id\":\"https:\/\/www.pmvabogados.cl\/en\/#website\"},\"datePublished\":\"2022-11-14T16:21:28+00:00\",\"dateModified\":\"2024-02-15T13:00:35+00:00\",\"description\":\"Columna de nuestro socio Sebasti\u00e1n Parga en donde analiza el proyecto de Reforma Previsional presentado por el presidente Gabriel Boric.\",\"breadcrumb\":{\"@id\":\"https:\/\/www.pmvabogados.cl\/en\/reforma-previsional\/#breadcrumb\"},\"inLanguage\":\"en-US\",\"potentialAction\":[{\"@type\":\"ReadAction\",\"target\":[\"https:\/\/www.pmvabogados.cl\/en\/reforma-previsional\/\"]}]},{\"@type\":\"BreadcrumbList\",\"@id\":\"https:\/\/www.pmvabogados.cl\/en\/reforma-previsional\/#breadcrumb\",\"itemListElement\":[{\"@type\":\"ListItem\",\"position\":1,\"name\":\"Portada\",\"item\":\"https:\/\/www.pmvabogados.cl\/en\/\"},{\"@type\":\"ListItem\",\"position\":2,\"name\":\"Reforma previsional, las cosas como son | Columna de opini\u00f3n, Sebasti\u00e1n Parga\"}]},{\"@type\":\"WebSite\",\"@id\":\"https:\/\/www.pmvabogados.cl\/en\/#website\",\"url\":\"https:\/\/www.pmvabogados.cl\/en\/\",\"name\":\"Parga, Montes, Vasseur Abogados Laborales\",\"description\":\"Labor Lawyers\",\"publisher\":{\"@id\":\"https:\/\/www.pmvabogados.cl\/en\/#organization\"},\"alternateName\":\"PMV Abogados\",\"potentialAction\":[{\"@type\":\"SearchAction\",\"target\":{\"@type\":\"EntryPoint\",\"urlTemplate\":\"https:\/\/www.pmvabogados.cl\/en\/?s={search_term_string}\"},\"query-input\":\"required name=search_term_string\"}],\"inLanguage\":\"en-US\"},{\"@type\":\"Organization\",\"@id\":\"https:\/\/www.pmvabogados.cl\/en\/#organization\",\"name\":\"Parga, Montes, Vasseur Abogados Laborales\",\"alternateName\":\"PMV Abogados\",\"url\":\"https:\/\/www.pmvabogados.cl\/en\/\",\"logo\":{\"@type\":\"ImageObject\",\"inLanguage\":\"en-US\",\"@id\":\"https:\/\/www.pmvabogados.cl\/en\/#\/schema\/logo\/image\/\",\"url\":\"https:\/\/www.pmvabogados.cl\/wp-content\/uploads\/2023\/03\/Proyecto-nuevo-1.png\",\"contentUrl\":\"https:\/\/www.pmvabogados.cl\/wp-content\/uploads\/2023\/03\/Proyecto-nuevo-1.png\",\"width\":800,\"height\":800,\"caption\":\"Parga, Montes, Vasseur Abogados Laborales\"},\"image\":{\"@id\":\"https:\/\/www.pmvabogados.cl\/en\/#\/schema\/logo\/image\/\"},\"sameAs\":[\"https:\/\/www.linkedin.com\/company\/79443714\/admin\/\"]},{\"@type\":\"Person\",\"@id\":\"https:\/\/www.pmvabogados.cl\/en\/#\/schema\/person\/401fd0c9a37d714b31a68493cee1be83\",\"name\":\"Francisca Dominguez\",\"image\":{\"@type\":\"ImageObject\",\"inLanguage\":\"en-US\",\"@id\":\"https:\/\/www.pmvabogados.cl\/en\/#\/schema\/person\/image\/\",\"url\":\"https:\/\/secure.gravatar.com\/avatar\/146a18d2b51b2fff4b4d20a486533567?s=96&d=mm&r=g\",\"contentUrl\":\"https:\/\/secure.gravatar.com\/avatar\/146a18d2b51b2fff4b4d20a486533567?s=96&d=mm&r=g\",\"caption\":\"Francisca Dominguez\"},\"url\":\"https:\/\/www.pmvabogados.cl\/en\/author\/francisca\/\"}]}<\/script>\n<!-- \/ Yoast SEO plugin. -->","yoast_head_json":{"title":"Reforma previsional, las cosas como son | Columna de opini\u00f3n, Sebasti\u00e1n Parga - Parga, Montes, Vasseur Labor Lawyers","description":"Columna de nuestro socio Sebasti\u00e1n Parga en donde analiza el proyecto de Reforma Previsional presentado por el presidente Gabriel Boric.","robots":{"index":"index","follow":"follow","max-snippet":"max-snippet:-1","max-image-preview":"max-image-preview:large","max-video-preview":"max-video-preview:-1"},"canonical":"https:\/\/www.pmvabogados.cl\/en\/reforma-previsional\/","og_locale":"en_US","og_type":"article","og_title":"Reforma previsional, las cosas como son | Columna de opini\u00f3n, Sebasti\u00e1n Parga - Parga, Montes, Vasseur Labor Lawyers","og_description":"Columna de nuestro socio Sebasti\u00e1n Parga en donde analiza el proyecto de Reforma Previsional presentado por el presidente Gabriel Boric.","og_url":"https:\/\/www.pmvabogados.cl\/en\/reforma-previsional\/","og_site_name":"Parga, Montes, Vasseur Labor Lawyers","article_published_time":"2022-11-14T16:21:28+00:00","article_modified_time":"2024-02-15T13:00:35+00:00","author":"Francisca Dominguez","twitter_card":"summary_large_image","twitter_misc":{"Written by":"Francisca Dominguez","Est. reading time":"3 minutes"},"schema":{"@context":"https:\/\/schema.org","@graph":[{"@type":"Article","@id":"https:\/\/www.pmvabogados.cl\/en\/reforma-previsional\/#article","isPartOf":{"@id":"https:\/\/www.pmvabogados.cl\/en\/reforma-previsional\/"},"author":{"name":"Francisca Dominguez","@id":"https:\/\/www.pmvabogados.cl\/en\/#\/schema\/person\/401fd0c9a37d714b31a68493cee1be83"},"headline":"Reforma previsional, las cosas como son | Columna de opini\u00f3n, Sebasti\u00e1n Parga","datePublished":"2022-11-14T16:21:28+00:00","dateModified":"2024-02-15T13:00:35+00:00","mainEntityOfPage":{"@id":"https:\/\/www.pmvabogados.cl\/en\/reforma-previsional\/"},"wordCount":677,"commentCount":0,"publisher":{"@id":"https:\/\/www.pmvabogados.cl\/en\/#organization"},"articleSection":["Publicaciones"],"inLanguage":"en-US","potentialAction":[{"@type":"CommentAction","name":"Comment","target":["https:\/\/www.pmvabogados.cl\/en\/reforma-previsional\/#respond"]}]},{"@type":"WebPage","@id":"https:\/\/www.pmvabogados.cl\/en\/reforma-previsional\/","url":"https:\/\/www.pmvabogados.cl\/en\/reforma-previsional\/","name":"Reforma previsional, las cosas como son | Columna de opini\u00f3n, Sebasti\u00e1n Parga - Parga, Montes, Vasseur Labor Lawyers","isPartOf":{"@id":"https:\/\/www.pmvabogados.cl\/en\/#website"},"datePublished":"2022-11-14T16:21:28+00:00","dateModified":"2024-02-15T13:00:35+00:00","description":"Columna de nuestro socio Sebasti\u00e1n Parga en donde analiza el proyecto de Reforma Previsional presentado por el presidente Gabriel Boric.","breadcrumb":{"@id":"https:\/\/www.pmvabogados.cl\/en\/reforma-previsional\/#breadcrumb"},"inLanguage":"en-US","potentialAction":[{"@type":"ReadAction","target":["https:\/\/www.pmvabogados.cl\/en\/reforma-previsional\/"]}]},{"@type":"BreadcrumbList","@id":"https:\/\/www.pmvabogados.cl\/en\/reforma-previsional\/#breadcrumb","itemListElement":[{"@type":"ListItem","position":1,"name":"Portada","item":"https:\/\/www.pmvabogados.cl\/en\/"},{"@type":"ListItem","position":2,"name":"Reforma previsional, las cosas como son | Columna de opini\u00f3n, Sebasti\u00e1n Parga"}]},{"@type":"WebSite","@id":"https:\/\/www.pmvabogados.cl\/en\/#website","url":"https:\/\/www.pmvabogados.cl\/en\/","name":"Parga, Montes, Vasseur Abogados Laborales","description":"Labor Lawyers","publisher":{"@id":"https:\/\/www.pmvabogados.cl\/en\/#organization"},"alternateName":"PMV Abogados","potentialAction":[{"@type":"SearchAction","target":{"@type":"EntryPoint","urlTemplate":"https:\/\/www.pmvabogados.cl\/en\/?s={search_term_string}"},"query-input":"required name=search_term_string"}],"inLanguage":"en-US"},{"@type":"Organization","@id":"https:\/\/www.pmvabogados.cl\/en\/#organization","name":"Parga, Montes, Vasseur Abogados Laborales","alternateName":"PMV Abogados","url":"https:\/\/www.pmvabogados.cl\/en\/","logo":{"@type":"ImageObject","inLanguage":"en-US","@id":"https:\/\/www.pmvabogados.cl\/en\/#\/schema\/logo\/image\/","url":"https:\/\/www.pmvabogados.cl\/wp-content\/uploads\/2023\/03\/Proyecto-nuevo-1.png","contentUrl":"https:\/\/www.pmvabogados.cl\/wp-content\/uploads\/2023\/03\/Proyecto-nuevo-1.png","width":800,"height":800,"caption":"Parga, Montes, Vasseur Abogados Laborales"},"image":{"@id":"https:\/\/www.pmvabogados.cl\/en\/#\/schema\/logo\/image\/"},"sameAs":["https:\/\/www.linkedin.com\/company\/79443714\/admin\/"]},{"@type":"Person","@id":"https:\/\/www.pmvabogados.cl\/en\/#\/schema\/person\/401fd0c9a37d714b31a68493cee1be83","name":"Francisca Dominguez","image":{"@type":"ImageObject","inLanguage":"en-US","@id":"https:\/\/www.pmvabogados.cl\/en\/#\/schema\/person\/image\/","url":"https:\/\/secure.gravatar.com\/avatar\/146a18d2b51b2fff4b4d20a486533567?s=96&d=mm&r=g","contentUrl":"https:\/\/secure.gravatar.com\/avatar\/146a18d2b51b2fff4b4d20a486533567?s=96&d=mm&r=g","caption":"Francisca Dominguez"},"url":"https:\/\/www.pmvabogados.cl\/en\/author\/francisca\/"}]}},"_links":{"self":[{"href":"https:\/\/www.pmvabogados.cl\/en\/wp-json\/wp\/v2\/posts\/1437"}],"collection":[{"href":"https:\/\/www.pmvabogados.cl\/en\/wp-json\/wp\/v2\/posts"}],"about":[{"href":"https:\/\/www.pmvabogados.cl\/en\/wp-json\/wp\/v2\/types\/post"}],"author":[{"embeddable":true,"href":"https:\/\/www.pmvabogados.cl\/en\/wp-json\/wp\/v2\/users\/2"}],"replies":[{"embeddable":true,"href":"https:\/\/www.pmvabogados.cl\/en\/wp-json\/wp\/v2\/comments?post=1437"}],"version-history":[{"count":3,"href":"https:\/\/www.pmvabogados.cl\/en\/wp-json\/wp\/v2\/posts\/1437\/revisions"}],"predecessor-version":[{"id":1671,"href":"https:\/\/www.pmvabogados.cl\/en\/wp-json\/wp\/v2\/posts\/1437\/revisions\/1671"}],"wp:attachment":[{"href":"https:\/\/www.pmvabogados.cl\/en\/wp-json\/wp\/v2\/media?parent=1437"}],"wp:term":[{"taxonomy":"category","embeddable":true,"href":"https:\/\/www.pmvabogados.cl\/en\/wp-json\/wp\/v2\/categories?post=1437"},{"taxonomy":"post_tag","embeddable":true,"href":"https:\/\/www.pmvabogados.cl\/en\/wp-json\/wp\/v2\/tags?post=1437"}],"curies":[{"name":"wp","href":"https:\/\/api.w.org\/{rel}","templated":true}]}}