{"id":1448,"date":"2022-04-20T19:20:44","date_gmt":"2022-04-20T22:20:44","guid":{"rendered":"https:\/\/www.pmvabogados.cl\/?p=1448"},"modified":"2024-02-15T09:59:15","modified_gmt":"2024-02-15T12:59:15","slug":"los-reparos-y-dudas-que-despiertan-en-gremios-empresariales-y-expertos-las-normas-laborales-aprobadas-por-la-convencion-constitucional-nota-la-tercera","status":"publish","type":"post","link":"https:\/\/www.pmvabogados.cl\/en\/los-reparos-y-dudas-que-despiertan-en-gremios-empresariales-y-expertos-las-normas-laborales-aprobadas-por-la-convencion-constitucional-nota-la-tercera\/","title":{"rendered":"Los reparos y dudas que despiertan en gremios empresariales y expertos las normas laborales aprobadas por la Convenci\u00f3n Constitucional | Nota, La Tercera"},"content":{"rendered":"<p>La Convenci\u00f3n Constitucional sigue avanzando. Y las normas que est\u00e1n pasando ya al borrador de la nueva Constituci\u00f3n se van sumando. El martes fue el turno de materias relativas a las relaciones laborales que apuntan a consagrar mayores atribuciones a los sindicatos.<\/p>\n<p>Una de ellas es la que permite la participaci\u00f3n de los trabajadores, a trav\u00e9s de sus organizaciones sindicales, en las decisiones de la empresa. Asimismo, se aprob\u00f3 que la ley regulara\u0301 los mecanismos por medio de los cuales se ejercer\u00e1 este derecho. Una idea de este tipo estuvo en el programa original de Gabriel Boric, donde se plante\u00f3 que los trabajadores tuvieran una participaci\u00f3n en los directorios de las grandes empresas. Sin embargo, tal propuesta se fue matizando con el paso de los meses, perdiendo finalmente protagonismo. Pero ahora reflot\u00f3 en la Convenci\u00f3n Constitucional.<\/p>\n<p>Otro punto aprobado por el pleno de la Convenci\u00f3n es que la Constituci\u00f3n asegurar\u00e1 el derecho a la negociaci\u00f3n colectiva. Corresponder\u00e1 a los trabajadores elegir el nivel en que se desarrollara\u0301 dicha negociaci\u00f3n, incluyendo la negociaci\u00f3n ramal, sectorial y territorial. Las \u00fanicas limitaciones a las materias susceptibles de negociaci\u00f3n ser\u00e1n aquellas concernientes a los m\u00ednimos irrenunciables fijados por la ley a favor de los trabajadores, establece el art\u00edculo que pas\u00f3 al borrador de la carta magna.<\/p>\n<p>Dado lo anterior, todas estas normas est\u00e1n siendo materia de an\u00e1lisis de los distintos actores, tanto del sector empresarial, sindical, como entre los expertos laborales.<\/p>\n<h4>La visi\u00f3n de empresarios y trabajadores<\/h4>\n<p>Los representantes de los empresarios, en general, tienen una visi\u00f3n cautamente cr\u00edtica. Esto, principalmente porque todav\u00eda falta conocer el detalle de su implementaci\u00f3n, lo que ser\u00e1 materia de ley. No obstante, ya muestran varios reparos y dudas.<\/p>\n<p>El primero en abordar la materia fue el presidente de la Confederaci\u00f3n de la Producci\u00f3n y del Comercio (CPC), Juan Sutil, quien tiene una mirada mixta sobre la norma que permitir\u00e1 a los trabajadores participar en las decisiones de la empresa. \u201cSiempre es importante que las trabajadoras y los trabajadores participen en las decisiones de las empresas, dentro de los roles que cada uno tiene: los trabajadores tienen un rol, los empleadores tienen otro rol y eso a trav\u00e9s de los diferentes estamentos de las empresas es muy importante que haya esa participaci\u00f3n\u201d. Sin embargo, asever\u00f3 que es relevante que esta integraci\u00f3n no necesariamente sea a trav\u00e9s de los sindicatos, sino que respetando la libertad que tienen las personas. \u201cLa libertad sindical es fundamental, la libertad de las personas tambi\u00e9n lo es. As\u00ed como las empresas pueden tener varios sindicatos, dependiendo el tama\u00f1o de la empresa, las personas tienen que tener su propia libertad y cada cual ver\u00e1 cu\u00e1l es el camino que m\u00e1s le gusta\u201d.<\/p>\n<p>Una visi\u00f3n m\u00e1s cr\u00edtica es la que entreg\u00f3 Diego Hern\u00e1ndez, presidente de la Sociedad Nacional de Miner\u00eda (Sonami), quien afirm\u00f3 que \u201ces una norma populista y poco precisa. No veo c\u00f3mo puede ayudar esta norma: dice el derecho a participar en las decisiones de las empresas, y eso es absolutamente amplio. Es algo muy ambiguo que lo \u00fanico que llevar\u00e1 es a generar m\u00e1s confusi\u00f3n. Y generar efectos secundarios que no se han visto a estas alturas\u201d.<\/p>\n<p>Por su parte, el presidente de la Sociedad Nacional de Agricultura, (SNA), Cristi\u00e1n Allendes, manifest\u00f3 que aunque est\u00e1n de acuerdo con un mayor di\u00e1logo social, \u201cel hecho de que se consagre en la Constituci\u00f3n (la norma aprobada) es preocupante, puesto que se incorpora un principio que orientar\u00e1 todas las leyes que se dicten al respecto\u201d.<\/p>\n<p>Y se pregunta: \u201c\u00bfDeber\u00e1 la empresa contar con la aprobaci\u00f3n de los sindicatos para definir estrategias comerciales, para adoptar decisiones de inversi\u00f3n o de ahorro, para negociar contratos con proveedores, para contratar m\u00e1s personal, para fijar remuneraciones, etc.? La norma confunde, puesto que el rol de los empresarios y de los trabajadores si bien es complementario, es diferente, y puede generar efectos totalmente contraproducentes\u201d.<\/p>\n<p>En tanto, el presidente de la Sociedad de Fomento Fabril (Sofofa), Richard von Appen, acot\u00f3 que \u201cnos parece importante seguir fomentando el di\u00e1logo dentro de la empresa, sin embargo, no creemos necesario que esta materia deba estar consagrada en la Constituci\u00f3n\u201d. En ese sentido, apunt\u00f3 que \u201cconsiderando que los trabajadores tienen un conocimiento profundo de lo que ocurre en sus empresas, es fundamental generar los espacios de di\u00e1logo sistem\u00e1tico y frecuente que permita asegurar un mayor involucramiento de los trabajadores en distintas instancias del quehacer de la compa\u00f1\u00eda, con el objetivo de integrar su visi\u00f3n, perspectiva y creatividad\u201d.<\/p>\n<p>Ahora, en relaci\u00f3n a negociaci\u00f3n ramal o multinivel, los empresarios tambi\u00e9n se mostraron preocupados, ya que puede afectar principalmente a las empresas m\u00e1s chicas. \u201cLa negociaci\u00f3n ramal afecta negativamente a las peque\u00f1as empresas, inhibe la competencia, el emprendimiento y la innovaci\u00f3n. Al mismo tiempo que es un incentivo a la informalidad\u201d, sostuvo Von Appen. Opini\u00f3n similar entreg\u00f3 Allendes: \u201cEsta modalidad de negociaci\u00f3n puede afectar inmensamente la econom\u00eda el pa\u00eds, especialmente en el sector agr\u00edcola, ya que no distingue las diferencias entre las empresas\u201d.<\/p>\n<p>En cambio, desde el mundo de los trabajadores, el presidente de la Central Unitaria de Trabajadores (CUT), David Acu\u00f1a, coment\u00f3 que \u201ces un avance que la voz de los trabajadores est\u00e9 presente en los directorios. Lo que est\u00e1 haciendo hoy la Convenci\u00f3n es recuperar derechos perdidos hace mucho tiempo\u201d.<\/p>\n<p>Los abogados y sus cuestionamientos<br \/>\nLa mayor\u00eda de los expertos consultados manifestaron su preocupaci\u00f3n por estas normas y algunas dudas. Para el exdirector del Trabajo y socio de principal de Albornoz &amp; C\u00eda, Marcelo Albornoz, la presencia de trabajadores en las decisiones de la empresa, es \u201cuna norma muy compleja por su vaguedad y contradicci\u00f3n. Por ejemplo, se habla del derecho de los trabajadores, pero la norma luego especifica que ese derecho s\u00f3lo lo ejercen los sindicatos, no siendo obligatorio sindicalizarse. Por otra parte, la norma no se refiere s\u00f3lo a participaci\u00f3n general, lo que podr\u00eda ser comprensible, sino que el rol de los sindicatos ser\u00e1 intervenir en las decisiones de la empresa, es decir, entrar de lleno en la administraci\u00f3n, direcci\u00f3n y organizaciones de una compa\u00f1\u00eda\u201d.<\/p>\n<p>El exsubsecretario del Trabajo y socio AMLV Abogados, Zarko Luksic, dijo que \u201ces una norma constitucional in\u00e9dita en el derecho comparado constitucional. No se conocen normas constitucionales de participaci\u00f3n de sindicatos en las decisiones de la empresa, y adem\u00e1s es innecesaria, ya que la actual legislaci\u00f3n permite que los sindicatos puedan participar en algunas decisiones al interior de la empresa a trav\u00e9s del proceso de negociaci\u00f3n colectiva; e incluso en la propiedad de la misma por decisi\u00f3n de sus due\u00f1os, ejemplo: Friosur\u201d.<\/p>\n<p><a href=\"https:\/\/www.pmvabogados.cl\/equipo\/sebastian-parga-m\/\">Sebasti\u00e1n Parga<\/a>, socio <a href=\"https:\/\/cl.linkedin.com\/company\/parga-montes-vasseur-abogados-laborales\">Parga, Montes &amp; Vasseur Laborales<\/a>, puntualiz\u00f3 que \u201cen pa\u00edses exitosos en su implementaci\u00f3n se encuentra, por ejemplo, Alemania, donde los directorios de las empresas tienen dos estructuras: un Consejo Superior y un Consejo Administrador. El primero -que es donde participan los trabajadores- tiene un rol de control, y el segundo -donde no hay trabajadores-, su rol es deliberativo\u201d.<\/p>\n<p>Y para el asesor de sindicatos y abogado laboral, Joaqu\u00edn Rodr\u00edguez, \u201cla llamada cogesti\u00f3n ya existe en varias empresas p\u00fablicas e incluso legalmente en las Cajas de Compensaci\u00f3n. Su materializaci\u00f3n debiese ir en el sentido de extender la cogesti\u00f3n que existe hoy y determinar si se tendr\u00e1 derecho a voto o meramente un derecho a voz\u201d.<\/p>\n","protected":false},"excerpt":{"rendered":"","protected":false},"author":2,"featured_media":0,"comment_status":"open","ping_status":"open","sticky":false,"template":"","format":"standard","meta":{"inline_featured_image":false,"footnotes":""},"categories":[16],"tags":[],"yoast_head":"<!-- This site is optimized with the Yoast SEO plugin v21.4 - https:\/\/yoast.com\/wordpress\/plugins\/seo\/ -->\n<title>Los reparos y dudas que despiertan en gremios empresariales y expertos las normas laborales aprobadas por la Convenci\u00f3n Constitucional | Nota, La Tercera - Parga, Montes, Vasseur Labor Lawyers<\/title>\n<meta name=\"description\" content=\"La Convenci\u00f3n Constitucional sigue avanzando. Y las normas que est\u00e1n pasando ya al borrador de la nueva Constituci\u00f3n se van sumando.\" \/>\n<meta name=\"robots\" content=\"index, follow, max-snippet:-1, max-image-preview:large, max-video-preview:-1\" \/>\n<link rel=\"canonical\" href=\"https:\/\/www.pmvabogados.cl\/en\/los-reparos-y-dudas-que-despiertan-en-gremios-empresariales-y-expertos-las-normas-laborales-aprobadas-por-la-convencion-constitucional-nota-la-tercera\/\" \/>\n<meta property=\"og:locale\" content=\"en_US\" \/>\n<meta property=\"og:type\" content=\"article\" \/>\n<meta property=\"og:title\" content=\"Los reparos y dudas que despiertan en gremios empresariales y expertos las normas laborales aprobadas por la Convenci\u00f3n Constitucional | Nota, La Tercera - Parga, Montes, Vasseur Labor Lawyers\" \/>\n<meta property=\"og:description\" content=\"La Convenci\u00f3n Constitucional sigue avanzando. Y las normas que est\u00e1n pasando ya al borrador de la nueva Constituci\u00f3n se van sumando.\" \/>\n<meta property=\"og:url\" content=\"https:\/\/www.pmvabogados.cl\/en\/los-reparos-y-dudas-que-despiertan-en-gremios-empresariales-y-expertos-las-normas-laborales-aprobadas-por-la-convencion-constitucional-nota-la-tercera\/\" \/>\n<meta property=\"og:site_name\" content=\"Parga, Montes, Vasseur Labor Lawyers\" \/>\n<meta property=\"article:published_time\" content=\"2022-04-20T22:20:44+00:00\" \/>\n<meta property=\"article:modified_time\" content=\"2024-02-15T12:59:15+00:00\" \/>\n<meta name=\"author\" content=\"Francisca Dominguez\" \/>\n<meta name=\"twitter:card\" content=\"summary_large_image\" \/>\n<meta name=\"twitter:label1\" content=\"Written by\" \/>\n\t<meta name=\"twitter:data1\" content=\"Francisca Dominguez\" \/>\n\t<meta name=\"twitter:label2\" content=\"Est. reading time\" \/>\n\t<meta name=\"twitter:data2\" content=\"6 minutes\" \/>\n<script type=\"application\/ld+json\" class=\"yoast-schema-graph\">{\"@context\":\"https:\/\/schema.org\",\"@graph\":[{\"@type\":\"Article\",\"@id\":\"https:\/\/www.pmvabogados.cl\/en\/los-reparos-y-dudas-que-despiertan-en-gremios-empresariales-y-expertos-las-normas-laborales-aprobadas-por-la-convencion-constitucional-nota-la-tercera\/#article\",\"isPartOf\":{\"@id\":\"https:\/\/www.pmvabogados.cl\/en\/los-reparos-y-dudas-que-despiertan-en-gremios-empresariales-y-expertos-las-normas-laborales-aprobadas-por-la-convencion-constitucional-nota-la-tercera\/\"},\"author\":{\"name\":\"Francisca Dominguez\",\"@id\":\"https:\/\/www.pmvabogados.cl\/en\/#\/schema\/person\/401fd0c9a37d714b31a68493cee1be83\"},\"headline\":\"Los reparos y dudas que despiertan en gremios empresariales y expertos las normas laborales aprobadas por la Convenci\u00f3n Constitucional | Nota, La Tercera\",\"datePublished\":\"2022-04-20T22:20:44+00:00\",\"dateModified\":\"2024-02-15T12:59:15+00:00\",\"mainEntityOfPage\":{\"@id\":\"https:\/\/www.pmvabogados.cl\/en\/los-reparos-y-dudas-que-despiertan-en-gremios-empresariales-y-expertos-las-normas-laborales-aprobadas-por-la-convencion-constitucional-nota-la-tercera\/\"},\"wordCount\":1318,\"commentCount\":0,\"publisher\":{\"@id\":\"https:\/\/www.pmvabogados.cl\/en\/#organization\"},\"articleSection\":[\"Noticias\"],\"inLanguage\":\"en-US\",\"potentialAction\":[{\"@type\":\"CommentAction\",\"name\":\"Comment\",\"target\":[\"https:\/\/www.pmvabogados.cl\/en\/los-reparos-y-dudas-que-despiertan-en-gremios-empresariales-y-expertos-las-normas-laborales-aprobadas-por-la-convencion-constitucional-nota-la-tercera\/#respond\"]}]},{\"@type\":\"WebPage\",\"@id\":\"https:\/\/www.pmvabogados.cl\/en\/los-reparos-y-dudas-que-despiertan-en-gremios-empresariales-y-expertos-las-normas-laborales-aprobadas-por-la-convencion-constitucional-nota-la-tercera\/\",\"url\":\"https:\/\/www.pmvabogados.cl\/en\/los-reparos-y-dudas-que-despiertan-en-gremios-empresariales-y-expertos-las-normas-laborales-aprobadas-por-la-convencion-constitucional-nota-la-tercera\/\",\"name\":\"Los reparos y dudas que despiertan en gremios empresariales y expertos las normas laborales aprobadas por la Convenci\u00f3n Constitucional | Nota, La Tercera - Parga, Montes, Vasseur Labor Lawyers\",\"isPartOf\":{\"@id\":\"https:\/\/www.pmvabogados.cl\/en\/#website\"},\"datePublished\":\"2022-04-20T22:20:44+00:00\",\"dateModified\":\"2024-02-15T12:59:15+00:00\",\"description\":\"La Convenci\u00f3n Constitucional sigue avanzando. Y las normas que est\u00e1n pasando ya al borrador de la nueva Constituci\u00f3n se van sumando.\",\"breadcrumb\":{\"@id\":\"https:\/\/www.pmvabogados.cl\/en\/los-reparos-y-dudas-que-despiertan-en-gremios-empresariales-y-expertos-las-normas-laborales-aprobadas-por-la-convencion-constitucional-nota-la-tercera\/#breadcrumb\"},\"inLanguage\":\"en-US\",\"potentialAction\":[{\"@type\":\"ReadAction\",\"target\":[\"https:\/\/www.pmvabogados.cl\/en\/los-reparos-y-dudas-que-despiertan-en-gremios-empresariales-y-expertos-las-normas-laborales-aprobadas-por-la-convencion-constitucional-nota-la-tercera\/\"]}]},{\"@type\":\"BreadcrumbList\",\"@id\":\"https:\/\/www.pmvabogados.cl\/en\/los-reparos-y-dudas-que-despiertan-en-gremios-empresariales-y-expertos-las-normas-laborales-aprobadas-por-la-convencion-constitucional-nota-la-tercera\/#breadcrumb\",\"itemListElement\":[{\"@type\":\"ListItem\",\"position\":1,\"name\":\"Portada\",\"item\":\"https:\/\/www.pmvabogados.cl\/en\/\"},{\"@type\":\"ListItem\",\"position\":2,\"name\":\"Los reparos y dudas que despiertan en gremios empresariales y expertos las normas laborales aprobadas por la Convenci\u00f3n Constitucional | Nota, La Tercera\"}]},{\"@type\":\"WebSite\",\"@id\":\"https:\/\/www.pmvabogados.cl\/en\/#website\",\"url\":\"https:\/\/www.pmvabogados.cl\/en\/\",\"name\":\"Parga, Montes, Vasseur Abogados Laborales\",\"description\":\"Labor Lawyers\",\"publisher\":{\"@id\":\"https:\/\/www.pmvabogados.cl\/en\/#organization\"},\"alternateName\":\"PMV Abogados\",\"potentialAction\":[{\"@type\":\"SearchAction\",\"target\":{\"@type\":\"EntryPoint\",\"urlTemplate\":\"https:\/\/www.pmvabogados.cl\/en\/?s={search_term_string}\"},\"query-input\":\"required name=search_term_string\"}],\"inLanguage\":\"en-US\"},{\"@type\":\"Organization\",\"@id\":\"https:\/\/www.pmvabogados.cl\/en\/#organization\",\"name\":\"Parga, Montes, Vasseur Abogados Laborales\",\"alternateName\":\"PMV Abogados\",\"url\":\"https:\/\/www.pmvabogados.cl\/en\/\",\"logo\":{\"@type\":\"ImageObject\",\"inLanguage\":\"en-US\",\"@id\":\"https:\/\/www.pmvabogados.cl\/en\/#\/schema\/logo\/image\/\",\"url\":\"https:\/\/www.pmvabogados.cl\/wp-content\/uploads\/2023\/03\/Proyecto-nuevo-1.png\",\"contentUrl\":\"https:\/\/www.pmvabogados.cl\/wp-content\/uploads\/2023\/03\/Proyecto-nuevo-1.png\",\"width\":800,\"height\":800,\"caption\":\"Parga, Montes, Vasseur Abogados Laborales\"},\"image\":{\"@id\":\"https:\/\/www.pmvabogados.cl\/en\/#\/schema\/logo\/image\/\"},\"sameAs\":[\"https:\/\/www.linkedin.com\/company\/79443714\/admin\/\"]},{\"@type\":\"Person\",\"@id\":\"https:\/\/www.pmvabogados.cl\/en\/#\/schema\/person\/401fd0c9a37d714b31a68493cee1be83\",\"name\":\"Francisca Dominguez\",\"image\":{\"@type\":\"ImageObject\",\"inLanguage\":\"en-US\",\"@id\":\"https:\/\/www.pmvabogados.cl\/en\/#\/schema\/person\/image\/\",\"url\":\"https:\/\/secure.gravatar.com\/avatar\/146a18d2b51b2fff4b4d20a486533567?s=96&d=mm&r=g\",\"contentUrl\":\"https:\/\/secure.gravatar.com\/avatar\/146a18d2b51b2fff4b4d20a486533567?s=96&d=mm&r=g\",\"caption\":\"Francisca Dominguez\"},\"url\":\"https:\/\/www.pmvabogados.cl\/en\/author\/francisca\/\"}]}<\/script>\n<!-- \/ Yoast SEO plugin. -->","yoast_head_json":{"title":"Los reparos y dudas que despiertan en gremios empresariales y expertos las normas laborales aprobadas por la Convenci\u00f3n Constitucional | Nota, La Tercera - Parga, Montes, Vasseur Labor Lawyers","description":"La Convenci\u00f3n Constitucional sigue avanzando. Y las normas que est\u00e1n pasando ya al borrador de la nueva Constituci\u00f3n se van sumando.","robots":{"index":"index","follow":"follow","max-snippet":"max-snippet:-1","max-image-preview":"max-image-preview:large","max-video-preview":"max-video-preview:-1"},"canonical":"https:\/\/www.pmvabogados.cl\/en\/los-reparos-y-dudas-que-despiertan-en-gremios-empresariales-y-expertos-las-normas-laborales-aprobadas-por-la-convencion-constitucional-nota-la-tercera\/","og_locale":"en_US","og_type":"article","og_title":"Los reparos y dudas que despiertan en gremios empresariales y expertos las normas laborales aprobadas por la Convenci\u00f3n Constitucional | Nota, La Tercera - Parga, Montes, Vasseur Labor Lawyers","og_description":"La Convenci\u00f3n Constitucional sigue avanzando. Y las normas que est\u00e1n pasando ya al borrador de la nueva Constituci\u00f3n se van sumando.","og_url":"https:\/\/www.pmvabogados.cl\/en\/los-reparos-y-dudas-que-despiertan-en-gremios-empresariales-y-expertos-las-normas-laborales-aprobadas-por-la-convencion-constitucional-nota-la-tercera\/","og_site_name":"Parga, Montes, Vasseur Labor Lawyers","article_published_time":"2022-04-20T22:20:44+00:00","article_modified_time":"2024-02-15T12:59:15+00:00","author":"Francisca Dominguez","twitter_card":"summary_large_image","twitter_misc":{"Written by":"Francisca Dominguez","Est. reading time":"6 minutes"},"schema":{"@context":"https:\/\/schema.org","@graph":[{"@type":"Article","@id":"https:\/\/www.pmvabogados.cl\/en\/los-reparos-y-dudas-que-despiertan-en-gremios-empresariales-y-expertos-las-normas-laborales-aprobadas-por-la-convencion-constitucional-nota-la-tercera\/#article","isPartOf":{"@id":"https:\/\/www.pmvabogados.cl\/en\/los-reparos-y-dudas-que-despiertan-en-gremios-empresariales-y-expertos-las-normas-laborales-aprobadas-por-la-convencion-constitucional-nota-la-tercera\/"},"author":{"name":"Francisca Dominguez","@id":"https:\/\/www.pmvabogados.cl\/en\/#\/schema\/person\/401fd0c9a37d714b31a68493cee1be83"},"headline":"Los reparos y dudas que despiertan en gremios empresariales y expertos las normas laborales aprobadas por la Convenci\u00f3n Constitucional | Nota, La Tercera","datePublished":"2022-04-20T22:20:44+00:00","dateModified":"2024-02-15T12:59:15+00:00","mainEntityOfPage":{"@id":"https:\/\/www.pmvabogados.cl\/en\/los-reparos-y-dudas-que-despiertan-en-gremios-empresariales-y-expertos-las-normas-laborales-aprobadas-por-la-convencion-constitucional-nota-la-tercera\/"},"wordCount":1318,"commentCount":0,"publisher":{"@id":"https:\/\/www.pmvabogados.cl\/en\/#organization"},"articleSection":["Noticias"],"inLanguage":"en-US","potentialAction":[{"@type":"CommentAction","name":"Comment","target":["https:\/\/www.pmvabogados.cl\/en\/los-reparos-y-dudas-que-despiertan-en-gremios-empresariales-y-expertos-las-normas-laborales-aprobadas-por-la-convencion-constitucional-nota-la-tercera\/#respond"]}]},{"@type":"WebPage","@id":"https:\/\/www.pmvabogados.cl\/en\/los-reparos-y-dudas-que-despiertan-en-gremios-empresariales-y-expertos-las-normas-laborales-aprobadas-por-la-convencion-constitucional-nota-la-tercera\/","url":"https:\/\/www.pmvabogados.cl\/en\/los-reparos-y-dudas-que-despiertan-en-gremios-empresariales-y-expertos-las-normas-laborales-aprobadas-por-la-convencion-constitucional-nota-la-tercera\/","name":"Los reparos y dudas que despiertan en gremios empresariales y expertos las normas laborales aprobadas por la Convenci\u00f3n Constitucional | Nota, La Tercera - Parga, Montes, Vasseur Labor Lawyers","isPartOf":{"@id":"https:\/\/www.pmvabogados.cl\/en\/#website"},"datePublished":"2022-04-20T22:20:44+00:00","dateModified":"2024-02-15T12:59:15+00:00","description":"La Convenci\u00f3n Constitucional sigue avanzando. Y las normas que est\u00e1n pasando ya al borrador de la nueva Constituci\u00f3n se van sumando.","breadcrumb":{"@id":"https:\/\/www.pmvabogados.cl\/en\/los-reparos-y-dudas-que-despiertan-en-gremios-empresariales-y-expertos-las-normas-laborales-aprobadas-por-la-convencion-constitucional-nota-la-tercera\/#breadcrumb"},"inLanguage":"en-US","potentialAction":[{"@type":"ReadAction","target":["https:\/\/www.pmvabogados.cl\/en\/los-reparos-y-dudas-que-despiertan-en-gremios-empresariales-y-expertos-las-normas-laborales-aprobadas-por-la-convencion-constitucional-nota-la-tercera\/"]}]},{"@type":"BreadcrumbList","@id":"https:\/\/www.pmvabogados.cl\/en\/los-reparos-y-dudas-que-despiertan-en-gremios-empresariales-y-expertos-las-normas-laborales-aprobadas-por-la-convencion-constitucional-nota-la-tercera\/#breadcrumb","itemListElement":[{"@type":"ListItem","position":1,"name":"Portada","item":"https:\/\/www.pmvabogados.cl\/en\/"},{"@type":"ListItem","position":2,"name":"Los reparos y dudas que despiertan en gremios empresariales y expertos las normas laborales aprobadas por la Convenci\u00f3n Constitucional | Nota, La Tercera"}]},{"@type":"WebSite","@id":"https:\/\/www.pmvabogados.cl\/en\/#website","url":"https:\/\/www.pmvabogados.cl\/en\/","name":"Parga, Montes, Vasseur Abogados Laborales","description":"Labor Lawyers","publisher":{"@id":"https:\/\/www.pmvabogados.cl\/en\/#organization"},"alternateName":"PMV Abogados","potentialAction":[{"@type":"SearchAction","target":{"@type":"EntryPoint","urlTemplate":"https:\/\/www.pmvabogados.cl\/en\/?s={search_term_string}"},"query-input":"required name=search_term_string"}],"inLanguage":"en-US"},{"@type":"Organization","@id":"https:\/\/www.pmvabogados.cl\/en\/#organization","name":"Parga, Montes, Vasseur Abogados Laborales","alternateName":"PMV Abogados","url":"https:\/\/www.pmvabogados.cl\/en\/","logo":{"@type":"ImageObject","inLanguage":"en-US","@id":"https:\/\/www.pmvabogados.cl\/en\/#\/schema\/logo\/image\/","url":"https:\/\/www.pmvabogados.cl\/wp-content\/uploads\/2023\/03\/Proyecto-nuevo-1.png","contentUrl":"https:\/\/www.pmvabogados.cl\/wp-content\/uploads\/2023\/03\/Proyecto-nuevo-1.png","width":800,"height":800,"caption":"Parga, Montes, Vasseur Abogados Laborales"},"image":{"@id":"https:\/\/www.pmvabogados.cl\/en\/#\/schema\/logo\/image\/"},"sameAs":["https:\/\/www.linkedin.com\/company\/79443714\/admin\/"]},{"@type":"Person","@id":"https:\/\/www.pmvabogados.cl\/en\/#\/schema\/person\/401fd0c9a37d714b31a68493cee1be83","name":"Francisca Dominguez","image":{"@type":"ImageObject","inLanguage":"en-US","@id":"https:\/\/www.pmvabogados.cl\/en\/#\/schema\/person\/image\/","url":"https:\/\/secure.gravatar.com\/avatar\/146a18d2b51b2fff4b4d20a486533567?s=96&d=mm&r=g","contentUrl":"https:\/\/secure.gravatar.com\/avatar\/146a18d2b51b2fff4b4d20a486533567?s=96&d=mm&r=g","caption":"Francisca Dominguez"},"url":"https:\/\/www.pmvabogados.cl\/en\/author\/francisca\/"}]}},"_links":{"self":[{"href":"https:\/\/www.pmvabogados.cl\/en\/wp-json\/wp\/v2\/posts\/1448"}],"collection":[{"href":"https:\/\/www.pmvabogados.cl\/en\/wp-json\/wp\/v2\/posts"}],"about":[{"href":"https:\/\/www.pmvabogados.cl\/en\/wp-json\/wp\/v2\/types\/post"}],"author":[{"embeddable":true,"href":"https:\/\/www.pmvabogados.cl\/en\/wp-json\/wp\/v2\/users\/2"}],"replies":[{"embeddable":true,"href":"https:\/\/www.pmvabogados.cl\/en\/wp-json\/wp\/v2\/comments?post=1448"}],"version-history":[{"count":2,"href":"https:\/\/www.pmvabogados.cl\/en\/wp-json\/wp\/v2\/posts\/1448\/revisions"}],"predecessor-version":[{"id":1664,"href":"https:\/\/www.pmvabogados.cl\/en\/wp-json\/wp\/v2\/posts\/1448\/revisions\/1664"}],"wp:attachment":[{"href":"https:\/\/www.pmvabogados.cl\/en\/wp-json\/wp\/v2\/media?parent=1448"}],"wp:term":[{"taxonomy":"category","embeddable":true,"href":"https:\/\/www.pmvabogados.cl\/en\/wp-json\/wp\/v2\/categories?post=1448"},{"taxonomy":"post_tag","embeddable":true,"href":"https:\/\/www.pmvabogados.cl\/en\/wp-json\/wp\/v2\/tags?post=1448"}],"curies":[{"name":"wp","href":"https:\/\/api.w.org\/{rel}","templated":true}]}}