{"id":1455,"date":"2022-03-10T19:15:51","date_gmt":"2022-03-10T22:15:51","guid":{"rendered":"https:\/\/www.pmvabogados.cl\/?p=1455"},"modified":"2024-02-15T09:56:52","modified_gmt":"2024-02-15T12:56:52","slug":"ley-de-migraciones-retos-de-la-administracion-publica","status":"publish","type":"post","link":"https:\/\/www.pmvabogados.cl\/en\/ley-de-migraciones-retos-de-la-administracion-publica\/","title":{"rendered":"Ley de migraciones: retos de la administraci\u00f3n p\u00fablica | Columna de opini\u00f3n, Jorge Montes"},"content":{"rendered":"<p><strong>Ley de migraciones: retos de la administraci\u00f3n p\u00fablica<\/strong><\/p>\n<p>La inmigraci\u00f3n en Chile es uno de los problemas recogidos intensamente por el debate pol\u00edtico-social actual, que se agudiz\u00f3 sin que ni Estado ni privados hubiesen encontrado soluciones concretas.<\/p>\n<p>El de nuestro pa\u00eds, sin embargo, no es un caso aislado, y, por ejemplo, en 2015 la Uni\u00f3n Europea padeci\u00f3 una gran crisis migratoria. De hecho, seg\u00fan la Organizaci\u00f3n Internacional de las Migraciones (OIM), ese a\u00f1o hubo el mayor n\u00famero de fallecidos entre migrantes y refugiados que cruzaron el Mediterr\u00e1neo buscando llegar a Europa. Hoy ese continente enfrenta otro gran reto migratorio producto del conflicto entre Ucrania y Rusia. En Latinoam\u00e9rica, en tanto, Chile es uno de los pa\u00edses m\u00e1s impactados por la ola migratoria derivada de los retos pol\u00edtico-econ\u00f3micos del continente.<\/p>\n<p>La nueva ley de migraci\u00f3n logr\u00f3 recoger innumerables propuestas que, desde 1975, hab\u00edan permanecido intactas y desactualizadas respecto de las necesidades contempor\u00e1neas. No obstante, y pese al gran avance legislativo que representa esta regulaci\u00f3n, surge la duda de si con la entrada en vigor de la nueva normativa se lograr\u00e1 \u201cordenar la casa\u201d\u00b8 como se\u00f1alaba el presidente Pi\u00f1era cuando promulg\u00f3 la ley, en abril de 2021. Es que su implementaci\u00f3n implicar\u00e1 un gran desaf\u00edo para el Servicio Nacional de Migraciones (SNM) y dado el nivel del flujo migratorio requerir\u00e1 agilizar m\u00e1s los procesos.<\/p>\n<p>Esta ley consagra el derecho del Estado de decidir a qui\u00e9n ha de admitir en su territorio. Y ser\u00e1 deber del Estado proporcionar a los extranjeros informaci\u00f3n \u00edntegra, oportuna y eficaz acerca de sus derechos y deberes, los requisitos y procedimientos para su admisi\u00f3n, estad\u00eda y egreso del pa\u00eds. Se consagran ahora procedimientos informados, se contemplan derechos que eran inexistentes y se estipulan prohibiciones y sanciones destinadas a evitar una migraci\u00f3n desbordada e ilegal, fomentando una mayor seguridad para el extranjero que, por necesidad u obligaci\u00f3n, ingresa a Chile. La ley es igual para todos, sean nacionales o extranjeros, y el llamado del legislador es a resguardar esta garant\u00eda constitucional, sin discriminaci\u00f3n alguna.<\/p>\n<p>En la pr\u00e1ctica, no obstante, estos aspectos \u2014fundamentales en cualquier legislaci\u00f3n migratoria medianamente moderna\u2014 a\u00fan no se han implementado. Entre tantas nuevas categor\u00edas y subcategor\u00edas migratorias, y estando claros los criterios para la obtenci\u00f3n de un permiso de residencia, queda claro que el SNM ser\u00e1 el pilar fundamental sobre el cual descansa la aplicaci\u00f3n de la nueva estructura. \u00bfEstar\u00e1 a la altura?<\/p>\n<p>As\u00ed, la ejecuci\u00f3n de los procesos y la celeridad de estos \u2014desde que se solicita un permiso de residencia hasta su debido otorgamiento por el consulado de Chile en el extranjero\u2014 ser\u00e1 la piedra angular a la hora de evitar el atochamiento actual de procedimientos que atosiga a los extranjeros en el pa\u00eds. Agreguemos que la labor de los consulados chilenos en el extranjero ser\u00e1 clave para permitir un ingreso ordenado y paulatino, dado que no se podr\u00e1n realizar solicitudes desde Chile, sino que toda tramitaci\u00f3n de los permisos de residencia se efectuar\u00e1 desde los consulados. Cabe nuevamente preguntarse si se habr\u00e1 reforzado al personal consular y si lo que funciona en el papel funcionar\u00e1 adecuadamente en los hechos.<\/p>\n<p>El principal desaf\u00edo del Servicio Nacional de Migrantes \u2014y del nuevo gobierno\u2014 ser\u00e1 el de implementar en la pr\u00e1ctica la nueva normativa, que responde a un nuevo orden mundial y regional tumultuoso. Algo que no es menor.<\/p>\n<p><a href=\"https:\/\/www.pmvabogados.cl\/equipo\/jorge-montes-a\/\">Jorge Montes<\/a><br \/>\nSocio <a href=\"https:\/\/cl.linkedin.com\/company\/parga-montes-vasseur-abogados-laborales\">Parga, Montes &amp; Vasseur Laborales<\/a><\/p>\n","protected":false},"excerpt":{"rendered":"","protected":false},"author":2,"featured_media":0,"comment_status":"open","ping_status":"open","sticky":false,"template":"","format":"standard","meta":{"inline_featured_image":false,"footnotes":""},"categories":[4],"tags":[],"yoast_head":"<!-- This site is optimized with the Yoast SEO plugin v21.4 - https:\/\/yoast.com\/wordpress\/plugins\/seo\/ -->\n<title>Ley de migraciones: retos de la administraci\u00f3n p\u00fablica | Columna de opini\u00f3n, Jorge Montes - Parga, Montes, Vasseur Labor Lawyers<\/title>\n<meta name=\"description\" content=\"Jorge Montes en su columna titulada &quot;Ley de migraciones: retos de la administraci\u00f3n p\u00fablica&quot;, reflexiona sobre la problem\u00e1tica de migraci\u00f3n\" \/>\n<meta name=\"robots\" content=\"index, follow, max-snippet:-1, max-image-preview:large, max-video-preview:-1\" \/>\n<link rel=\"canonical\" href=\"https:\/\/www.pmvabogados.cl\/en\/ley-de-migraciones-retos-de-la-administracion-publica\/\" \/>\n<meta property=\"og:locale\" content=\"en_US\" \/>\n<meta property=\"og:type\" content=\"article\" \/>\n<meta property=\"og:title\" content=\"Ley de migraciones: retos de la administraci\u00f3n p\u00fablica | Columna de opini\u00f3n, Jorge Montes - Parga, Montes, Vasseur Labor Lawyers\" \/>\n<meta property=\"og:description\" content=\"Jorge Montes en su columna titulada &quot;Ley de migraciones: retos de la administraci\u00f3n p\u00fablica&quot;, reflexiona sobre la problem\u00e1tica de migraci\u00f3n\" \/>\n<meta property=\"og:url\" content=\"https:\/\/www.pmvabogados.cl\/en\/ley-de-migraciones-retos-de-la-administracion-publica\/\" \/>\n<meta property=\"og:site_name\" content=\"Parga, Montes, Vasseur Labor Lawyers\" \/>\n<meta property=\"article:published_time\" content=\"2022-03-10T22:15:51+00:00\" \/>\n<meta property=\"article:modified_time\" content=\"2024-02-15T12:56:52+00:00\" \/>\n<meta name=\"author\" content=\"Francisca Dominguez\" \/>\n<meta name=\"twitter:card\" content=\"summary_large_image\" \/>\n<meta name=\"twitter:label1\" content=\"Written by\" \/>\n\t<meta name=\"twitter:data1\" content=\"Francisca Dominguez\" \/>\n\t<meta name=\"twitter:label2\" content=\"Est. reading time\" \/>\n\t<meta name=\"twitter:data2\" content=\"3 minutes\" \/>\n<script type=\"application\/ld+json\" class=\"yoast-schema-graph\">{\"@context\":\"https:\/\/schema.org\",\"@graph\":[{\"@type\":\"Article\",\"@id\":\"https:\/\/www.pmvabogados.cl\/en\/ley-de-migraciones-retos-de-la-administracion-publica\/#article\",\"isPartOf\":{\"@id\":\"https:\/\/www.pmvabogados.cl\/en\/ley-de-migraciones-retos-de-la-administracion-publica\/\"},\"author\":{\"name\":\"Francisca Dominguez\",\"@id\":\"https:\/\/www.pmvabogados.cl\/en\/#\/schema\/person\/401fd0c9a37d714b31a68493cee1be83\"},\"headline\":\"Ley de migraciones: retos de la administraci\u00f3n p\u00fablica | Columna de opini\u00f3n, Jorge Montes\",\"datePublished\":\"2022-03-10T22:15:51+00:00\",\"dateModified\":\"2024-02-15T12:56:52+00:00\",\"mainEntityOfPage\":{\"@id\":\"https:\/\/www.pmvabogados.cl\/en\/ley-de-migraciones-retos-de-la-administracion-publica\/\"},\"wordCount\":621,\"commentCount\":0,\"publisher\":{\"@id\":\"https:\/\/www.pmvabogados.cl\/en\/#organization\"},\"articleSection\":[\"Publicaciones\"],\"inLanguage\":\"en-US\",\"potentialAction\":[{\"@type\":\"CommentAction\",\"name\":\"Comment\",\"target\":[\"https:\/\/www.pmvabogados.cl\/en\/ley-de-migraciones-retos-de-la-administracion-publica\/#respond\"]}]},{\"@type\":\"WebPage\",\"@id\":\"https:\/\/www.pmvabogados.cl\/en\/ley-de-migraciones-retos-de-la-administracion-publica\/\",\"url\":\"https:\/\/www.pmvabogados.cl\/en\/ley-de-migraciones-retos-de-la-administracion-publica\/\",\"name\":\"Ley de migraciones: retos de la administraci\u00f3n p\u00fablica | Columna de opini\u00f3n, Jorge Montes - Parga, Montes, Vasseur Labor Lawyers\",\"isPartOf\":{\"@id\":\"https:\/\/www.pmvabogados.cl\/en\/#website\"},\"datePublished\":\"2022-03-10T22:15:51+00:00\",\"dateModified\":\"2024-02-15T12:56:52+00:00\",\"description\":\"Jorge Montes en su columna titulada \\\"Ley de migraciones: retos de la administraci\u00f3n p\u00fablica\\\", reflexiona sobre la problem\u00e1tica de migraci\u00f3n\",\"breadcrumb\":{\"@id\":\"https:\/\/www.pmvabogados.cl\/en\/ley-de-migraciones-retos-de-la-administracion-publica\/#breadcrumb\"},\"inLanguage\":\"en-US\",\"potentialAction\":[{\"@type\":\"ReadAction\",\"target\":[\"https:\/\/www.pmvabogados.cl\/en\/ley-de-migraciones-retos-de-la-administracion-publica\/\"]}]},{\"@type\":\"BreadcrumbList\",\"@id\":\"https:\/\/www.pmvabogados.cl\/en\/ley-de-migraciones-retos-de-la-administracion-publica\/#breadcrumb\",\"itemListElement\":[{\"@type\":\"ListItem\",\"position\":1,\"name\":\"Portada\",\"item\":\"https:\/\/www.pmvabogados.cl\/en\/\"},{\"@type\":\"ListItem\",\"position\":2,\"name\":\"Ley de migraciones: retos de la administraci\u00f3n p\u00fablica | Columna de opini\u00f3n, Jorge Montes\"}]},{\"@type\":\"WebSite\",\"@id\":\"https:\/\/www.pmvabogados.cl\/en\/#website\",\"url\":\"https:\/\/www.pmvabogados.cl\/en\/\",\"name\":\"Parga, Montes, Vasseur Abogados Laborales\",\"description\":\"Labor Lawyers\",\"publisher\":{\"@id\":\"https:\/\/www.pmvabogados.cl\/en\/#organization\"},\"alternateName\":\"PMV Abogados\",\"potentialAction\":[{\"@type\":\"SearchAction\",\"target\":{\"@type\":\"EntryPoint\",\"urlTemplate\":\"https:\/\/www.pmvabogados.cl\/en\/?s={search_term_string}\"},\"query-input\":\"required name=search_term_string\"}],\"inLanguage\":\"en-US\"},{\"@type\":\"Organization\",\"@id\":\"https:\/\/www.pmvabogados.cl\/en\/#organization\",\"name\":\"Parga, Montes, Vasseur Abogados Laborales\",\"alternateName\":\"PMV Abogados\",\"url\":\"https:\/\/www.pmvabogados.cl\/en\/\",\"logo\":{\"@type\":\"ImageObject\",\"inLanguage\":\"en-US\",\"@id\":\"https:\/\/www.pmvabogados.cl\/en\/#\/schema\/logo\/image\/\",\"url\":\"https:\/\/www.pmvabogados.cl\/wp-content\/uploads\/2023\/03\/Proyecto-nuevo-1.png\",\"contentUrl\":\"https:\/\/www.pmvabogados.cl\/wp-content\/uploads\/2023\/03\/Proyecto-nuevo-1.png\",\"width\":800,\"height\":800,\"caption\":\"Parga, Montes, Vasseur Abogados Laborales\"},\"image\":{\"@id\":\"https:\/\/www.pmvabogados.cl\/en\/#\/schema\/logo\/image\/\"},\"sameAs\":[\"https:\/\/www.linkedin.com\/company\/79443714\/admin\/\"]},{\"@type\":\"Person\",\"@id\":\"https:\/\/www.pmvabogados.cl\/en\/#\/schema\/person\/401fd0c9a37d714b31a68493cee1be83\",\"name\":\"Francisca Dominguez\",\"image\":{\"@type\":\"ImageObject\",\"inLanguage\":\"en-US\",\"@id\":\"https:\/\/www.pmvabogados.cl\/en\/#\/schema\/person\/image\/\",\"url\":\"https:\/\/secure.gravatar.com\/avatar\/146a18d2b51b2fff4b4d20a486533567?s=96&d=mm&r=g\",\"contentUrl\":\"https:\/\/secure.gravatar.com\/avatar\/146a18d2b51b2fff4b4d20a486533567?s=96&d=mm&r=g\",\"caption\":\"Francisca Dominguez\"},\"url\":\"https:\/\/www.pmvabogados.cl\/en\/author\/francisca\/\"}]}<\/script>\n<!-- \/ Yoast SEO plugin. -->","yoast_head_json":{"title":"Ley de migraciones: retos de la administraci\u00f3n p\u00fablica | Columna de opini\u00f3n, Jorge Montes - Parga, Montes, Vasseur Labor Lawyers","description":"Jorge Montes en su columna titulada \"Ley de migraciones: retos de la administraci\u00f3n p\u00fablica\", reflexiona sobre la problem\u00e1tica de migraci\u00f3n","robots":{"index":"index","follow":"follow","max-snippet":"max-snippet:-1","max-image-preview":"max-image-preview:large","max-video-preview":"max-video-preview:-1"},"canonical":"https:\/\/www.pmvabogados.cl\/en\/ley-de-migraciones-retos-de-la-administracion-publica\/","og_locale":"en_US","og_type":"article","og_title":"Ley de migraciones: retos de la administraci\u00f3n p\u00fablica | Columna de opini\u00f3n, Jorge Montes - Parga, Montes, Vasseur Labor Lawyers","og_description":"Jorge Montes en su columna titulada \"Ley de migraciones: retos de la administraci\u00f3n p\u00fablica\", reflexiona sobre la problem\u00e1tica de migraci\u00f3n","og_url":"https:\/\/www.pmvabogados.cl\/en\/ley-de-migraciones-retos-de-la-administracion-publica\/","og_site_name":"Parga, Montes, Vasseur Labor Lawyers","article_published_time":"2022-03-10T22:15:51+00:00","article_modified_time":"2024-02-15T12:56:52+00:00","author":"Francisca Dominguez","twitter_card":"summary_large_image","twitter_misc":{"Written by":"Francisca Dominguez","Est. reading time":"3 minutes"},"schema":{"@context":"https:\/\/schema.org","@graph":[{"@type":"Article","@id":"https:\/\/www.pmvabogados.cl\/en\/ley-de-migraciones-retos-de-la-administracion-publica\/#article","isPartOf":{"@id":"https:\/\/www.pmvabogados.cl\/en\/ley-de-migraciones-retos-de-la-administracion-publica\/"},"author":{"name":"Francisca Dominguez","@id":"https:\/\/www.pmvabogados.cl\/en\/#\/schema\/person\/401fd0c9a37d714b31a68493cee1be83"},"headline":"Ley de migraciones: retos de la administraci\u00f3n p\u00fablica | Columna de opini\u00f3n, Jorge Montes","datePublished":"2022-03-10T22:15:51+00:00","dateModified":"2024-02-15T12:56:52+00:00","mainEntityOfPage":{"@id":"https:\/\/www.pmvabogados.cl\/en\/ley-de-migraciones-retos-de-la-administracion-publica\/"},"wordCount":621,"commentCount":0,"publisher":{"@id":"https:\/\/www.pmvabogados.cl\/en\/#organization"},"articleSection":["Publicaciones"],"inLanguage":"en-US","potentialAction":[{"@type":"CommentAction","name":"Comment","target":["https:\/\/www.pmvabogados.cl\/en\/ley-de-migraciones-retos-de-la-administracion-publica\/#respond"]}]},{"@type":"WebPage","@id":"https:\/\/www.pmvabogados.cl\/en\/ley-de-migraciones-retos-de-la-administracion-publica\/","url":"https:\/\/www.pmvabogados.cl\/en\/ley-de-migraciones-retos-de-la-administracion-publica\/","name":"Ley de migraciones: retos de la administraci\u00f3n p\u00fablica | Columna de opini\u00f3n, Jorge Montes - Parga, Montes, Vasseur Labor Lawyers","isPartOf":{"@id":"https:\/\/www.pmvabogados.cl\/en\/#website"},"datePublished":"2022-03-10T22:15:51+00:00","dateModified":"2024-02-15T12:56:52+00:00","description":"Jorge Montes en su columna titulada \"Ley de migraciones: retos de la administraci\u00f3n p\u00fablica\", reflexiona sobre la problem\u00e1tica de migraci\u00f3n","breadcrumb":{"@id":"https:\/\/www.pmvabogados.cl\/en\/ley-de-migraciones-retos-de-la-administracion-publica\/#breadcrumb"},"inLanguage":"en-US","potentialAction":[{"@type":"ReadAction","target":["https:\/\/www.pmvabogados.cl\/en\/ley-de-migraciones-retos-de-la-administracion-publica\/"]}]},{"@type":"BreadcrumbList","@id":"https:\/\/www.pmvabogados.cl\/en\/ley-de-migraciones-retos-de-la-administracion-publica\/#breadcrumb","itemListElement":[{"@type":"ListItem","position":1,"name":"Portada","item":"https:\/\/www.pmvabogados.cl\/en\/"},{"@type":"ListItem","position":2,"name":"Ley de migraciones: retos de la administraci\u00f3n p\u00fablica | Columna de opini\u00f3n, Jorge Montes"}]},{"@type":"WebSite","@id":"https:\/\/www.pmvabogados.cl\/en\/#website","url":"https:\/\/www.pmvabogados.cl\/en\/","name":"Parga, Montes, Vasseur Abogados Laborales","description":"Labor Lawyers","publisher":{"@id":"https:\/\/www.pmvabogados.cl\/en\/#organization"},"alternateName":"PMV Abogados","potentialAction":[{"@type":"SearchAction","target":{"@type":"EntryPoint","urlTemplate":"https:\/\/www.pmvabogados.cl\/en\/?s={search_term_string}"},"query-input":"required name=search_term_string"}],"inLanguage":"en-US"},{"@type":"Organization","@id":"https:\/\/www.pmvabogados.cl\/en\/#organization","name":"Parga, Montes, Vasseur Abogados Laborales","alternateName":"PMV Abogados","url":"https:\/\/www.pmvabogados.cl\/en\/","logo":{"@type":"ImageObject","inLanguage":"en-US","@id":"https:\/\/www.pmvabogados.cl\/en\/#\/schema\/logo\/image\/","url":"https:\/\/www.pmvabogados.cl\/wp-content\/uploads\/2023\/03\/Proyecto-nuevo-1.png","contentUrl":"https:\/\/www.pmvabogados.cl\/wp-content\/uploads\/2023\/03\/Proyecto-nuevo-1.png","width":800,"height":800,"caption":"Parga, Montes, Vasseur Abogados Laborales"},"image":{"@id":"https:\/\/www.pmvabogados.cl\/en\/#\/schema\/logo\/image\/"},"sameAs":["https:\/\/www.linkedin.com\/company\/79443714\/admin\/"]},{"@type":"Person","@id":"https:\/\/www.pmvabogados.cl\/en\/#\/schema\/person\/401fd0c9a37d714b31a68493cee1be83","name":"Francisca Dominguez","image":{"@type":"ImageObject","inLanguage":"en-US","@id":"https:\/\/www.pmvabogados.cl\/en\/#\/schema\/person\/image\/","url":"https:\/\/secure.gravatar.com\/avatar\/146a18d2b51b2fff4b4d20a486533567?s=96&d=mm&r=g","contentUrl":"https:\/\/secure.gravatar.com\/avatar\/146a18d2b51b2fff4b4d20a486533567?s=96&d=mm&r=g","caption":"Francisca Dominguez"},"url":"https:\/\/www.pmvabogados.cl\/en\/author\/francisca\/"}]}},"_links":{"self":[{"href":"https:\/\/www.pmvabogados.cl\/en\/wp-json\/wp\/v2\/posts\/1455"}],"collection":[{"href":"https:\/\/www.pmvabogados.cl\/en\/wp-json\/wp\/v2\/posts"}],"about":[{"href":"https:\/\/www.pmvabogados.cl\/en\/wp-json\/wp\/v2\/types\/post"}],"author":[{"embeddable":true,"href":"https:\/\/www.pmvabogados.cl\/en\/wp-json\/wp\/v2\/users\/2"}],"replies":[{"embeddable":true,"href":"https:\/\/www.pmvabogados.cl\/en\/wp-json\/wp\/v2\/comments?post=1455"}],"version-history":[{"count":3,"href":"https:\/\/www.pmvabogados.cl\/en\/wp-json\/wp\/v2\/posts\/1455\/revisions"}],"predecessor-version":[{"id":1659,"href":"https:\/\/www.pmvabogados.cl\/en\/wp-json\/wp\/v2\/posts\/1455\/revisions\/1659"}],"wp:attachment":[{"href":"https:\/\/www.pmvabogados.cl\/en\/wp-json\/wp\/v2\/media?parent=1455"}],"wp:term":[{"taxonomy":"category","embeddable":true,"href":"https:\/\/www.pmvabogados.cl\/en\/wp-json\/wp\/v2\/categories?post=1455"},{"taxonomy":"post_tag","embeddable":true,"href":"https:\/\/www.pmvabogados.cl\/en\/wp-json\/wp\/v2\/tags?post=1455"}],"curies":[{"name":"wp","href":"https:\/\/api.w.org\/{rel}","templated":true}]}}