{"id":1467,"date":"2022-05-06T19:23:11","date_gmt":"2022-05-06T22:23:11","guid":{"rendered":"https:\/\/www.pmvabogados.cl\/?p=1467"},"modified":"2024-02-15T09:49:52","modified_gmt":"2024-02-15T12:49:52","slug":"asume-nueva-of-counsel-en-pmv","status":"publish","type":"post","link":"https:\/\/www.pmvabogados.cl\/en\/asume-nueva-of-counsel-en-pmv\/","title":{"rendered":"Asume nueva of counsel en PMV | Nota, El Mercurio Legal"},"content":{"rendered":"<p>En calidad de of counsel asume en <a href=\"https:\/\/www.pmvabogados.cl\/\"><strong>Parga, Montes &amp; Vasseur Laborales<\/strong><\/a>\u00a0la abogada <a href=\"https:\/\/www.linkedin.com\/in\/dolores-lecaros-91a265234\/?originalSubdomain=cl\">Dolores Lecaros Fern\u00e1ndez.<\/a>, quien ha enfocado sus \u00e1reas de pr\u00e1ctica en el Derecho Corporativo e Inmobiliario, asesorando a empresas de diversos rubros, especialmente en el mundo agr\u00edcola.<\/p>\n<p>La profesional es licenciada de la Universidad Cat\u00f3lica y posee diversos estudios de postgrado en la Universidad de Chile.<\/p>\n<p>Anteriormente fue socia del estudio Lecaros Abogados, asesorando a grandes y medianas empresas agr\u00edcolas, abogada fiscal de Agroaval, Sociedad An\u00f3nima de Garant\u00eda Rec\u00edproca y Banagro S.A. Junto con eso, desde 2016 es auditora del Tribunal Eclesi\u00e1stico de San Bernardo.<\/p>\n<p>Seg\u00fan comenta el socio<strong> Sebasti\u00e1n Parga<\/strong>, Lecaros asume en la firma \u201cdesde una mirada corporativa del derecho, fortaleciendo con su expertise al \u00e1rea de Compliance Laboral y ESG. As\u00ed tambi\u00e9n viene a enriquecer los servicios que prestamos a trav\u00e9s de un soporte en temas societarios y tributarios que requieran nuestros clientes\u201c.<\/p>\n","protected":false},"excerpt":{"rendered":"","protected":false},"author":2,"featured_media":0,"comment_status":"open","ping_status":"open","sticky":false,"template":"","format":"standard","meta":{"inline_featured_image":false,"footnotes":""},"categories":[16],"tags":[],"yoast_head":"<!-- This site is optimized with the Yoast SEO plugin v21.4 - https:\/\/yoast.com\/wordpress\/plugins\/seo\/ -->\n<title>Asume nueva of counsel en PMV | Nota, El Mercurio Legal - Parga, Montes, Vasseur Labor Lawyers<\/title>\n<meta name=\"description\" content=\"En calidad de of counsel asume recientemente en Parga, Montes &amp; Vasseur Laborales la abogada Dolores Lecaros Fern\u00e1ndez.\" \/>\n<meta name=\"robots\" content=\"index, follow, max-snippet:-1, max-image-preview:large, max-video-preview:-1\" \/>\n<link rel=\"canonical\" href=\"https:\/\/www.pmvabogados.cl\/en\/asume-nueva-of-counsel-en-pmv\/\" \/>\n<meta property=\"og:locale\" content=\"en_US\" \/>\n<meta property=\"og:type\" content=\"article\" \/>\n<meta property=\"og:title\" content=\"Asume nueva of counsel en PMV | Nota, El Mercurio Legal - Parga, Montes, Vasseur Labor Lawyers\" \/>\n<meta property=\"og:description\" content=\"En calidad de of counsel asume recientemente en Parga, Montes &amp; Vasseur Laborales la abogada Dolores Lecaros Fern\u00e1ndez.\" \/>\n<meta property=\"og:url\" content=\"https:\/\/www.pmvabogados.cl\/en\/asume-nueva-of-counsel-en-pmv\/\" \/>\n<meta property=\"og:site_name\" content=\"Parga, Montes, Vasseur Labor Lawyers\" \/>\n<meta property=\"article:published_time\" content=\"2022-05-06T22:23:11+00:00\" \/>\n<meta property=\"article:modified_time\" content=\"2024-02-15T12:49:52+00:00\" \/>\n<meta name=\"author\" content=\"Francisca Dominguez\" \/>\n<meta name=\"twitter:card\" content=\"summary_large_image\" \/>\n<meta name=\"twitter:label1\" content=\"Written by\" \/>\n\t<meta name=\"twitter:data1\" content=\"Francisca Dominguez\" \/>\n\t<meta name=\"twitter:label2\" content=\"Est. reading time\" \/>\n\t<meta name=\"twitter:data2\" content=\"1 minute\" \/>\n<script type=\"application\/ld+json\" class=\"yoast-schema-graph\">{\"@context\":\"https:\/\/schema.org\",\"@graph\":[{\"@type\":\"Article\",\"@id\":\"https:\/\/www.pmvabogados.cl\/en\/asume-nueva-of-counsel-en-pmv\/#article\",\"isPartOf\":{\"@id\":\"https:\/\/www.pmvabogados.cl\/en\/asume-nueva-of-counsel-en-pmv\/\"},\"author\":{\"name\":\"Francisca Dominguez\",\"@id\":\"https:\/\/www.pmvabogados.cl\/en\/#\/schema\/person\/401fd0c9a37d714b31a68493cee1be83\"},\"headline\":\"Asume nueva of counsel en PMV | Nota, El Mercurio Legal\",\"datePublished\":\"2022-05-06T22:23:11+00:00\",\"dateModified\":\"2024-02-15T12:49:52+00:00\",\"mainEntityOfPage\":{\"@id\":\"https:\/\/www.pmvabogados.cl\/en\/asume-nueva-of-counsel-en-pmv\/\"},\"wordCount\":173,\"commentCount\":0,\"publisher\":{\"@id\":\"https:\/\/www.pmvabogados.cl\/en\/#organization\"},\"articleSection\":[\"Noticias\"],\"inLanguage\":\"en-US\",\"potentialAction\":[{\"@type\":\"CommentAction\",\"name\":\"Comment\",\"target\":[\"https:\/\/www.pmvabogados.cl\/en\/asume-nueva-of-counsel-en-pmv\/#respond\"]}]},{\"@type\":\"WebPage\",\"@id\":\"https:\/\/www.pmvabogados.cl\/en\/asume-nueva-of-counsel-en-pmv\/\",\"url\":\"https:\/\/www.pmvabogados.cl\/en\/asume-nueva-of-counsel-en-pmv\/\",\"name\":\"Asume nueva of counsel en PMV | Nota, El Mercurio Legal - Parga, Montes, Vasseur Labor Lawyers\",\"isPartOf\":{\"@id\":\"https:\/\/www.pmvabogados.cl\/en\/#website\"},\"datePublished\":\"2022-05-06T22:23:11+00:00\",\"dateModified\":\"2024-02-15T12:49:52+00:00\",\"description\":\"En calidad de of counsel asume recientemente en Parga, Montes & Vasseur Laborales la abogada Dolores Lecaros Fern\u00e1ndez.\",\"breadcrumb\":{\"@id\":\"https:\/\/www.pmvabogados.cl\/en\/asume-nueva-of-counsel-en-pmv\/#breadcrumb\"},\"inLanguage\":\"en-US\",\"potentialAction\":[{\"@type\":\"ReadAction\",\"target\":[\"https:\/\/www.pmvabogados.cl\/en\/asume-nueva-of-counsel-en-pmv\/\"]}]},{\"@type\":\"BreadcrumbList\",\"@id\":\"https:\/\/www.pmvabogados.cl\/en\/asume-nueva-of-counsel-en-pmv\/#breadcrumb\",\"itemListElement\":[{\"@type\":\"ListItem\",\"position\":1,\"name\":\"Portada\",\"item\":\"https:\/\/www.pmvabogados.cl\/en\/\"},{\"@type\":\"ListItem\",\"position\":2,\"name\":\"Asume nueva of counsel en PMV | Nota, El Mercurio Legal\"}]},{\"@type\":\"WebSite\",\"@id\":\"https:\/\/www.pmvabogados.cl\/en\/#website\",\"url\":\"https:\/\/www.pmvabogados.cl\/en\/\",\"name\":\"Parga, Montes, Vasseur Abogados Laborales\",\"description\":\"Labor Lawyers\",\"publisher\":{\"@id\":\"https:\/\/www.pmvabogados.cl\/en\/#organization\"},\"alternateName\":\"PMV Abogados\",\"potentialAction\":[{\"@type\":\"SearchAction\",\"target\":{\"@type\":\"EntryPoint\",\"urlTemplate\":\"https:\/\/www.pmvabogados.cl\/en\/?s={search_term_string}\"},\"query-input\":\"required name=search_term_string\"}],\"inLanguage\":\"en-US\"},{\"@type\":\"Organization\",\"@id\":\"https:\/\/www.pmvabogados.cl\/en\/#organization\",\"name\":\"Parga, Montes, Vasseur Abogados Laborales\",\"alternateName\":\"PMV Abogados\",\"url\":\"https:\/\/www.pmvabogados.cl\/en\/\",\"logo\":{\"@type\":\"ImageObject\",\"inLanguage\":\"en-US\",\"@id\":\"https:\/\/www.pmvabogados.cl\/en\/#\/schema\/logo\/image\/\",\"url\":\"https:\/\/www.pmvabogados.cl\/wp-content\/uploads\/2023\/03\/Proyecto-nuevo-1.png\",\"contentUrl\":\"https:\/\/www.pmvabogados.cl\/wp-content\/uploads\/2023\/03\/Proyecto-nuevo-1.png\",\"width\":800,\"height\":800,\"caption\":\"Parga, Montes, Vasseur Abogados Laborales\"},\"image\":{\"@id\":\"https:\/\/www.pmvabogados.cl\/en\/#\/schema\/logo\/image\/\"},\"sameAs\":[\"https:\/\/www.linkedin.com\/company\/79443714\/admin\/\"]},{\"@type\":\"Person\",\"@id\":\"https:\/\/www.pmvabogados.cl\/en\/#\/schema\/person\/401fd0c9a37d714b31a68493cee1be83\",\"name\":\"Francisca Dominguez\",\"image\":{\"@type\":\"ImageObject\",\"inLanguage\":\"en-US\",\"@id\":\"https:\/\/www.pmvabogados.cl\/en\/#\/schema\/person\/image\/\",\"url\":\"https:\/\/secure.gravatar.com\/avatar\/146a18d2b51b2fff4b4d20a486533567?s=96&d=mm&r=g\",\"contentUrl\":\"https:\/\/secure.gravatar.com\/avatar\/146a18d2b51b2fff4b4d20a486533567?s=96&d=mm&r=g\",\"caption\":\"Francisca Dominguez\"},\"url\":\"https:\/\/www.pmvabogados.cl\/en\/author\/francisca\/\"}]}<\/script>\n<!-- \/ Yoast SEO plugin. -->","yoast_head_json":{"title":"Asume nueva of counsel en PMV | Nota, El Mercurio Legal - Parga, Montes, Vasseur Labor Lawyers","description":"En calidad de of counsel asume recientemente en Parga, Montes & Vasseur Laborales la abogada Dolores Lecaros Fern\u00e1ndez.","robots":{"index":"index","follow":"follow","max-snippet":"max-snippet:-1","max-image-preview":"max-image-preview:large","max-video-preview":"max-video-preview:-1"},"canonical":"https:\/\/www.pmvabogados.cl\/en\/asume-nueva-of-counsel-en-pmv\/","og_locale":"en_US","og_type":"article","og_title":"Asume nueva of counsel en PMV | Nota, El Mercurio Legal - Parga, Montes, Vasseur Labor Lawyers","og_description":"En calidad de of counsel asume recientemente en Parga, Montes & Vasseur Laborales la abogada Dolores Lecaros Fern\u00e1ndez.","og_url":"https:\/\/www.pmvabogados.cl\/en\/asume-nueva-of-counsel-en-pmv\/","og_site_name":"Parga, Montes, Vasseur Labor Lawyers","article_published_time":"2022-05-06T22:23:11+00:00","article_modified_time":"2024-02-15T12:49:52+00:00","author":"Francisca Dominguez","twitter_card":"summary_large_image","twitter_misc":{"Written by":"Francisca Dominguez","Est. reading time":"1 minute"},"schema":{"@context":"https:\/\/schema.org","@graph":[{"@type":"Article","@id":"https:\/\/www.pmvabogados.cl\/en\/asume-nueva-of-counsel-en-pmv\/#article","isPartOf":{"@id":"https:\/\/www.pmvabogados.cl\/en\/asume-nueva-of-counsel-en-pmv\/"},"author":{"name":"Francisca Dominguez","@id":"https:\/\/www.pmvabogados.cl\/en\/#\/schema\/person\/401fd0c9a37d714b31a68493cee1be83"},"headline":"Asume nueva of counsel en PMV | Nota, El Mercurio Legal","datePublished":"2022-05-06T22:23:11+00:00","dateModified":"2024-02-15T12:49:52+00:00","mainEntityOfPage":{"@id":"https:\/\/www.pmvabogados.cl\/en\/asume-nueva-of-counsel-en-pmv\/"},"wordCount":173,"commentCount":0,"publisher":{"@id":"https:\/\/www.pmvabogados.cl\/en\/#organization"},"articleSection":["Noticias"],"inLanguage":"en-US","potentialAction":[{"@type":"CommentAction","name":"Comment","target":["https:\/\/www.pmvabogados.cl\/en\/asume-nueva-of-counsel-en-pmv\/#respond"]}]},{"@type":"WebPage","@id":"https:\/\/www.pmvabogados.cl\/en\/asume-nueva-of-counsel-en-pmv\/","url":"https:\/\/www.pmvabogados.cl\/en\/asume-nueva-of-counsel-en-pmv\/","name":"Asume nueva of counsel en PMV | Nota, El Mercurio Legal - Parga, Montes, Vasseur Labor Lawyers","isPartOf":{"@id":"https:\/\/www.pmvabogados.cl\/en\/#website"},"datePublished":"2022-05-06T22:23:11+00:00","dateModified":"2024-02-15T12:49:52+00:00","description":"En calidad de of counsel asume recientemente en Parga, Montes & Vasseur Laborales la abogada Dolores Lecaros Fern\u00e1ndez.","breadcrumb":{"@id":"https:\/\/www.pmvabogados.cl\/en\/asume-nueva-of-counsel-en-pmv\/#breadcrumb"},"inLanguage":"en-US","potentialAction":[{"@type":"ReadAction","target":["https:\/\/www.pmvabogados.cl\/en\/asume-nueva-of-counsel-en-pmv\/"]}]},{"@type":"BreadcrumbList","@id":"https:\/\/www.pmvabogados.cl\/en\/asume-nueva-of-counsel-en-pmv\/#breadcrumb","itemListElement":[{"@type":"ListItem","position":1,"name":"Portada","item":"https:\/\/www.pmvabogados.cl\/en\/"},{"@type":"ListItem","position":2,"name":"Asume nueva of counsel en PMV | Nota, El Mercurio Legal"}]},{"@type":"WebSite","@id":"https:\/\/www.pmvabogados.cl\/en\/#website","url":"https:\/\/www.pmvabogados.cl\/en\/","name":"Parga, Montes, Vasseur Abogados Laborales","description":"Labor Lawyers","publisher":{"@id":"https:\/\/www.pmvabogados.cl\/en\/#organization"},"alternateName":"PMV Abogados","potentialAction":[{"@type":"SearchAction","target":{"@type":"EntryPoint","urlTemplate":"https:\/\/www.pmvabogados.cl\/en\/?s={search_term_string}"},"query-input":"required name=search_term_string"}],"inLanguage":"en-US"},{"@type":"Organization","@id":"https:\/\/www.pmvabogados.cl\/en\/#organization","name":"Parga, Montes, Vasseur Abogados Laborales","alternateName":"PMV Abogados","url":"https:\/\/www.pmvabogados.cl\/en\/","logo":{"@type":"ImageObject","inLanguage":"en-US","@id":"https:\/\/www.pmvabogados.cl\/en\/#\/schema\/logo\/image\/","url":"https:\/\/www.pmvabogados.cl\/wp-content\/uploads\/2023\/03\/Proyecto-nuevo-1.png","contentUrl":"https:\/\/www.pmvabogados.cl\/wp-content\/uploads\/2023\/03\/Proyecto-nuevo-1.png","width":800,"height":800,"caption":"Parga, Montes, Vasseur Abogados Laborales"},"image":{"@id":"https:\/\/www.pmvabogados.cl\/en\/#\/schema\/logo\/image\/"},"sameAs":["https:\/\/www.linkedin.com\/company\/79443714\/admin\/"]},{"@type":"Person","@id":"https:\/\/www.pmvabogados.cl\/en\/#\/schema\/person\/401fd0c9a37d714b31a68493cee1be83","name":"Francisca Dominguez","image":{"@type":"ImageObject","inLanguage":"en-US","@id":"https:\/\/www.pmvabogados.cl\/en\/#\/schema\/person\/image\/","url":"https:\/\/secure.gravatar.com\/avatar\/146a18d2b51b2fff4b4d20a486533567?s=96&d=mm&r=g","contentUrl":"https:\/\/secure.gravatar.com\/avatar\/146a18d2b51b2fff4b4d20a486533567?s=96&d=mm&r=g","caption":"Francisca Dominguez"},"url":"https:\/\/www.pmvabogados.cl\/en\/author\/francisca\/"}]}},"_links":{"self":[{"href":"https:\/\/www.pmvabogados.cl\/en\/wp-json\/wp\/v2\/posts\/1467"}],"collection":[{"href":"https:\/\/www.pmvabogados.cl\/en\/wp-json\/wp\/v2\/posts"}],"about":[{"href":"https:\/\/www.pmvabogados.cl\/en\/wp-json\/wp\/v2\/types\/post"}],"author":[{"embeddable":true,"href":"https:\/\/www.pmvabogados.cl\/en\/wp-json\/wp\/v2\/users\/2"}],"replies":[{"embeddable":true,"href":"https:\/\/www.pmvabogados.cl\/en\/wp-json\/wp\/v2\/comments?post=1467"}],"version-history":[{"count":3,"href":"https:\/\/www.pmvabogados.cl\/en\/wp-json\/wp\/v2\/posts\/1467\/revisions"}],"predecessor-version":[{"id":1649,"href":"https:\/\/www.pmvabogados.cl\/en\/wp-json\/wp\/v2\/posts\/1467\/revisions\/1649"}],"wp:attachment":[{"href":"https:\/\/www.pmvabogados.cl\/en\/wp-json\/wp\/v2\/media?parent=1467"}],"wp:term":[{"taxonomy":"category","embeddable":true,"href":"https:\/\/www.pmvabogados.cl\/en\/wp-json\/wp\/v2\/categories?post=1467"},{"taxonomy":"post_tag","embeddable":true,"href":"https:\/\/www.pmvabogados.cl\/en\/wp-json\/wp\/v2\/tags?post=1467"}],"curies":[{"name":"wp","href":"https:\/\/api.w.org\/{rel}","templated":true}]}}