{"id":1471,"date":"2022-06-24T19:24:13","date_gmt":"2022-06-24T22:24:13","guid":{"rendered":"https:\/\/www.pmvabogados.cl\/?p=1471"},"modified":"2024-02-15T09:49:11","modified_gmt":"2024-02-15T12:49:11","slug":"incertidumbre-constitucional-para-el-trabajo","status":"publish","type":"post","link":"https:\/\/www.pmvabogados.cl\/en\/incertidumbre-constitucional-para-el-trabajo\/","title":{"rendered":"\u00bfIncertidumbre constitucional para el trabajo? | Columna de opini\u00f3n, Sebasti\u00e1n Parga"},"content":{"rendered":"<p>Muchas empresas est\u00e1n ansiosas de saber cu\u00e1l es el escenario futuro en temas laborales si gana el Apruebo en el plebiscito de septiembre. Informes en derecho constitucional y laboral hacen gala de una realidad irrefutable: hay mucho pa\u00f1o que cortar y los puntos que se pueden aclarar son bastante pocos.<\/p>\n<p>\u00bfQu\u00e9 temas importantes aparecen en el horizonte? Hay cuatro puntos que dar\u00e1n que hablar: los cambios en los momentos que puede ejercerse el derecho de huelga; las transformaciones en la negociaci\u00f3n colectiva donde hay actores diferentes (sindicatos ramales, por estamentos, por territorio); la representatividad de los sindicatos (no hay limitaciones de quorum); y la participaci\u00f3n de \u00e9stos en la toma de decisiones de la empresa.<\/p>\n<p>Vaticiniar posturas en estos momentos es extremadamente complejo y genera incertidumbre, ya que el texto es muy gen\u00e9rico. Deber\u00e1 realizarse un cambio en la ley de sociedades an\u00f3nimas que permita una estructura corporativa para que los sindicatos participen en las decisiones de la empresa, algo as\u00ed como sucede en Alemania, donde existen dos directorios (uno consultivo y fiscalizador, y otro ejecutivo).<\/p>\n<p>Otro punto que inquieta a empresarios es que el derecho a huelga no est\u00e9 reservado \u00fanicamente a la negociaci\u00f3n colectiva. Esto no es novedoso, ya que en la pr\u00e1ctica huelgas como la que sufre actualmente Codelco han sido aceptadas por la jurisprudencia, en el caso de existir un motivo justificado.<\/p>\n<p>Respecto de las negociaciones colectivas y las nuevas estructuras, no hay novedad si vemos los contratos marcos existentes en la miner\u00eda y los propios sindicatos inter empresas. Aqu\u00ed lo importante ser\u00e1 determinar el grado de vinculaci\u00f3n que existir\u00e1 con ellos, y si una negociaci\u00f3n ramal podr\u00e1 ser modificada por una negociaci\u00f3n de empresa o de territorio, como sucede en la Uni\u00f3n Europea, donde los trabajadores pueden tener varios contratos colectivos y unos pueden primar unos sobre otros, lo que puede ser muy importante para empresarios m\u00e1s peque\u00f1os que tienen particularidades especiales.<\/p>\n<p>Finalmente, el impacto de los sindicatos sin quorum m\u00ednimo est\u00e1 por verse, ya que, al no tener necesariamente representaci\u00f3n, puede que los dirigentes no tengan fuero per se y esa ser\u00eda una forma de evitar que haya un abuso de ellos para fines individuales y no colectivos.<\/p>\n<p>Como podemos ver, el texto constitucional es solo un t\u00edtulo que permite interpretaciones diversas. Lamentablemente los temas labores son terreno f\u00e9rtil para medidas populistas, pero de ser aprobada la nueva Constituci\u00f3n, la temperatura pol\u00edtica y las dificultades econ\u00f3micas que todos los expertos avecinan deber\u00edan permitir un equilibrio en las normas legales que sean aprobadas, sin afectar la tan manoseada palabra \u201cproductividad\u201d.<\/p>\n<p><a href=\"https:\/\/www.linkedin.com\/in\/sebastian-parga-m\/\"><strong>Sebasti\u00e1n Parga.<\/strong><\/a><br \/>\nSocio <a href=\"https:\/\/www.pmvabogados.cl\/\">Parga, Montes &amp; Vasseur Laborales<\/a><\/p>\n","protected":false},"excerpt":{"rendered":"","protected":false},"author":2,"featured_media":0,"comment_status":"open","ping_status":"open","sticky":false,"template":"","format":"standard","meta":{"inline_featured_image":false,"footnotes":""},"categories":[4],"tags":[],"yoast_head":"<!-- This site is optimized with the Yoast SEO plugin v21.4 - https:\/\/yoast.com\/wordpress\/plugins\/seo\/ -->\n<title>\u00bfIncertidumbre constitucional para el trabajo? | Columna de opini\u00f3n, Sebasti\u00e1n Parga - Parga, Montes, Vasseur Labor Lawyers<\/title>\n<meta name=\"description\" content=\"Sebasti\u00e1n Parga se refiri\u00f3 al futuro escenario de las empresas en materia laboral en su columna titulada \u00bfIncertidumbre constitucional...\" \/>\n<meta name=\"robots\" content=\"index, follow, max-snippet:-1, max-image-preview:large, max-video-preview:-1\" \/>\n<link rel=\"canonical\" href=\"https:\/\/www.pmvabogados.cl\/en\/incertidumbre-constitucional-para-el-trabajo\/\" \/>\n<meta property=\"og:locale\" content=\"en_US\" \/>\n<meta property=\"og:type\" content=\"article\" \/>\n<meta property=\"og:title\" content=\"\u00bfIncertidumbre constitucional para el trabajo? | Columna de opini\u00f3n, Sebasti\u00e1n Parga - Parga, Montes, Vasseur Labor Lawyers\" \/>\n<meta property=\"og:description\" content=\"Sebasti\u00e1n Parga se refiri\u00f3 al futuro escenario de las empresas en materia laboral en su columna titulada \u00bfIncertidumbre constitucional...\" \/>\n<meta property=\"og:url\" content=\"https:\/\/www.pmvabogados.cl\/en\/incertidumbre-constitucional-para-el-trabajo\/\" \/>\n<meta property=\"og:site_name\" content=\"Parga, Montes, Vasseur Labor Lawyers\" \/>\n<meta property=\"article:published_time\" content=\"2022-06-24T22:24:13+00:00\" \/>\n<meta property=\"article:modified_time\" content=\"2024-02-15T12:49:11+00:00\" \/>\n<meta name=\"author\" content=\"Francisca Dominguez\" \/>\n<meta name=\"twitter:card\" content=\"summary_large_image\" \/>\n<meta name=\"twitter:label1\" content=\"Written by\" \/>\n\t<meta name=\"twitter:data1\" content=\"Francisca Dominguez\" \/>\n\t<meta name=\"twitter:label2\" content=\"Est. reading time\" \/>\n\t<meta name=\"twitter:data2\" content=\"2 minutes\" \/>\n<script type=\"application\/ld+json\" class=\"yoast-schema-graph\">{\"@context\":\"https:\/\/schema.org\",\"@graph\":[{\"@type\":\"Article\",\"@id\":\"https:\/\/www.pmvabogados.cl\/en\/incertidumbre-constitucional-para-el-trabajo\/#article\",\"isPartOf\":{\"@id\":\"https:\/\/www.pmvabogados.cl\/en\/incertidumbre-constitucional-para-el-trabajo\/\"},\"author\":{\"name\":\"Francisca Dominguez\",\"@id\":\"https:\/\/www.pmvabogados.cl\/en\/#\/schema\/person\/401fd0c9a37d714b31a68493cee1be83\"},\"headline\":\"\u00bfIncertidumbre constitucional para el trabajo? | Columna de opini\u00f3n, Sebasti\u00e1n Parga\",\"datePublished\":\"2022-06-24T22:24:13+00:00\",\"dateModified\":\"2024-02-15T12:49:11+00:00\",\"mainEntityOfPage\":{\"@id\":\"https:\/\/www.pmvabogados.cl\/en\/incertidumbre-constitucional-para-el-trabajo\/\"},\"wordCount\":472,\"commentCount\":0,\"publisher\":{\"@id\":\"https:\/\/www.pmvabogados.cl\/en\/#organization\"},\"articleSection\":[\"Publicaciones\"],\"inLanguage\":\"en-US\",\"potentialAction\":[{\"@type\":\"CommentAction\",\"name\":\"Comment\",\"target\":[\"https:\/\/www.pmvabogados.cl\/en\/incertidumbre-constitucional-para-el-trabajo\/#respond\"]}]},{\"@type\":\"WebPage\",\"@id\":\"https:\/\/www.pmvabogados.cl\/en\/incertidumbre-constitucional-para-el-trabajo\/\",\"url\":\"https:\/\/www.pmvabogados.cl\/en\/incertidumbre-constitucional-para-el-trabajo\/\",\"name\":\"\u00bfIncertidumbre constitucional para el trabajo? | Columna de opini\u00f3n, Sebasti\u00e1n Parga - Parga, Montes, Vasseur Labor Lawyers\",\"isPartOf\":{\"@id\":\"https:\/\/www.pmvabogados.cl\/en\/#website\"},\"datePublished\":\"2022-06-24T22:24:13+00:00\",\"dateModified\":\"2024-02-15T12:49:11+00:00\",\"description\":\"Sebasti\u00e1n Parga se refiri\u00f3 al futuro escenario de las empresas en materia laboral en su columna titulada \u00bfIncertidumbre constitucional...\",\"breadcrumb\":{\"@id\":\"https:\/\/www.pmvabogados.cl\/en\/incertidumbre-constitucional-para-el-trabajo\/#breadcrumb\"},\"inLanguage\":\"en-US\",\"potentialAction\":[{\"@type\":\"ReadAction\",\"target\":[\"https:\/\/www.pmvabogados.cl\/en\/incertidumbre-constitucional-para-el-trabajo\/\"]}]},{\"@type\":\"BreadcrumbList\",\"@id\":\"https:\/\/www.pmvabogados.cl\/en\/incertidumbre-constitucional-para-el-trabajo\/#breadcrumb\",\"itemListElement\":[{\"@type\":\"ListItem\",\"position\":1,\"name\":\"Portada\",\"item\":\"https:\/\/www.pmvabogados.cl\/en\/\"},{\"@type\":\"ListItem\",\"position\":2,\"name\":\"\u00bfIncertidumbre constitucional para el trabajo? | Columna de opini\u00f3n, Sebasti\u00e1n Parga\"}]},{\"@type\":\"WebSite\",\"@id\":\"https:\/\/www.pmvabogados.cl\/en\/#website\",\"url\":\"https:\/\/www.pmvabogados.cl\/en\/\",\"name\":\"Parga, Montes, Vasseur Abogados Laborales\",\"description\":\"Labor Lawyers\",\"publisher\":{\"@id\":\"https:\/\/www.pmvabogados.cl\/en\/#organization\"},\"alternateName\":\"PMV Abogados\",\"potentialAction\":[{\"@type\":\"SearchAction\",\"target\":{\"@type\":\"EntryPoint\",\"urlTemplate\":\"https:\/\/www.pmvabogados.cl\/en\/?s={search_term_string}\"},\"query-input\":\"required name=search_term_string\"}],\"inLanguage\":\"en-US\"},{\"@type\":\"Organization\",\"@id\":\"https:\/\/www.pmvabogados.cl\/en\/#organization\",\"name\":\"Parga, Montes, Vasseur Abogados Laborales\",\"alternateName\":\"PMV Abogados\",\"url\":\"https:\/\/www.pmvabogados.cl\/en\/\",\"logo\":{\"@type\":\"ImageObject\",\"inLanguage\":\"en-US\",\"@id\":\"https:\/\/www.pmvabogados.cl\/en\/#\/schema\/logo\/image\/\",\"url\":\"https:\/\/www.pmvabogados.cl\/wp-content\/uploads\/2023\/03\/Proyecto-nuevo-1.png\",\"contentUrl\":\"https:\/\/www.pmvabogados.cl\/wp-content\/uploads\/2023\/03\/Proyecto-nuevo-1.png\",\"width\":800,\"height\":800,\"caption\":\"Parga, Montes, Vasseur Abogados Laborales\"},\"image\":{\"@id\":\"https:\/\/www.pmvabogados.cl\/en\/#\/schema\/logo\/image\/\"},\"sameAs\":[\"https:\/\/www.linkedin.com\/company\/79443714\/admin\/\"]},{\"@type\":\"Person\",\"@id\":\"https:\/\/www.pmvabogados.cl\/en\/#\/schema\/person\/401fd0c9a37d714b31a68493cee1be83\",\"name\":\"Francisca Dominguez\",\"image\":{\"@type\":\"ImageObject\",\"inLanguage\":\"en-US\",\"@id\":\"https:\/\/www.pmvabogados.cl\/en\/#\/schema\/person\/image\/\",\"url\":\"https:\/\/secure.gravatar.com\/avatar\/146a18d2b51b2fff4b4d20a486533567?s=96&d=mm&r=g\",\"contentUrl\":\"https:\/\/secure.gravatar.com\/avatar\/146a18d2b51b2fff4b4d20a486533567?s=96&d=mm&r=g\",\"caption\":\"Francisca Dominguez\"},\"url\":\"https:\/\/www.pmvabogados.cl\/en\/author\/francisca\/\"}]}<\/script>\n<!-- \/ Yoast SEO plugin. -->","yoast_head_json":{"title":"\u00bfIncertidumbre constitucional para el trabajo? | Columna de opini\u00f3n, Sebasti\u00e1n Parga - Parga, Montes, Vasseur Labor Lawyers","description":"Sebasti\u00e1n Parga se refiri\u00f3 al futuro escenario de las empresas en materia laboral en su columna titulada \u00bfIncertidumbre constitucional...","robots":{"index":"index","follow":"follow","max-snippet":"max-snippet:-1","max-image-preview":"max-image-preview:large","max-video-preview":"max-video-preview:-1"},"canonical":"https:\/\/www.pmvabogados.cl\/en\/incertidumbre-constitucional-para-el-trabajo\/","og_locale":"en_US","og_type":"article","og_title":"\u00bfIncertidumbre constitucional para el trabajo? | Columna de opini\u00f3n, Sebasti\u00e1n Parga - Parga, Montes, Vasseur Labor Lawyers","og_description":"Sebasti\u00e1n Parga se refiri\u00f3 al futuro escenario de las empresas en materia laboral en su columna titulada \u00bfIncertidumbre constitucional...","og_url":"https:\/\/www.pmvabogados.cl\/en\/incertidumbre-constitucional-para-el-trabajo\/","og_site_name":"Parga, Montes, Vasseur Labor Lawyers","article_published_time":"2022-06-24T22:24:13+00:00","article_modified_time":"2024-02-15T12:49:11+00:00","author":"Francisca Dominguez","twitter_card":"summary_large_image","twitter_misc":{"Written by":"Francisca Dominguez","Est. reading time":"2 minutes"},"schema":{"@context":"https:\/\/schema.org","@graph":[{"@type":"Article","@id":"https:\/\/www.pmvabogados.cl\/en\/incertidumbre-constitucional-para-el-trabajo\/#article","isPartOf":{"@id":"https:\/\/www.pmvabogados.cl\/en\/incertidumbre-constitucional-para-el-trabajo\/"},"author":{"name":"Francisca Dominguez","@id":"https:\/\/www.pmvabogados.cl\/en\/#\/schema\/person\/401fd0c9a37d714b31a68493cee1be83"},"headline":"\u00bfIncertidumbre constitucional para el trabajo? | Columna de opini\u00f3n, Sebasti\u00e1n Parga","datePublished":"2022-06-24T22:24:13+00:00","dateModified":"2024-02-15T12:49:11+00:00","mainEntityOfPage":{"@id":"https:\/\/www.pmvabogados.cl\/en\/incertidumbre-constitucional-para-el-trabajo\/"},"wordCount":472,"commentCount":0,"publisher":{"@id":"https:\/\/www.pmvabogados.cl\/en\/#organization"},"articleSection":["Publicaciones"],"inLanguage":"en-US","potentialAction":[{"@type":"CommentAction","name":"Comment","target":["https:\/\/www.pmvabogados.cl\/en\/incertidumbre-constitucional-para-el-trabajo\/#respond"]}]},{"@type":"WebPage","@id":"https:\/\/www.pmvabogados.cl\/en\/incertidumbre-constitucional-para-el-trabajo\/","url":"https:\/\/www.pmvabogados.cl\/en\/incertidumbre-constitucional-para-el-trabajo\/","name":"\u00bfIncertidumbre constitucional para el trabajo? | Columna de opini\u00f3n, Sebasti\u00e1n Parga - Parga, Montes, Vasseur Labor Lawyers","isPartOf":{"@id":"https:\/\/www.pmvabogados.cl\/en\/#website"},"datePublished":"2022-06-24T22:24:13+00:00","dateModified":"2024-02-15T12:49:11+00:00","description":"Sebasti\u00e1n Parga se refiri\u00f3 al futuro escenario de las empresas en materia laboral en su columna titulada \u00bfIncertidumbre constitucional...","breadcrumb":{"@id":"https:\/\/www.pmvabogados.cl\/en\/incertidumbre-constitucional-para-el-trabajo\/#breadcrumb"},"inLanguage":"en-US","potentialAction":[{"@type":"ReadAction","target":["https:\/\/www.pmvabogados.cl\/en\/incertidumbre-constitucional-para-el-trabajo\/"]}]},{"@type":"BreadcrumbList","@id":"https:\/\/www.pmvabogados.cl\/en\/incertidumbre-constitucional-para-el-trabajo\/#breadcrumb","itemListElement":[{"@type":"ListItem","position":1,"name":"Portada","item":"https:\/\/www.pmvabogados.cl\/en\/"},{"@type":"ListItem","position":2,"name":"\u00bfIncertidumbre constitucional para el trabajo? | Columna de opini\u00f3n, Sebasti\u00e1n Parga"}]},{"@type":"WebSite","@id":"https:\/\/www.pmvabogados.cl\/en\/#website","url":"https:\/\/www.pmvabogados.cl\/en\/","name":"Parga, Montes, Vasseur Abogados Laborales","description":"Labor Lawyers","publisher":{"@id":"https:\/\/www.pmvabogados.cl\/en\/#organization"},"alternateName":"PMV Abogados","potentialAction":[{"@type":"SearchAction","target":{"@type":"EntryPoint","urlTemplate":"https:\/\/www.pmvabogados.cl\/en\/?s={search_term_string}"},"query-input":"required name=search_term_string"}],"inLanguage":"en-US"},{"@type":"Organization","@id":"https:\/\/www.pmvabogados.cl\/en\/#organization","name":"Parga, Montes, Vasseur Abogados Laborales","alternateName":"PMV Abogados","url":"https:\/\/www.pmvabogados.cl\/en\/","logo":{"@type":"ImageObject","inLanguage":"en-US","@id":"https:\/\/www.pmvabogados.cl\/en\/#\/schema\/logo\/image\/","url":"https:\/\/www.pmvabogados.cl\/wp-content\/uploads\/2023\/03\/Proyecto-nuevo-1.png","contentUrl":"https:\/\/www.pmvabogados.cl\/wp-content\/uploads\/2023\/03\/Proyecto-nuevo-1.png","width":800,"height":800,"caption":"Parga, Montes, Vasseur Abogados Laborales"},"image":{"@id":"https:\/\/www.pmvabogados.cl\/en\/#\/schema\/logo\/image\/"},"sameAs":["https:\/\/www.linkedin.com\/company\/79443714\/admin\/"]},{"@type":"Person","@id":"https:\/\/www.pmvabogados.cl\/en\/#\/schema\/person\/401fd0c9a37d714b31a68493cee1be83","name":"Francisca Dominguez","image":{"@type":"ImageObject","inLanguage":"en-US","@id":"https:\/\/www.pmvabogados.cl\/en\/#\/schema\/person\/image\/","url":"https:\/\/secure.gravatar.com\/avatar\/146a18d2b51b2fff4b4d20a486533567?s=96&d=mm&r=g","contentUrl":"https:\/\/secure.gravatar.com\/avatar\/146a18d2b51b2fff4b4d20a486533567?s=96&d=mm&r=g","caption":"Francisca Dominguez"},"url":"https:\/\/www.pmvabogados.cl\/en\/author\/francisca\/"}]}},"_links":{"self":[{"href":"https:\/\/www.pmvabogados.cl\/en\/wp-json\/wp\/v2\/posts\/1471"}],"collection":[{"href":"https:\/\/www.pmvabogados.cl\/en\/wp-json\/wp\/v2\/posts"}],"about":[{"href":"https:\/\/www.pmvabogados.cl\/en\/wp-json\/wp\/v2\/types\/post"}],"author":[{"embeddable":true,"href":"https:\/\/www.pmvabogados.cl\/en\/wp-json\/wp\/v2\/users\/2"}],"replies":[{"embeddable":true,"href":"https:\/\/www.pmvabogados.cl\/en\/wp-json\/wp\/v2\/comments?post=1471"}],"version-history":[{"count":2,"href":"https:\/\/www.pmvabogados.cl\/en\/wp-json\/wp\/v2\/posts\/1471\/revisions"}],"predecessor-version":[{"id":1645,"href":"https:\/\/www.pmvabogados.cl\/en\/wp-json\/wp\/v2\/posts\/1471\/revisions\/1645"}],"wp:attachment":[{"href":"https:\/\/www.pmvabogados.cl\/en\/wp-json\/wp\/v2\/media?parent=1471"}],"wp:term":[{"taxonomy":"category","embeddable":true,"href":"https:\/\/www.pmvabogados.cl\/en\/wp-json\/wp\/v2\/categories?post=1471"},{"taxonomy":"post_tag","embeddable":true,"href":"https:\/\/www.pmvabogados.cl\/en\/wp-json\/wp\/v2\/tags?post=1471"}],"curies":[{"name":"wp","href":"https:\/\/api.w.org\/{rel}","templated":true}]}}