{"id":1481,"date":"2022-09-27T19:27:22","date_gmt":"2022-09-27T22:27:22","guid":{"rendered":"https:\/\/www.pmvabogados.cl\/?p=1481"},"modified":"2024-02-15T09:47:48","modified_gmt":"2024-02-15T12:47:48","slug":"pmv-laborales-incorpora-dos-nuevos-abogados-a-su-equipo-2","status":"publish","type":"post","link":"https:\/\/www.pmvabogados.cl\/en\/pmv-laborales-incorpora-dos-nuevos-abogados-a-su-equipo-2\/","title":{"rendered":"PMV Laborales incorpora dos nuevos abogados a su equipo | Nota, Estado Diario"},"content":{"rendered":"<p>El estudio <a href=\"https:\/\/www.pmvabogados.cl\/\"><strong>Parga, Montes &amp; Vasseur Laborales<\/strong> <\/a>anunci\u00f3 la reciente incorporaci\u00f3n de los abogados <a href=\"https:\/\/www.linkedin.com\/in\/isabel-mellado-01b33b231\/\">Isabel Mellado Montecinos<\/a> y <a href=\"https:\/\/www.linkedin.com\/in\/neiv\/\">Nicol\u00e1s Infante Valdivieso<\/a> a su equipo de profesionales, quienes cuentan con experiencia en Derecho Jur\u00eddico y Derecho P\u00fablico respectivamente.<\/p>\n<p>Nicol\u00e1s Infante es abogado de la Universidad de Chile y cuenta con un diplomado en Derecho Laboral Colectivo de la Universidad Diego Portales. Durante los a\u00f1os 2020 y 2021 ha trabajado en temas laborales de diversa \u00edndole.<\/p>\n<p>Por su parte, Isabel Mellado es abogada de la Universidad Cat\u00f3lica, especializada en Derecho P\u00fablico en la misma casa de estudio. Durante sus estudios, fue tutora en la Cl\u00ednica Jur\u00eddica UC, en la secci\u00f3n Laboral Migratoria.<\/p>\n<p><strong>Sebasti\u00e1n Parga<\/strong>, socio de <strong>PMV Laborales<\/strong> comenta al respecto \u201cestamos muy contentos con la incorporaci\u00f3n de Isabel y Nicol\u00e1s. Esto ayudar\u00e1 a mantener la calidad y r\u00e1pida respuesta a nuestros clientes y a un an\u00e1lisis m\u00e1s profundo y vanguardista de las tem\u00e1ticas laborales que son consultadas por las empresas\u201d.<\/p>\n","protected":false},"excerpt":{"rendered":"","protected":false},"author":2,"featured_media":0,"comment_status":"open","ping_status":"open","sticky":false,"template":"","format":"standard","meta":{"inline_featured_image":false,"footnotes":""},"categories":[16],"tags":[],"yoast_head":"<!-- This site is optimized with the Yoast SEO plugin v21.4 - https:\/\/yoast.com\/wordpress\/plugins\/seo\/ -->\n<title>PMV Laborales incorpora dos nuevos abogados a su equipo | Nota, Estado Diario - Parga, Montes, Vasseur Labor Lawyers<\/title>\n<meta name=\"description\" content=\"Parga, Montes &amp; Vasseur Laborales (PMV) expande su equipo para potenciar a\u00fan m\u00e1s su especializaci\u00f3n en el Derecho Laboral.\" \/>\n<meta name=\"robots\" content=\"index, follow, max-snippet:-1, max-image-preview:large, max-video-preview:-1\" \/>\n<link rel=\"canonical\" href=\"https:\/\/www.pmvabogados.cl\/en\/pmv-laborales-incorpora-dos-nuevos-abogados-a-su-equipo-2\/\" \/>\n<meta property=\"og:locale\" content=\"en_US\" \/>\n<meta property=\"og:type\" content=\"article\" \/>\n<meta property=\"og:title\" content=\"PMV Laborales incorpora dos nuevos abogados a su equipo | Nota, Estado Diario - Parga, Montes, Vasseur Labor Lawyers\" \/>\n<meta property=\"og:description\" content=\"Parga, Montes &amp; Vasseur Laborales (PMV) expande su equipo para potenciar a\u00fan m\u00e1s su especializaci\u00f3n en el Derecho Laboral.\" \/>\n<meta property=\"og:url\" content=\"https:\/\/www.pmvabogados.cl\/en\/pmv-laborales-incorpora-dos-nuevos-abogados-a-su-equipo-2\/\" \/>\n<meta property=\"og:site_name\" content=\"Parga, Montes, Vasseur Labor Lawyers\" \/>\n<meta property=\"article:published_time\" content=\"2022-09-27T22:27:22+00:00\" \/>\n<meta property=\"article:modified_time\" content=\"2024-02-15T12:47:48+00:00\" \/>\n<meta name=\"author\" content=\"Francisca Dominguez\" \/>\n<meta name=\"twitter:card\" content=\"summary_large_image\" \/>\n<meta name=\"twitter:label1\" content=\"Written by\" \/>\n\t<meta name=\"twitter:data1\" content=\"Francisca Dominguez\" \/>\n\t<meta name=\"twitter:label2\" content=\"Est. reading time\" \/>\n\t<meta name=\"twitter:data2\" content=\"1 minute\" \/>\n<script type=\"application\/ld+json\" class=\"yoast-schema-graph\">{\"@context\":\"https:\/\/schema.org\",\"@graph\":[{\"@type\":\"Article\",\"@id\":\"https:\/\/www.pmvabogados.cl\/en\/pmv-laborales-incorpora-dos-nuevos-abogados-a-su-equipo-2\/#article\",\"isPartOf\":{\"@id\":\"https:\/\/www.pmvabogados.cl\/en\/pmv-laborales-incorpora-dos-nuevos-abogados-a-su-equipo-2\/\"},\"author\":{\"name\":\"Francisca Dominguez\",\"@id\":\"https:\/\/www.pmvabogados.cl\/en\/#\/schema\/person\/401fd0c9a37d714b31a68493cee1be83\"},\"headline\":\"PMV Laborales incorpora dos nuevos abogados a su equipo | Nota, Estado Diario\",\"datePublished\":\"2022-09-27T22:27:22+00:00\",\"dateModified\":\"2024-02-15T12:47:48+00:00\",\"mainEntityOfPage\":{\"@id\":\"https:\/\/www.pmvabogados.cl\/en\/pmv-laborales-incorpora-dos-nuevos-abogados-a-su-equipo-2\/\"},\"wordCount\":187,\"commentCount\":0,\"publisher\":{\"@id\":\"https:\/\/www.pmvabogados.cl\/en\/#organization\"},\"articleSection\":[\"Noticias\"],\"inLanguage\":\"en-US\",\"potentialAction\":[{\"@type\":\"CommentAction\",\"name\":\"Comment\",\"target\":[\"https:\/\/www.pmvabogados.cl\/en\/pmv-laborales-incorpora-dos-nuevos-abogados-a-su-equipo-2\/#respond\"]}]},{\"@type\":\"WebPage\",\"@id\":\"https:\/\/www.pmvabogados.cl\/en\/pmv-laborales-incorpora-dos-nuevos-abogados-a-su-equipo-2\/\",\"url\":\"https:\/\/www.pmvabogados.cl\/en\/pmv-laborales-incorpora-dos-nuevos-abogados-a-su-equipo-2\/\",\"name\":\"PMV Laborales incorpora dos nuevos abogados a su equipo | Nota, Estado Diario - Parga, Montes, Vasseur Labor Lawyers\",\"isPartOf\":{\"@id\":\"https:\/\/www.pmvabogados.cl\/en\/#website\"},\"datePublished\":\"2022-09-27T22:27:22+00:00\",\"dateModified\":\"2024-02-15T12:47:48+00:00\",\"description\":\"Parga, Montes & Vasseur Laborales (PMV) expande su equipo para potenciar a\u00fan m\u00e1s su especializaci\u00f3n en el Derecho Laboral.\",\"breadcrumb\":{\"@id\":\"https:\/\/www.pmvabogados.cl\/en\/pmv-laborales-incorpora-dos-nuevos-abogados-a-su-equipo-2\/#breadcrumb\"},\"inLanguage\":\"en-US\",\"potentialAction\":[{\"@type\":\"ReadAction\",\"target\":[\"https:\/\/www.pmvabogados.cl\/en\/pmv-laborales-incorpora-dos-nuevos-abogados-a-su-equipo-2\/\"]}]},{\"@type\":\"BreadcrumbList\",\"@id\":\"https:\/\/www.pmvabogados.cl\/en\/pmv-laborales-incorpora-dos-nuevos-abogados-a-su-equipo-2\/#breadcrumb\",\"itemListElement\":[{\"@type\":\"ListItem\",\"position\":1,\"name\":\"Portada\",\"item\":\"https:\/\/www.pmvabogados.cl\/en\/\"},{\"@type\":\"ListItem\",\"position\":2,\"name\":\"PMV Laborales incorpora dos nuevos abogados a su equipo | Nota, Estado Diario\"}]},{\"@type\":\"WebSite\",\"@id\":\"https:\/\/www.pmvabogados.cl\/en\/#website\",\"url\":\"https:\/\/www.pmvabogados.cl\/en\/\",\"name\":\"Parga, Montes, Vasseur Abogados Laborales\",\"description\":\"Labor Lawyers\",\"publisher\":{\"@id\":\"https:\/\/www.pmvabogados.cl\/en\/#organization\"},\"alternateName\":\"PMV Abogados\",\"potentialAction\":[{\"@type\":\"SearchAction\",\"target\":{\"@type\":\"EntryPoint\",\"urlTemplate\":\"https:\/\/www.pmvabogados.cl\/en\/?s={search_term_string}\"},\"query-input\":\"required name=search_term_string\"}],\"inLanguage\":\"en-US\"},{\"@type\":\"Organization\",\"@id\":\"https:\/\/www.pmvabogados.cl\/en\/#organization\",\"name\":\"Parga, Montes, Vasseur Abogados Laborales\",\"alternateName\":\"PMV Abogados\",\"url\":\"https:\/\/www.pmvabogados.cl\/en\/\",\"logo\":{\"@type\":\"ImageObject\",\"inLanguage\":\"en-US\",\"@id\":\"https:\/\/www.pmvabogados.cl\/en\/#\/schema\/logo\/image\/\",\"url\":\"https:\/\/www.pmvabogados.cl\/wp-content\/uploads\/2023\/03\/Proyecto-nuevo-1.png\",\"contentUrl\":\"https:\/\/www.pmvabogados.cl\/wp-content\/uploads\/2023\/03\/Proyecto-nuevo-1.png\",\"width\":800,\"height\":800,\"caption\":\"Parga, Montes, Vasseur Abogados Laborales\"},\"image\":{\"@id\":\"https:\/\/www.pmvabogados.cl\/en\/#\/schema\/logo\/image\/\"},\"sameAs\":[\"https:\/\/www.linkedin.com\/company\/79443714\/admin\/\"]},{\"@type\":\"Person\",\"@id\":\"https:\/\/www.pmvabogados.cl\/en\/#\/schema\/person\/401fd0c9a37d714b31a68493cee1be83\",\"name\":\"Francisca Dominguez\",\"image\":{\"@type\":\"ImageObject\",\"inLanguage\":\"en-US\",\"@id\":\"https:\/\/www.pmvabogados.cl\/en\/#\/schema\/person\/image\/\",\"url\":\"https:\/\/secure.gravatar.com\/avatar\/146a18d2b51b2fff4b4d20a486533567?s=96&d=mm&r=g\",\"contentUrl\":\"https:\/\/secure.gravatar.com\/avatar\/146a18d2b51b2fff4b4d20a486533567?s=96&d=mm&r=g\",\"caption\":\"Francisca Dominguez\"},\"url\":\"https:\/\/www.pmvabogados.cl\/en\/author\/francisca\/\"}]}<\/script>\n<!-- \/ Yoast SEO plugin. -->","yoast_head_json":{"title":"PMV Laborales incorpora dos nuevos abogados a su equipo | Nota, Estado Diario - Parga, Montes, Vasseur Labor Lawyers","description":"Parga, Montes & Vasseur Laborales (PMV) expande su equipo para potenciar a\u00fan m\u00e1s su especializaci\u00f3n en el Derecho Laboral.","robots":{"index":"index","follow":"follow","max-snippet":"max-snippet:-1","max-image-preview":"max-image-preview:large","max-video-preview":"max-video-preview:-1"},"canonical":"https:\/\/www.pmvabogados.cl\/en\/pmv-laborales-incorpora-dos-nuevos-abogados-a-su-equipo-2\/","og_locale":"en_US","og_type":"article","og_title":"PMV Laborales incorpora dos nuevos abogados a su equipo | Nota, Estado Diario - Parga, Montes, Vasseur Labor Lawyers","og_description":"Parga, Montes & Vasseur Laborales (PMV) expande su equipo para potenciar a\u00fan m\u00e1s su especializaci\u00f3n en el Derecho Laboral.","og_url":"https:\/\/www.pmvabogados.cl\/en\/pmv-laborales-incorpora-dos-nuevos-abogados-a-su-equipo-2\/","og_site_name":"Parga, Montes, Vasseur Labor Lawyers","article_published_time":"2022-09-27T22:27:22+00:00","article_modified_time":"2024-02-15T12:47:48+00:00","author":"Francisca Dominguez","twitter_card":"summary_large_image","twitter_misc":{"Written by":"Francisca Dominguez","Est. reading time":"1 minute"},"schema":{"@context":"https:\/\/schema.org","@graph":[{"@type":"Article","@id":"https:\/\/www.pmvabogados.cl\/en\/pmv-laborales-incorpora-dos-nuevos-abogados-a-su-equipo-2\/#article","isPartOf":{"@id":"https:\/\/www.pmvabogados.cl\/en\/pmv-laborales-incorpora-dos-nuevos-abogados-a-su-equipo-2\/"},"author":{"name":"Francisca Dominguez","@id":"https:\/\/www.pmvabogados.cl\/en\/#\/schema\/person\/401fd0c9a37d714b31a68493cee1be83"},"headline":"PMV Laborales incorpora dos nuevos abogados a su equipo | Nota, Estado Diario","datePublished":"2022-09-27T22:27:22+00:00","dateModified":"2024-02-15T12:47:48+00:00","mainEntityOfPage":{"@id":"https:\/\/www.pmvabogados.cl\/en\/pmv-laborales-incorpora-dos-nuevos-abogados-a-su-equipo-2\/"},"wordCount":187,"commentCount":0,"publisher":{"@id":"https:\/\/www.pmvabogados.cl\/en\/#organization"},"articleSection":["Noticias"],"inLanguage":"en-US","potentialAction":[{"@type":"CommentAction","name":"Comment","target":["https:\/\/www.pmvabogados.cl\/en\/pmv-laborales-incorpora-dos-nuevos-abogados-a-su-equipo-2\/#respond"]}]},{"@type":"WebPage","@id":"https:\/\/www.pmvabogados.cl\/en\/pmv-laborales-incorpora-dos-nuevos-abogados-a-su-equipo-2\/","url":"https:\/\/www.pmvabogados.cl\/en\/pmv-laborales-incorpora-dos-nuevos-abogados-a-su-equipo-2\/","name":"PMV Laborales incorpora dos nuevos abogados a su equipo | Nota, Estado Diario - Parga, Montes, Vasseur Labor Lawyers","isPartOf":{"@id":"https:\/\/www.pmvabogados.cl\/en\/#website"},"datePublished":"2022-09-27T22:27:22+00:00","dateModified":"2024-02-15T12:47:48+00:00","description":"Parga, Montes & Vasseur Laborales (PMV) expande su equipo para potenciar a\u00fan m\u00e1s su especializaci\u00f3n en el Derecho Laboral.","breadcrumb":{"@id":"https:\/\/www.pmvabogados.cl\/en\/pmv-laborales-incorpora-dos-nuevos-abogados-a-su-equipo-2\/#breadcrumb"},"inLanguage":"en-US","potentialAction":[{"@type":"ReadAction","target":["https:\/\/www.pmvabogados.cl\/en\/pmv-laborales-incorpora-dos-nuevos-abogados-a-su-equipo-2\/"]}]},{"@type":"BreadcrumbList","@id":"https:\/\/www.pmvabogados.cl\/en\/pmv-laborales-incorpora-dos-nuevos-abogados-a-su-equipo-2\/#breadcrumb","itemListElement":[{"@type":"ListItem","position":1,"name":"Portada","item":"https:\/\/www.pmvabogados.cl\/en\/"},{"@type":"ListItem","position":2,"name":"PMV Laborales incorpora dos nuevos abogados a su equipo | Nota, Estado Diario"}]},{"@type":"WebSite","@id":"https:\/\/www.pmvabogados.cl\/en\/#website","url":"https:\/\/www.pmvabogados.cl\/en\/","name":"Parga, Montes, Vasseur Abogados Laborales","description":"Labor Lawyers","publisher":{"@id":"https:\/\/www.pmvabogados.cl\/en\/#organization"},"alternateName":"PMV Abogados","potentialAction":[{"@type":"SearchAction","target":{"@type":"EntryPoint","urlTemplate":"https:\/\/www.pmvabogados.cl\/en\/?s={search_term_string}"},"query-input":"required name=search_term_string"}],"inLanguage":"en-US"},{"@type":"Organization","@id":"https:\/\/www.pmvabogados.cl\/en\/#organization","name":"Parga, Montes, Vasseur Abogados Laborales","alternateName":"PMV Abogados","url":"https:\/\/www.pmvabogados.cl\/en\/","logo":{"@type":"ImageObject","inLanguage":"en-US","@id":"https:\/\/www.pmvabogados.cl\/en\/#\/schema\/logo\/image\/","url":"https:\/\/www.pmvabogados.cl\/wp-content\/uploads\/2023\/03\/Proyecto-nuevo-1.png","contentUrl":"https:\/\/www.pmvabogados.cl\/wp-content\/uploads\/2023\/03\/Proyecto-nuevo-1.png","width":800,"height":800,"caption":"Parga, Montes, Vasseur Abogados Laborales"},"image":{"@id":"https:\/\/www.pmvabogados.cl\/en\/#\/schema\/logo\/image\/"},"sameAs":["https:\/\/www.linkedin.com\/company\/79443714\/admin\/"]},{"@type":"Person","@id":"https:\/\/www.pmvabogados.cl\/en\/#\/schema\/person\/401fd0c9a37d714b31a68493cee1be83","name":"Francisca Dominguez","image":{"@type":"ImageObject","inLanguage":"en-US","@id":"https:\/\/www.pmvabogados.cl\/en\/#\/schema\/person\/image\/","url":"https:\/\/secure.gravatar.com\/avatar\/146a18d2b51b2fff4b4d20a486533567?s=96&d=mm&r=g","contentUrl":"https:\/\/secure.gravatar.com\/avatar\/146a18d2b51b2fff4b4d20a486533567?s=96&d=mm&r=g","caption":"Francisca Dominguez"},"url":"https:\/\/www.pmvabogados.cl\/en\/author\/francisca\/"}]}},"_links":{"self":[{"href":"https:\/\/www.pmvabogados.cl\/en\/wp-json\/wp\/v2\/posts\/1481"}],"collection":[{"href":"https:\/\/www.pmvabogados.cl\/en\/wp-json\/wp\/v2\/posts"}],"about":[{"href":"https:\/\/www.pmvabogados.cl\/en\/wp-json\/wp\/v2\/types\/post"}],"author":[{"embeddable":true,"href":"https:\/\/www.pmvabogados.cl\/en\/wp-json\/wp\/v2\/users\/2"}],"replies":[{"embeddable":true,"href":"https:\/\/www.pmvabogados.cl\/en\/wp-json\/wp\/v2\/comments?post=1481"}],"version-history":[{"count":3,"href":"https:\/\/www.pmvabogados.cl\/en\/wp-json\/wp\/v2\/posts\/1481\/revisions"}],"predecessor-version":[{"id":1639,"href":"https:\/\/www.pmvabogados.cl\/en\/wp-json\/wp\/v2\/posts\/1481\/revisions\/1639"}],"wp:attachment":[{"href":"https:\/\/www.pmvabogados.cl\/en\/wp-json\/wp\/v2\/media?parent=1481"}],"wp:term":[{"taxonomy":"category","embeddable":true,"href":"https:\/\/www.pmvabogados.cl\/en\/wp-json\/wp\/v2\/categories?post=1481"},{"taxonomy":"post_tag","embeddable":true,"href":"https:\/\/www.pmvabogados.cl\/en\/wp-json\/wp\/v2\/tags?post=1481"}],"curies":[{"name":"wp","href":"https:\/\/api.w.org\/{rel}","templated":true}]}}