{"id":1556,"date":"2024-02-05T13:22:59","date_gmt":"2024-02-05T16:22:59","guid":{"rendered":"https:\/\/www.pmvabogados.cl\/?p=1556"},"modified":"2024-02-05T13:24:50","modified_gmt":"2024-02-05T16:24:50","slug":"incendios-forestales-y-legislacion-laboral","status":"publish","type":"post","link":"https:\/\/www.pmvabogados.cl\/en\/incendios-forestales-y-legislacion-laboral\/","title":{"rendered":"Incendios forestales y legislaci\u00f3n laboral"},"content":{"rendered":"<p>En el contexto de los incendios forestales que afectan al pa\u00eds, en particular en la V regi\u00f3n, realizamos una revisi\u00f3n de la legislaci\u00f3n laboral sobre la materia y que modifica las condiciones normales del trabajo de aquellas personas que realizan labores de brigadistas y bomberos.<\/p>\n<p>\u00bfCu\u00e1les son los casos previstos para la extensi\u00f3n de la jornada ordinaria? \u00bfExiste un m\u00e1ximo de horas? \u00bfC\u00f3mo se pagan las horas extras trabajadas? \u00bfDeben considerarse los tiempos de traslado como parte de la jornada de trabajo?<\/p>\n<p>Los invitamos a revisar una nueva edici\u00f3n de nuestro <a href=\"https:\/\/www.pmvabogados.cl\/enfoque\/\">#EnfoqueLaboral.<\/a><\/p>\n","protected":false},"excerpt":{"rendered":"","protected":false},"author":2,"featured_media":1554,"comment_status":"open","ping_status":"open","sticky":false,"template":"","format":"standard","meta":{"inline_featured_image":false,"footnotes":""},"categories":[19,17,18],"tags":[],"yoast_head":"<!-- This site is optimized with the Yoast SEO plugin v21.4 - https:\/\/yoast.com\/wordpress\/plugins\/seo\/ -->\n<title>Incendios forestales y legislaci\u00f3n laboral - Parga, Montes, Vasseur Labor Lawyers<\/title>\n<meta name=\"description\" content=\"En el contexto de los incendios forestales que afectan al pa\u00eds, en particular en la V regi\u00f3n realizamos una revisi\u00f3n de la legislaci\u00f3n labora\u00f1\" \/>\n<meta name=\"robots\" content=\"index, follow, max-snippet:-1, max-image-preview:large, max-video-preview:-1\" \/>\n<link rel=\"canonical\" href=\"https:\/\/www.pmvabogados.cl\/en\/incendios-forestales-y-legislacion-laboral\/\" \/>\n<meta property=\"og:locale\" content=\"en_US\" \/>\n<meta property=\"og:type\" content=\"article\" \/>\n<meta property=\"og:title\" content=\"Incendios forestales y legislaci\u00f3n laboral - Parga, Montes, Vasseur Labor Lawyers\" \/>\n<meta property=\"og:description\" content=\"En el contexto de los incendios forestales que afectan al pa\u00eds, en particular en la V regi\u00f3n realizamos una revisi\u00f3n de la legislaci\u00f3n labora\u00f1\" \/>\n<meta property=\"og:url\" content=\"https:\/\/www.pmvabogados.cl\/en\/incendios-forestales-y-legislacion-laboral\/\" \/>\n<meta property=\"og:site_name\" content=\"Parga, Montes, Vasseur Labor Lawyers\" \/>\n<meta property=\"article:published_time\" content=\"2024-02-05T16:22:59+00:00\" \/>\n<meta property=\"article:modified_time\" content=\"2024-02-05T16:24:50+00:00\" \/>\n<meta property=\"og:image\" content=\"https:\/\/mail.pmvabogados.cl\/wp-content\/uploads\/2024\/02\/PMV-Laborales-INCENDIOS-FORESTALES-Y-LEGISLACION-LABORAL.jpg\" \/>\n\t<meta property=\"og:image:width\" content=\"1920\" \/>\n\t<meta property=\"og:image:height\" content=\"1080\" \/>\n\t<meta property=\"og:image:type\" content=\"image\/jpeg\" \/>\n<meta name=\"author\" content=\"Francisca Dominguez\" \/>\n<meta name=\"twitter:card\" content=\"summary_large_image\" \/>\n<meta name=\"twitter:label1\" content=\"Written by\" \/>\n\t<meta name=\"twitter:data1\" content=\"Francisca Dominguez\" \/>\n\t<meta name=\"twitter:label2\" content=\"Est. reading time\" \/>\n\t<meta name=\"twitter:data2\" content=\"1 minute\" \/>\n<script type=\"application\/ld+json\" class=\"yoast-schema-graph\">{\"@context\":\"https:\/\/schema.org\",\"@graph\":[{\"@type\":\"Article\",\"@id\":\"https:\/\/www.pmvabogados.cl\/en\/incendios-forestales-y-legislacion-laboral\/#article\",\"isPartOf\":{\"@id\":\"https:\/\/www.pmvabogados.cl\/en\/incendios-forestales-y-legislacion-laboral\/\"},\"author\":{\"name\":\"Francisca Dominguez\",\"@id\":\"https:\/\/www.pmvabogados.cl\/en\/#\/schema\/person\/401fd0c9a37d714b31a68493cee1be83\"},\"headline\":\"Incendios forestales y legislaci\u00f3n laboral\",\"datePublished\":\"2024-02-05T16:22:59+00:00\",\"dateModified\":\"2024-02-05T16:24:50+00:00\",\"mainEntityOfPage\":{\"@id\":\"https:\/\/www.pmvabogados.cl\/en\/incendios-forestales-y-legislacion-laboral\/\"},\"wordCount\":107,\"commentCount\":0,\"publisher\":{\"@id\":\"https:\/\/www.pmvabogados.cl\/en\/#organization\"},\"articleSection\":[\"Enfoque\",\"Enfoque Laboral\",\"insight\"],\"inLanguage\":\"en-US\",\"potentialAction\":[{\"@type\":\"CommentAction\",\"name\":\"Comment\",\"target\":[\"https:\/\/www.pmvabogados.cl\/en\/incendios-forestales-y-legislacion-laboral\/#respond\"]}]},{\"@type\":\"WebPage\",\"@id\":\"https:\/\/www.pmvabogados.cl\/en\/incendios-forestales-y-legislacion-laboral\/\",\"url\":\"https:\/\/www.pmvabogados.cl\/en\/incendios-forestales-y-legislacion-laboral\/\",\"name\":\"Incendios forestales y legislaci\u00f3n laboral - Parga, Montes, Vasseur Labor Lawyers\",\"isPartOf\":{\"@id\":\"https:\/\/www.pmvabogados.cl\/en\/#website\"},\"datePublished\":\"2024-02-05T16:22:59+00:00\",\"dateModified\":\"2024-02-05T16:24:50+00:00\",\"description\":\"En el contexto de los incendios forestales que afectan al pa\u00eds, en particular en la V regi\u00f3n realizamos una revisi\u00f3n de la legislaci\u00f3n labora\u00f1\",\"breadcrumb\":{\"@id\":\"https:\/\/www.pmvabogados.cl\/en\/incendios-forestales-y-legislacion-laboral\/#breadcrumb\"},\"inLanguage\":\"en-US\",\"potentialAction\":[{\"@type\":\"ReadAction\",\"target\":[\"https:\/\/www.pmvabogados.cl\/en\/incendios-forestales-y-legislacion-laboral\/\"]}]},{\"@type\":\"BreadcrumbList\",\"@id\":\"https:\/\/www.pmvabogados.cl\/en\/incendios-forestales-y-legislacion-laboral\/#breadcrumb\",\"itemListElement\":[{\"@type\":\"ListItem\",\"position\":1,\"name\":\"Portada\",\"item\":\"https:\/\/www.pmvabogados.cl\/en\/\"},{\"@type\":\"ListItem\",\"position\":2,\"name\":\"Incendios forestales y legislaci\u00f3n laboral\"}]},{\"@type\":\"WebSite\",\"@id\":\"https:\/\/www.pmvabogados.cl\/en\/#website\",\"url\":\"https:\/\/www.pmvabogados.cl\/en\/\",\"name\":\"Parga, Montes, Vasseur Abogados Laborales\",\"description\":\"Labor Lawyers\",\"publisher\":{\"@id\":\"https:\/\/www.pmvabogados.cl\/en\/#organization\"},\"alternateName\":\"PMV Abogados\",\"potentialAction\":[{\"@type\":\"SearchAction\",\"target\":{\"@type\":\"EntryPoint\",\"urlTemplate\":\"https:\/\/www.pmvabogados.cl\/en\/?s={search_term_string}\"},\"query-input\":\"required name=search_term_string\"}],\"inLanguage\":\"en-US\"},{\"@type\":\"Organization\",\"@id\":\"https:\/\/www.pmvabogados.cl\/en\/#organization\",\"name\":\"Parga, Montes, Vasseur Abogados Laborales\",\"alternateName\":\"PMV Abogados\",\"url\":\"https:\/\/www.pmvabogados.cl\/en\/\",\"logo\":{\"@type\":\"ImageObject\",\"inLanguage\":\"en-US\",\"@id\":\"https:\/\/www.pmvabogados.cl\/en\/#\/schema\/logo\/image\/\",\"url\":\"https:\/\/www.pmvabogados.cl\/wp-content\/uploads\/2023\/03\/Proyecto-nuevo-1.png\",\"contentUrl\":\"https:\/\/www.pmvabogados.cl\/wp-content\/uploads\/2023\/03\/Proyecto-nuevo-1.png\",\"width\":800,\"height\":800,\"caption\":\"Parga, Montes, Vasseur Abogados Laborales\"},\"image\":{\"@id\":\"https:\/\/www.pmvabogados.cl\/en\/#\/schema\/logo\/image\/\"},\"sameAs\":[\"https:\/\/www.linkedin.com\/company\/79443714\/admin\/\"]},{\"@type\":\"Person\",\"@id\":\"https:\/\/www.pmvabogados.cl\/en\/#\/schema\/person\/401fd0c9a37d714b31a68493cee1be83\",\"name\":\"Francisca Dominguez\",\"image\":{\"@type\":\"ImageObject\",\"inLanguage\":\"en-US\",\"@id\":\"https:\/\/www.pmvabogados.cl\/en\/#\/schema\/person\/image\/\",\"url\":\"https:\/\/secure.gravatar.com\/avatar\/146a18d2b51b2fff4b4d20a486533567?s=96&d=mm&r=g\",\"contentUrl\":\"https:\/\/secure.gravatar.com\/avatar\/146a18d2b51b2fff4b4d20a486533567?s=96&d=mm&r=g\",\"caption\":\"Francisca Dominguez\"},\"url\":\"https:\/\/www.pmvabogados.cl\/en\/author\/francisca\/\"}]}<\/script>\n<!-- \/ Yoast SEO plugin. -->","yoast_head_json":{"title":"Incendios forestales y legislaci\u00f3n laboral - Parga, Montes, Vasseur Labor Lawyers","description":"En el contexto de los incendios forestales que afectan al pa\u00eds, en particular en la V regi\u00f3n realizamos una revisi\u00f3n de la legislaci\u00f3n labora\u00f1","robots":{"index":"index","follow":"follow","max-snippet":"max-snippet:-1","max-image-preview":"max-image-preview:large","max-video-preview":"max-video-preview:-1"},"canonical":"https:\/\/www.pmvabogados.cl\/en\/incendios-forestales-y-legislacion-laboral\/","og_locale":"en_US","og_type":"article","og_title":"Incendios forestales y legislaci\u00f3n laboral - Parga, Montes, Vasseur Labor Lawyers","og_description":"En el contexto de los incendios forestales que afectan al pa\u00eds, en particular en la V regi\u00f3n realizamos una revisi\u00f3n de la legislaci\u00f3n labora\u00f1","og_url":"https:\/\/www.pmvabogados.cl\/en\/incendios-forestales-y-legislacion-laboral\/","og_site_name":"Parga, Montes, Vasseur Labor Lawyers","article_published_time":"2024-02-05T16:22:59+00:00","article_modified_time":"2024-02-05T16:24:50+00:00","og_image":[{"width":1920,"height":1080,"url":"https:\/\/mail.pmvabogados.cl\/wp-content\/uploads\/2024\/02\/PMV-Laborales-INCENDIOS-FORESTALES-Y-LEGISLACION-LABORAL.jpg","type":"image\/jpeg"}],"author":"Francisca Dominguez","twitter_card":"summary_large_image","twitter_misc":{"Written by":"Francisca Dominguez","Est. reading time":"1 minute"},"schema":{"@context":"https:\/\/schema.org","@graph":[{"@type":"Article","@id":"https:\/\/www.pmvabogados.cl\/en\/incendios-forestales-y-legislacion-laboral\/#article","isPartOf":{"@id":"https:\/\/www.pmvabogados.cl\/en\/incendios-forestales-y-legislacion-laboral\/"},"author":{"name":"Francisca Dominguez","@id":"https:\/\/www.pmvabogados.cl\/en\/#\/schema\/person\/401fd0c9a37d714b31a68493cee1be83"},"headline":"Incendios forestales y legislaci\u00f3n laboral","datePublished":"2024-02-05T16:22:59+00:00","dateModified":"2024-02-05T16:24:50+00:00","mainEntityOfPage":{"@id":"https:\/\/www.pmvabogados.cl\/en\/incendios-forestales-y-legislacion-laboral\/"},"wordCount":107,"commentCount":0,"publisher":{"@id":"https:\/\/www.pmvabogados.cl\/en\/#organization"},"articleSection":["Enfoque","Enfoque Laboral","insight"],"inLanguage":"en-US","potentialAction":[{"@type":"CommentAction","name":"Comment","target":["https:\/\/www.pmvabogados.cl\/en\/incendios-forestales-y-legislacion-laboral\/#respond"]}]},{"@type":"WebPage","@id":"https:\/\/www.pmvabogados.cl\/en\/incendios-forestales-y-legislacion-laboral\/","url":"https:\/\/www.pmvabogados.cl\/en\/incendios-forestales-y-legislacion-laboral\/","name":"Incendios forestales y legislaci\u00f3n laboral - Parga, Montes, Vasseur Labor Lawyers","isPartOf":{"@id":"https:\/\/www.pmvabogados.cl\/en\/#website"},"datePublished":"2024-02-05T16:22:59+00:00","dateModified":"2024-02-05T16:24:50+00:00","description":"En el contexto de los incendios forestales que afectan al pa\u00eds, en particular en la V regi\u00f3n realizamos una revisi\u00f3n de la legislaci\u00f3n labora\u00f1","breadcrumb":{"@id":"https:\/\/www.pmvabogados.cl\/en\/incendios-forestales-y-legislacion-laboral\/#breadcrumb"},"inLanguage":"en-US","potentialAction":[{"@type":"ReadAction","target":["https:\/\/www.pmvabogados.cl\/en\/incendios-forestales-y-legislacion-laboral\/"]}]},{"@type":"BreadcrumbList","@id":"https:\/\/www.pmvabogados.cl\/en\/incendios-forestales-y-legislacion-laboral\/#breadcrumb","itemListElement":[{"@type":"ListItem","position":1,"name":"Portada","item":"https:\/\/www.pmvabogados.cl\/en\/"},{"@type":"ListItem","position":2,"name":"Incendios forestales y legislaci\u00f3n laboral"}]},{"@type":"WebSite","@id":"https:\/\/www.pmvabogados.cl\/en\/#website","url":"https:\/\/www.pmvabogados.cl\/en\/","name":"Parga, Montes, Vasseur Abogados Laborales","description":"Labor Lawyers","publisher":{"@id":"https:\/\/www.pmvabogados.cl\/en\/#organization"},"alternateName":"PMV Abogados","potentialAction":[{"@type":"SearchAction","target":{"@type":"EntryPoint","urlTemplate":"https:\/\/www.pmvabogados.cl\/en\/?s={search_term_string}"},"query-input":"required name=search_term_string"}],"inLanguage":"en-US"},{"@type":"Organization","@id":"https:\/\/www.pmvabogados.cl\/en\/#organization","name":"Parga, Montes, Vasseur Abogados Laborales","alternateName":"PMV Abogados","url":"https:\/\/www.pmvabogados.cl\/en\/","logo":{"@type":"ImageObject","inLanguage":"en-US","@id":"https:\/\/www.pmvabogados.cl\/en\/#\/schema\/logo\/image\/","url":"https:\/\/www.pmvabogados.cl\/wp-content\/uploads\/2023\/03\/Proyecto-nuevo-1.png","contentUrl":"https:\/\/www.pmvabogados.cl\/wp-content\/uploads\/2023\/03\/Proyecto-nuevo-1.png","width":800,"height":800,"caption":"Parga, Montes, Vasseur Abogados Laborales"},"image":{"@id":"https:\/\/www.pmvabogados.cl\/en\/#\/schema\/logo\/image\/"},"sameAs":["https:\/\/www.linkedin.com\/company\/79443714\/admin\/"]},{"@type":"Person","@id":"https:\/\/www.pmvabogados.cl\/en\/#\/schema\/person\/401fd0c9a37d714b31a68493cee1be83","name":"Francisca Dominguez","image":{"@type":"ImageObject","inLanguage":"en-US","@id":"https:\/\/www.pmvabogados.cl\/en\/#\/schema\/person\/image\/","url":"https:\/\/secure.gravatar.com\/avatar\/146a18d2b51b2fff4b4d20a486533567?s=96&d=mm&r=g","contentUrl":"https:\/\/secure.gravatar.com\/avatar\/146a18d2b51b2fff4b4d20a486533567?s=96&d=mm&r=g","caption":"Francisca Dominguez"},"url":"https:\/\/www.pmvabogados.cl\/en\/author\/francisca\/"}]}},"_links":{"self":[{"href":"https:\/\/www.pmvabogados.cl\/en\/wp-json\/wp\/v2\/posts\/1556"}],"collection":[{"href":"https:\/\/www.pmvabogados.cl\/en\/wp-json\/wp\/v2\/posts"}],"about":[{"href":"https:\/\/www.pmvabogados.cl\/en\/wp-json\/wp\/v2\/types\/post"}],"author":[{"embeddable":true,"href":"https:\/\/www.pmvabogados.cl\/en\/wp-json\/wp\/v2\/users\/2"}],"replies":[{"embeddable":true,"href":"https:\/\/www.pmvabogados.cl\/en\/wp-json\/wp\/v2\/comments?post=1556"}],"version-history":[{"count":1,"href":"https:\/\/www.pmvabogados.cl\/en\/wp-json\/wp\/v2\/posts\/1556\/revisions"}],"predecessor-version":[{"id":1557,"href":"https:\/\/www.pmvabogados.cl\/en\/wp-json\/wp\/v2\/posts\/1556\/revisions\/1557"}],"wp:featuredmedia":[{"embeddable":true,"href":"https:\/\/www.pmvabogados.cl\/en\/wp-json\/wp\/v2\/media\/1554"}],"wp:attachment":[{"href":"https:\/\/www.pmvabogados.cl\/en\/wp-json\/wp\/v2\/media?parent=1556"}],"wp:term":[{"taxonomy":"category","embeddable":true,"href":"https:\/\/www.pmvabogados.cl\/en\/wp-json\/wp\/v2\/categories?post=1556"},{"taxonomy":"post_tag","embeddable":true,"href":"https:\/\/www.pmvabogados.cl\/en\/wp-json\/wp\/v2\/tags?post=1556"}],"curies":[{"name":"wp","href":"https:\/\/api.w.org\/{rel}","templated":true}]}}