{"id":1718,"date":"2024-03-05T17:25:14","date_gmt":"2024-03-05T20:25:14","guid":{"rendered":"https:\/\/www.pmvabogados.cl\/?p=1718"},"modified":"2024-03-05T17:26:10","modified_gmt":"2024-03-05T20:26:10","slug":"comentarios-y-alcances-al-dictamen-de-la-direccion-del-trabajo-en-relacion-al-nuevo-inciso-segundo-del-articulo-22-del-codigo-del-trabajo","status":"publish","type":"post","link":"https:\/\/www.pmvabogados.cl\/en\/comentarios-y-alcances-al-dictamen-de-la-direccion-del-trabajo-en-relacion-al-nuevo-inciso-segundo-del-articulo-22-del-codigo-del-trabajo\/","title":{"rendered":"Comentarios y alcances al Dictamen de la Direcci\u00f3n del Trabajo en relaci\u00f3n al nuevo inciso segundo del art\u00edculo 22 del C\u00f3digo del Trabajo"},"content":{"rendered":"<p>Recientemente, la\u00a0<a href=\"https:\/\/www.linkedin.com\/company\/direcci-n-del-trabajo\/\" data-attribute-index=\"0\" data-entity-type=\"MINI_COMPANY\">Direcci\u00f3n del Trabajo<\/a>\u00a0se pronunci\u00f3 sobre los impactos del nuevo inciso segundo del art\u00edculo 22 del C\u00f3digo del Trabajo, introducido por la Ley N\u00b021.561, conocida como la Ley de &#8220;40 horas&#8221;.<\/p>\n<p>\u00bfCu\u00e1les son las interpretaciones de la Direcci\u00f3n del Trabajo en relaci\u00f3n a los cambios introducidos a este art\u00edculo?<\/p>\n<p>En una nueva edici\u00f3n de nuestro\u00a0<a href=\"https:\/\/www.linkedin.com\/feed\/hashtag\/?keywords=enfoquelaboral&amp;highlightedUpdateUrns=urn%3Ali%3Aactivity%3A7170876102071037954\" data-attribute-index=\"2\">#EnfoqueLaboral<\/a>\u00a0expondremos brevemente algunos efectos e implicancias que esta interpretaci\u00f3n traer\u00e1 para empleadores y trabajadores.<\/p>\n","protected":false},"excerpt":{"rendered":"","protected":false},"author":2,"featured_media":1716,"comment_status":"open","ping_status":"open","sticky":false,"template":"","format":"standard","meta":{"inline_featured_image":false,"footnotes":""},"categories":[19,17,18],"tags":[],"yoast_head":"<!-- This site is optimized with the Yoast SEO plugin v21.4 - https:\/\/yoast.com\/wordpress\/plugins\/seo\/ -->\n<title>Comentarios y alcances al Dictamen de la Direcci\u00f3n del Trabajo en relaci\u00f3n al nuevo inciso segundo del art\u00edculo 22 del C\u00f3digo del Trabajo - Parga, Montes, Vasseur Labor Lawyers<\/title>\n<meta name=\"description\" content=\"Recientemente, la\u00a0Direcci\u00f3n del Trabajo\u00a0se pronunci\u00f3 sobre los impactos del nuevo inciso segundo del art\u00edculo 22 del C\u00f3digo del Trabajo\" \/>\n<meta name=\"robots\" content=\"index, follow, max-snippet:-1, max-image-preview:large, max-video-preview:-1\" \/>\n<link rel=\"canonical\" href=\"https:\/\/www.pmvabogados.cl\/en\/comentarios-y-alcances-al-dictamen-de-la-direccion-del-trabajo-en-relacion-al-nuevo-inciso-segundo-del-articulo-22-del-codigo-del-trabajo\/\" \/>\n<meta property=\"og:locale\" content=\"en_US\" \/>\n<meta property=\"og:type\" content=\"article\" \/>\n<meta property=\"og:title\" content=\"Comentarios y alcances al Dictamen de la Direcci\u00f3n del Trabajo en relaci\u00f3n al nuevo inciso segundo del art\u00edculo 22 del C\u00f3digo del Trabajo - Parga, Montes, Vasseur Labor Lawyers\" \/>\n<meta property=\"og:description\" content=\"Recientemente, la\u00a0Direcci\u00f3n del Trabajo\u00a0se pronunci\u00f3 sobre los impactos del nuevo inciso segundo del art\u00edculo 22 del C\u00f3digo del Trabajo\" \/>\n<meta property=\"og:url\" content=\"https:\/\/www.pmvabogados.cl\/en\/comentarios-y-alcances-al-dictamen-de-la-direccion-del-trabajo-en-relacion-al-nuevo-inciso-segundo-del-articulo-22-del-codigo-del-trabajo\/\" \/>\n<meta property=\"og:site_name\" content=\"Parga, Montes, Vasseur Labor Lawyers\" \/>\n<meta property=\"article:published_time\" content=\"2024-03-05T20:25:14+00:00\" \/>\n<meta property=\"article:modified_time\" content=\"2024-03-05T20:26:10+00:00\" \/>\n<meta property=\"og:image\" content=\"https:\/\/www.pmvabogados.cl\/wp-content\/uploads\/2024\/03\/PMV-Laborales-Comentarios-y-alcances-al-Dictamen-de-la-Direccion-del-Trabajo-en-relacion-al-nuevo-inciso-segundo-del-articulo-22-del-Codigo-del-Trabajo.jpg\" \/>\n\t<meta property=\"og:image:width\" content=\"1920\" \/>\n\t<meta property=\"og:image:height\" content=\"1080\" \/>\n\t<meta property=\"og:image:type\" content=\"image\/jpeg\" \/>\n<meta name=\"author\" content=\"Francisca Dominguez\" \/>\n<meta name=\"twitter:card\" content=\"summary_large_image\" \/>\n<meta name=\"twitter:label1\" content=\"Written by\" \/>\n\t<meta name=\"twitter:data1\" content=\"Francisca Dominguez\" \/>\n\t<meta name=\"twitter:label2\" content=\"Est. reading time\" \/>\n\t<meta name=\"twitter:data2\" content=\"1 minute\" \/>\n<script type=\"application\/ld+json\" class=\"yoast-schema-graph\">{\"@context\":\"https:\/\/schema.org\",\"@graph\":[{\"@type\":\"Article\",\"@id\":\"https:\/\/www.pmvabogados.cl\/en\/comentarios-y-alcances-al-dictamen-de-la-direccion-del-trabajo-en-relacion-al-nuevo-inciso-segundo-del-articulo-22-del-codigo-del-trabajo\/#article\",\"isPartOf\":{\"@id\":\"https:\/\/www.pmvabogados.cl\/en\/comentarios-y-alcances-al-dictamen-de-la-direccion-del-trabajo-en-relacion-al-nuevo-inciso-segundo-del-articulo-22-del-codigo-del-trabajo\/\"},\"author\":{\"name\":\"Francisca Dominguez\",\"@id\":\"https:\/\/www.pmvabogados.cl\/en\/#\/schema\/person\/401fd0c9a37d714b31a68493cee1be83\"},\"headline\":\"Comentarios y alcances al Dictamen de la Direcci\u00f3n del Trabajo en relaci\u00f3n al nuevo inciso segundo del art\u00edculo 22 del C\u00f3digo del Trabajo\",\"datePublished\":\"2024-03-05T20:25:14+00:00\",\"dateModified\":\"2024-03-05T20:26:10+00:00\",\"mainEntityOfPage\":{\"@id\":\"https:\/\/www.pmvabogados.cl\/en\/comentarios-y-alcances-al-dictamen-de-la-direccion-del-trabajo-en-relacion-al-nuevo-inciso-segundo-del-articulo-22-del-codigo-del-trabajo\/\"},\"wordCount\":105,\"commentCount\":0,\"publisher\":{\"@id\":\"https:\/\/www.pmvabogados.cl\/en\/#organization\"},\"articleSection\":[\"Enfoque\",\"Enfoque Laboral\",\"insight\"],\"inLanguage\":\"en-US\",\"potentialAction\":[{\"@type\":\"CommentAction\",\"name\":\"Comment\",\"target\":[\"https:\/\/www.pmvabogados.cl\/en\/comentarios-y-alcances-al-dictamen-de-la-direccion-del-trabajo-en-relacion-al-nuevo-inciso-segundo-del-articulo-22-del-codigo-del-trabajo\/#respond\"]}]},{\"@type\":\"WebPage\",\"@id\":\"https:\/\/www.pmvabogados.cl\/en\/comentarios-y-alcances-al-dictamen-de-la-direccion-del-trabajo-en-relacion-al-nuevo-inciso-segundo-del-articulo-22-del-codigo-del-trabajo\/\",\"url\":\"https:\/\/www.pmvabogados.cl\/en\/comentarios-y-alcances-al-dictamen-de-la-direccion-del-trabajo-en-relacion-al-nuevo-inciso-segundo-del-articulo-22-del-codigo-del-trabajo\/\",\"name\":\"Comentarios y alcances al Dictamen de la Direcci\u00f3n del Trabajo en relaci\u00f3n al nuevo inciso segundo del art\u00edculo 22 del C\u00f3digo del Trabajo - Parga, Montes, Vasseur Labor Lawyers\",\"isPartOf\":{\"@id\":\"https:\/\/www.pmvabogados.cl\/en\/#website\"},\"datePublished\":\"2024-03-05T20:25:14+00:00\",\"dateModified\":\"2024-03-05T20:26:10+00:00\",\"description\":\"Recientemente, la\u00a0Direcci\u00f3n del Trabajo\u00a0se pronunci\u00f3 sobre los impactos del nuevo inciso segundo del art\u00edculo 22 del C\u00f3digo del Trabajo\",\"breadcrumb\":{\"@id\":\"https:\/\/www.pmvabogados.cl\/en\/comentarios-y-alcances-al-dictamen-de-la-direccion-del-trabajo-en-relacion-al-nuevo-inciso-segundo-del-articulo-22-del-codigo-del-trabajo\/#breadcrumb\"},\"inLanguage\":\"en-US\",\"potentialAction\":[{\"@type\":\"ReadAction\",\"target\":[\"https:\/\/www.pmvabogados.cl\/en\/comentarios-y-alcances-al-dictamen-de-la-direccion-del-trabajo-en-relacion-al-nuevo-inciso-segundo-del-articulo-22-del-codigo-del-trabajo\/\"]}]},{\"@type\":\"BreadcrumbList\",\"@id\":\"https:\/\/www.pmvabogados.cl\/en\/comentarios-y-alcances-al-dictamen-de-la-direccion-del-trabajo-en-relacion-al-nuevo-inciso-segundo-del-articulo-22-del-codigo-del-trabajo\/#breadcrumb\",\"itemListElement\":[{\"@type\":\"ListItem\",\"position\":1,\"name\":\"Portada\",\"item\":\"https:\/\/www.pmvabogados.cl\/en\/\"},{\"@type\":\"ListItem\",\"position\":2,\"name\":\"Comentarios y alcances al Dictamen de la Direcci\u00f3n del Trabajo en relaci\u00f3n al nuevo inciso segundo del art\u00edculo 22 del C\u00f3digo del Trabajo\"}]},{\"@type\":\"WebSite\",\"@id\":\"https:\/\/www.pmvabogados.cl\/en\/#website\",\"url\":\"https:\/\/www.pmvabogados.cl\/en\/\",\"name\":\"Parga, Montes, Vasseur Abogados Laborales\",\"description\":\"Labor Lawyers\",\"publisher\":{\"@id\":\"https:\/\/www.pmvabogados.cl\/en\/#organization\"},\"alternateName\":\"PMV Abogados\",\"potentialAction\":[{\"@type\":\"SearchAction\",\"target\":{\"@type\":\"EntryPoint\",\"urlTemplate\":\"https:\/\/www.pmvabogados.cl\/en\/?s={search_term_string}\"},\"query-input\":\"required name=search_term_string\"}],\"inLanguage\":\"en-US\"},{\"@type\":\"Organization\",\"@id\":\"https:\/\/www.pmvabogados.cl\/en\/#organization\",\"name\":\"Parga, Montes, Vasseur Abogados Laborales\",\"alternateName\":\"PMV Abogados\",\"url\":\"https:\/\/www.pmvabogados.cl\/en\/\",\"logo\":{\"@type\":\"ImageObject\",\"inLanguage\":\"en-US\",\"@id\":\"https:\/\/www.pmvabogados.cl\/en\/#\/schema\/logo\/image\/\",\"url\":\"https:\/\/www.pmvabogados.cl\/wp-content\/uploads\/2023\/03\/Proyecto-nuevo-1.png\",\"contentUrl\":\"https:\/\/www.pmvabogados.cl\/wp-content\/uploads\/2023\/03\/Proyecto-nuevo-1.png\",\"width\":800,\"height\":800,\"caption\":\"Parga, Montes, Vasseur Abogados Laborales\"},\"image\":{\"@id\":\"https:\/\/www.pmvabogados.cl\/en\/#\/schema\/logo\/image\/\"},\"sameAs\":[\"https:\/\/www.linkedin.com\/company\/79443714\/admin\/\"]},{\"@type\":\"Person\",\"@id\":\"https:\/\/www.pmvabogados.cl\/en\/#\/schema\/person\/401fd0c9a37d714b31a68493cee1be83\",\"name\":\"Francisca Dominguez\",\"image\":{\"@type\":\"ImageObject\",\"inLanguage\":\"en-US\",\"@id\":\"https:\/\/www.pmvabogados.cl\/en\/#\/schema\/person\/image\/\",\"url\":\"https:\/\/secure.gravatar.com\/avatar\/146a18d2b51b2fff4b4d20a486533567?s=96&d=mm&r=g\",\"contentUrl\":\"https:\/\/secure.gravatar.com\/avatar\/146a18d2b51b2fff4b4d20a486533567?s=96&d=mm&r=g\",\"caption\":\"Francisca Dominguez\"},\"url\":\"https:\/\/www.pmvabogados.cl\/en\/author\/francisca\/\"}]}<\/script>\n<!-- \/ Yoast SEO plugin. -->","yoast_head_json":{"title":"Comentarios y alcances al Dictamen de la Direcci\u00f3n del Trabajo en relaci\u00f3n al nuevo inciso segundo del art\u00edculo 22 del C\u00f3digo del Trabajo - Parga, Montes, Vasseur Labor Lawyers","description":"Recientemente, la\u00a0Direcci\u00f3n del Trabajo\u00a0se pronunci\u00f3 sobre los impactos del nuevo inciso segundo del art\u00edculo 22 del C\u00f3digo del Trabajo","robots":{"index":"index","follow":"follow","max-snippet":"max-snippet:-1","max-image-preview":"max-image-preview:large","max-video-preview":"max-video-preview:-1"},"canonical":"https:\/\/www.pmvabogados.cl\/en\/comentarios-y-alcances-al-dictamen-de-la-direccion-del-trabajo-en-relacion-al-nuevo-inciso-segundo-del-articulo-22-del-codigo-del-trabajo\/","og_locale":"en_US","og_type":"article","og_title":"Comentarios y alcances al Dictamen de la Direcci\u00f3n del Trabajo en relaci\u00f3n al nuevo inciso segundo del art\u00edculo 22 del C\u00f3digo del Trabajo - Parga, Montes, Vasseur Labor Lawyers","og_description":"Recientemente, la\u00a0Direcci\u00f3n del Trabajo\u00a0se pronunci\u00f3 sobre los impactos del nuevo inciso segundo del art\u00edculo 22 del C\u00f3digo del Trabajo","og_url":"https:\/\/www.pmvabogados.cl\/en\/comentarios-y-alcances-al-dictamen-de-la-direccion-del-trabajo-en-relacion-al-nuevo-inciso-segundo-del-articulo-22-del-codigo-del-trabajo\/","og_site_name":"Parga, Montes, Vasseur Labor Lawyers","article_published_time":"2024-03-05T20:25:14+00:00","article_modified_time":"2024-03-05T20:26:10+00:00","og_image":[{"width":1920,"height":1080,"url":"https:\/\/www.pmvabogados.cl\/wp-content\/uploads\/2024\/03\/PMV-Laborales-Comentarios-y-alcances-al-Dictamen-de-la-Direccion-del-Trabajo-en-relacion-al-nuevo-inciso-segundo-del-articulo-22-del-Codigo-del-Trabajo.jpg","type":"image\/jpeg"}],"author":"Francisca Dominguez","twitter_card":"summary_large_image","twitter_misc":{"Written by":"Francisca Dominguez","Est. reading time":"1 minute"},"schema":{"@context":"https:\/\/schema.org","@graph":[{"@type":"Article","@id":"https:\/\/www.pmvabogados.cl\/en\/comentarios-y-alcances-al-dictamen-de-la-direccion-del-trabajo-en-relacion-al-nuevo-inciso-segundo-del-articulo-22-del-codigo-del-trabajo\/#article","isPartOf":{"@id":"https:\/\/www.pmvabogados.cl\/en\/comentarios-y-alcances-al-dictamen-de-la-direccion-del-trabajo-en-relacion-al-nuevo-inciso-segundo-del-articulo-22-del-codigo-del-trabajo\/"},"author":{"name":"Francisca Dominguez","@id":"https:\/\/www.pmvabogados.cl\/en\/#\/schema\/person\/401fd0c9a37d714b31a68493cee1be83"},"headline":"Comentarios y alcances al Dictamen de la Direcci\u00f3n del Trabajo en relaci\u00f3n al nuevo inciso segundo del art\u00edculo 22 del C\u00f3digo del Trabajo","datePublished":"2024-03-05T20:25:14+00:00","dateModified":"2024-03-05T20:26:10+00:00","mainEntityOfPage":{"@id":"https:\/\/www.pmvabogados.cl\/en\/comentarios-y-alcances-al-dictamen-de-la-direccion-del-trabajo-en-relacion-al-nuevo-inciso-segundo-del-articulo-22-del-codigo-del-trabajo\/"},"wordCount":105,"commentCount":0,"publisher":{"@id":"https:\/\/www.pmvabogados.cl\/en\/#organization"},"articleSection":["Enfoque","Enfoque Laboral","insight"],"inLanguage":"en-US","potentialAction":[{"@type":"CommentAction","name":"Comment","target":["https:\/\/www.pmvabogados.cl\/en\/comentarios-y-alcances-al-dictamen-de-la-direccion-del-trabajo-en-relacion-al-nuevo-inciso-segundo-del-articulo-22-del-codigo-del-trabajo\/#respond"]}]},{"@type":"WebPage","@id":"https:\/\/www.pmvabogados.cl\/en\/comentarios-y-alcances-al-dictamen-de-la-direccion-del-trabajo-en-relacion-al-nuevo-inciso-segundo-del-articulo-22-del-codigo-del-trabajo\/","url":"https:\/\/www.pmvabogados.cl\/en\/comentarios-y-alcances-al-dictamen-de-la-direccion-del-trabajo-en-relacion-al-nuevo-inciso-segundo-del-articulo-22-del-codigo-del-trabajo\/","name":"Comentarios y alcances al Dictamen de la Direcci\u00f3n del Trabajo en relaci\u00f3n al nuevo inciso segundo del art\u00edculo 22 del C\u00f3digo del Trabajo - Parga, Montes, Vasseur Labor Lawyers","isPartOf":{"@id":"https:\/\/www.pmvabogados.cl\/en\/#website"},"datePublished":"2024-03-05T20:25:14+00:00","dateModified":"2024-03-05T20:26:10+00:00","description":"Recientemente, la\u00a0Direcci\u00f3n del Trabajo\u00a0se pronunci\u00f3 sobre los impactos del nuevo inciso segundo del art\u00edculo 22 del C\u00f3digo del Trabajo","breadcrumb":{"@id":"https:\/\/www.pmvabogados.cl\/en\/comentarios-y-alcances-al-dictamen-de-la-direccion-del-trabajo-en-relacion-al-nuevo-inciso-segundo-del-articulo-22-del-codigo-del-trabajo\/#breadcrumb"},"inLanguage":"en-US","potentialAction":[{"@type":"ReadAction","target":["https:\/\/www.pmvabogados.cl\/en\/comentarios-y-alcances-al-dictamen-de-la-direccion-del-trabajo-en-relacion-al-nuevo-inciso-segundo-del-articulo-22-del-codigo-del-trabajo\/"]}]},{"@type":"BreadcrumbList","@id":"https:\/\/www.pmvabogados.cl\/en\/comentarios-y-alcances-al-dictamen-de-la-direccion-del-trabajo-en-relacion-al-nuevo-inciso-segundo-del-articulo-22-del-codigo-del-trabajo\/#breadcrumb","itemListElement":[{"@type":"ListItem","position":1,"name":"Portada","item":"https:\/\/www.pmvabogados.cl\/en\/"},{"@type":"ListItem","position":2,"name":"Comentarios y alcances al Dictamen de la Direcci\u00f3n del Trabajo en relaci\u00f3n al nuevo inciso segundo del art\u00edculo 22 del C\u00f3digo del Trabajo"}]},{"@type":"WebSite","@id":"https:\/\/www.pmvabogados.cl\/en\/#website","url":"https:\/\/www.pmvabogados.cl\/en\/","name":"Parga, Montes, Vasseur Abogados Laborales","description":"Labor Lawyers","publisher":{"@id":"https:\/\/www.pmvabogados.cl\/en\/#organization"},"alternateName":"PMV Abogados","potentialAction":[{"@type":"SearchAction","target":{"@type":"EntryPoint","urlTemplate":"https:\/\/www.pmvabogados.cl\/en\/?s={search_term_string}"},"query-input":"required name=search_term_string"}],"inLanguage":"en-US"},{"@type":"Organization","@id":"https:\/\/www.pmvabogados.cl\/en\/#organization","name":"Parga, Montes, Vasseur Abogados Laborales","alternateName":"PMV Abogados","url":"https:\/\/www.pmvabogados.cl\/en\/","logo":{"@type":"ImageObject","inLanguage":"en-US","@id":"https:\/\/www.pmvabogados.cl\/en\/#\/schema\/logo\/image\/","url":"https:\/\/www.pmvabogados.cl\/wp-content\/uploads\/2023\/03\/Proyecto-nuevo-1.png","contentUrl":"https:\/\/www.pmvabogados.cl\/wp-content\/uploads\/2023\/03\/Proyecto-nuevo-1.png","width":800,"height":800,"caption":"Parga, Montes, Vasseur Abogados Laborales"},"image":{"@id":"https:\/\/www.pmvabogados.cl\/en\/#\/schema\/logo\/image\/"},"sameAs":["https:\/\/www.linkedin.com\/company\/79443714\/admin\/"]},{"@type":"Person","@id":"https:\/\/www.pmvabogados.cl\/en\/#\/schema\/person\/401fd0c9a37d714b31a68493cee1be83","name":"Francisca Dominguez","image":{"@type":"ImageObject","inLanguage":"en-US","@id":"https:\/\/www.pmvabogados.cl\/en\/#\/schema\/person\/image\/","url":"https:\/\/secure.gravatar.com\/avatar\/146a18d2b51b2fff4b4d20a486533567?s=96&d=mm&r=g","contentUrl":"https:\/\/secure.gravatar.com\/avatar\/146a18d2b51b2fff4b4d20a486533567?s=96&d=mm&r=g","caption":"Francisca Dominguez"},"url":"https:\/\/www.pmvabogados.cl\/en\/author\/francisca\/"}]}},"_links":{"self":[{"href":"https:\/\/www.pmvabogados.cl\/en\/wp-json\/wp\/v2\/posts\/1718"}],"collection":[{"href":"https:\/\/www.pmvabogados.cl\/en\/wp-json\/wp\/v2\/posts"}],"about":[{"href":"https:\/\/www.pmvabogados.cl\/en\/wp-json\/wp\/v2\/types\/post"}],"author":[{"embeddable":true,"href":"https:\/\/www.pmvabogados.cl\/en\/wp-json\/wp\/v2\/users\/2"}],"replies":[{"embeddable":true,"href":"https:\/\/www.pmvabogados.cl\/en\/wp-json\/wp\/v2\/comments?post=1718"}],"version-history":[{"count":1,"href":"https:\/\/www.pmvabogados.cl\/en\/wp-json\/wp\/v2\/posts\/1718\/revisions"}],"predecessor-version":[{"id":1719,"href":"https:\/\/www.pmvabogados.cl\/en\/wp-json\/wp\/v2\/posts\/1718\/revisions\/1719"}],"wp:featuredmedia":[{"embeddable":true,"href":"https:\/\/www.pmvabogados.cl\/en\/wp-json\/wp\/v2\/media\/1716"}],"wp:attachment":[{"href":"https:\/\/www.pmvabogados.cl\/en\/wp-json\/wp\/v2\/media?parent=1718"}],"wp:term":[{"taxonomy":"category","embeddable":true,"href":"https:\/\/www.pmvabogados.cl\/en\/wp-json\/wp\/v2\/categories?post=1718"},{"taxonomy":"post_tag","embeddable":true,"href":"https:\/\/www.pmvabogados.cl\/en\/wp-json\/wp\/v2\/tags?post=1718"}],"curies":[{"name":"wp","href":"https:\/\/api.w.org\/{rel}","templated":true}]}}