{"id":1727,"date":"2024-03-20T11:20:34","date_gmt":"2024-03-20T14:20:34","guid":{"rendered":"https:\/\/www.pmvabogados.cl\/?p=1727"},"modified":"2024-06-10T18:13:02","modified_gmt":"2024-06-10T21:13:02","slug":"aspectos-laborales-establecidos-en-la-ncg-n461-de-la-cmf","status":"publish","type":"post","link":"https:\/\/www.pmvabogados.cl\/en\/aspectos-laborales-establecidos-en-la-ncg-n461-de-la-cmf\/","title":{"rendered":"Aspectos laborales establecidos en la NCG N\u00b0461 de la CMF"},"content":{"rendered":"<p>La\u00a0<a href=\"https:\/\/www.linkedin.com\/company\/comisi%C3%B3n-para-el-mercado-financiero-cmf\/\" data-attribute-index=\"0\" data-entity-type=\"MINI_COMPANY\">Comisi\u00f3n para el Mercado Financiero (CMF) <\/a>incorpor\u00f3 nuevas exigencias de informaci\u00f3n sobre sostenibilidad y gobierno corporativo, en l\u00ednea con los est\u00e1ndares internacionales. En la norma de car\u00e1cter general N\u00b0461, de fecha 12 de noviembre de 2021, la CMF modific\u00f3 el contenido m\u00ednimo que debe incorporarse en las memorias anuales, respecto de aquellas sociedades an\u00f3nimas abiertas y especiales, supervisadas por la CMF y que entrar\u00eda en vigencia de forma escalonada.<\/p>\n<p>\u00bfCu\u00e1les ser\u00edan los aspectos relevantes que debe contener la memoria anual en materia laboral para las sociedades an\u00f3nimas abiertas que superen el equivalente a un mill\u00f3n de UF en activos totales consolidados calculados a la fecha de inicio del ejercicio a que se refiere la Memoria, a partir del 31 de diciembre de 2023?<\/p>\n<p>Esto se lo explicamos en una nueva edici\u00f3n de nuestro\u00a0<a href=\"https:\/\/www.linkedin.com\/feed\/hashtag\/?keywords=enfoquelaboral&amp;highlightedUpdateUrns=urn%3Ali%3Aactivity%3A7176219716623978496\" data-attribute-index=\"2\">#EnfoqueLaboral<\/a>.<\/p>\n","protected":false},"excerpt":{"rendered":"","protected":false},"author":2,"featured_media":1725,"comment_status":"open","ping_status":"open","sticky":false,"template":"","format":"standard","meta":{"inline_featured_image":false,"footnotes":""},"categories":[19,17,18],"tags":[],"yoast_head":"<!-- This site is optimized with the Yoast SEO plugin v21.4 - https:\/\/yoast.com\/wordpress\/plugins\/seo\/ -->\n<title>Aspectos laborales establecidos en la NCG N\u00b0461 de la CMF - Parga, Montes, Vasseur Labor Lawyers<\/title>\n<meta name=\"robots\" content=\"index, follow, max-snippet:-1, max-image-preview:large, max-video-preview:-1\" \/>\n<link rel=\"canonical\" href=\"https:\/\/www.pmvabogados.cl\/en\/aspectos-laborales-establecidos-en-la-ncg-n461-de-la-cmf\/\" \/>\n<meta property=\"og:locale\" content=\"en_US\" \/>\n<meta property=\"og:type\" content=\"article\" \/>\n<meta property=\"og:title\" content=\"Aspectos laborales establecidos en la NCG N\u00b0461 de la CMF - Parga, Montes, Vasseur Labor Lawyers\" \/>\n<meta property=\"og:url\" content=\"https:\/\/www.pmvabogados.cl\/en\/aspectos-laborales-establecidos-en-la-ncg-n461-de-la-cmf\/\" \/>\n<meta property=\"og:site_name\" content=\"Parga, Montes, Vasseur Labor Lawyers\" \/>\n<meta property=\"article:published_time\" content=\"2024-03-20T14:20:34+00:00\" \/>\n<meta property=\"article:modified_time\" content=\"2024-06-10T21:13:02+00:00\" \/>\n<meta property=\"og:image\" content=\"https:\/\/www.pmvabogados.cl\/wp-content\/uploads\/2024\/03\/PMV-Laborales-ASPECTOS-LABORALES-ESTABLECIDOS-EN-LA-NORMA-DE-CARACTER-GENERAL-N\u00b0461-DE-LA-COMISION-DE-MERCADO-FINANCIERO.jpg\" \/>\n\t<meta property=\"og:image:width\" content=\"1920\" \/>\n\t<meta property=\"og:image:height\" content=\"1080\" \/>\n\t<meta property=\"og:image:type\" content=\"image\/jpeg\" \/>\n<meta name=\"author\" content=\"Francisca Dominguez\" \/>\n<meta name=\"twitter:card\" content=\"summary_large_image\" \/>\n<meta name=\"twitter:label1\" content=\"Written by\" \/>\n\t<meta name=\"twitter:data1\" content=\"Francisca Dominguez\" \/>\n\t<meta name=\"twitter:label2\" content=\"Est. reading time\" \/>\n\t<meta name=\"twitter:data2\" content=\"1 minute\" \/>\n<script type=\"application\/ld+json\" class=\"yoast-schema-graph\">{\"@context\":\"https:\/\/schema.org\",\"@graph\":[{\"@type\":\"Article\",\"@id\":\"https:\/\/www.pmvabogados.cl\/en\/aspectos-laborales-establecidos-en-la-ncg-n461-de-la-cmf\/#article\",\"isPartOf\":{\"@id\":\"https:\/\/www.pmvabogados.cl\/en\/aspectos-laborales-establecidos-en-la-ncg-n461-de-la-cmf\/\"},\"author\":{\"name\":\"Francisca Dominguez\",\"@id\":\"https:\/\/www.pmvabogados.cl\/en\/#\/schema\/person\/401fd0c9a37d714b31a68493cee1be83\"},\"headline\":\"Aspectos laborales establecidos en la NCG N\u00b0461 de la CMF\",\"datePublished\":\"2024-03-20T14:20:34+00:00\",\"dateModified\":\"2024-06-10T21:13:02+00:00\",\"mainEntityOfPage\":{\"@id\":\"https:\/\/www.pmvabogados.cl\/en\/aspectos-laborales-establecidos-en-la-ncg-n461-de-la-cmf\/\"},\"wordCount\":154,\"commentCount\":0,\"publisher\":{\"@id\":\"https:\/\/www.pmvabogados.cl\/en\/#organization\"},\"articleSection\":[\"Enfoque\",\"Enfoque Laboral\",\"insight\"],\"inLanguage\":\"en-US\",\"potentialAction\":[{\"@type\":\"CommentAction\",\"name\":\"Comment\",\"target\":[\"https:\/\/www.pmvabogados.cl\/en\/aspectos-laborales-establecidos-en-la-ncg-n461-de-la-cmf\/#respond\"]}]},{\"@type\":\"WebPage\",\"@id\":\"https:\/\/www.pmvabogados.cl\/en\/aspectos-laborales-establecidos-en-la-ncg-n461-de-la-cmf\/\",\"url\":\"https:\/\/www.pmvabogados.cl\/en\/aspectos-laborales-establecidos-en-la-ncg-n461-de-la-cmf\/\",\"name\":\"Aspectos laborales establecidos en la NCG N\u00b0461 de la CMF - Parga, Montes, Vasseur Labor Lawyers\",\"isPartOf\":{\"@id\":\"https:\/\/www.pmvabogados.cl\/en\/#website\"},\"datePublished\":\"2024-03-20T14:20:34+00:00\",\"dateModified\":\"2024-06-10T21:13:02+00:00\",\"breadcrumb\":{\"@id\":\"https:\/\/www.pmvabogados.cl\/en\/aspectos-laborales-establecidos-en-la-ncg-n461-de-la-cmf\/#breadcrumb\"},\"inLanguage\":\"en-US\",\"potentialAction\":[{\"@type\":\"ReadAction\",\"target\":[\"https:\/\/www.pmvabogados.cl\/en\/aspectos-laborales-establecidos-en-la-ncg-n461-de-la-cmf\/\"]}]},{\"@type\":\"BreadcrumbList\",\"@id\":\"https:\/\/www.pmvabogados.cl\/en\/aspectos-laborales-establecidos-en-la-ncg-n461-de-la-cmf\/#breadcrumb\",\"itemListElement\":[{\"@type\":\"ListItem\",\"position\":1,\"name\":\"Portada\",\"item\":\"https:\/\/www.pmvabogados.cl\/en\/\"},{\"@type\":\"ListItem\",\"position\":2,\"name\":\"Aspectos laborales establecidos en la NCG N\u00b0461 de la CMF\"}]},{\"@type\":\"WebSite\",\"@id\":\"https:\/\/www.pmvabogados.cl\/en\/#website\",\"url\":\"https:\/\/www.pmvabogados.cl\/en\/\",\"name\":\"Parga, Montes, Vasseur Abogados Laborales\",\"description\":\"Labor Lawyers\",\"publisher\":{\"@id\":\"https:\/\/www.pmvabogados.cl\/en\/#organization\"},\"alternateName\":\"PMV Abogados\",\"potentialAction\":[{\"@type\":\"SearchAction\",\"target\":{\"@type\":\"EntryPoint\",\"urlTemplate\":\"https:\/\/www.pmvabogados.cl\/en\/?s={search_term_string}\"},\"query-input\":\"required name=search_term_string\"}],\"inLanguage\":\"en-US\"},{\"@type\":\"Organization\",\"@id\":\"https:\/\/www.pmvabogados.cl\/en\/#organization\",\"name\":\"Parga, Montes, Vasseur Abogados Laborales\",\"alternateName\":\"PMV Abogados\",\"url\":\"https:\/\/www.pmvabogados.cl\/en\/\",\"logo\":{\"@type\":\"ImageObject\",\"inLanguage\":\"en-US\",\"@id\":\"https:\/\/www.pmvabogados.cl\/en\/#\/schema\/logo\/image\/\",\"url\":\"https:\/\/www.pmvabogados.cl\/wp-content\/uploads\/2023\/03\/Proyecto-nuevo-1.png\",\"contentUrl\":\"https:\/\/www.pmvabogados.cl\/wp-content\/uploads\/2023\/03\/Proyecto-nuevo-1.png\",\"width\":800,\"height\":800,\"caption\":\"Parga, Montes, Vasseur Abogados Laborales\"},\"image\":{\"@id\":\"https:\/\/www.pmvabogados.cl\/en\/#\/schema\/logo\/image\/\"},\"sameAs\":[\"https:\/\/www.linkedin.com\/company\/79443714\/admin\/\"]},{\"@type\":\"Person\",\"@id\":\"https:\/\/www.pmvabogados.cl\/en\/#\/schema\/person\/401fd0c9a37d714b31a68493cee1be83\",\"name\":\"Francisca Dominguez\",\"image\":{\"@type\":\"ImageObject\",\"inLanguage\":\"en-US\",\"@id\":\"https:\/\/www.pmvabogados.cl\/en\/#\/schema\/person\/image\/\",\"url\":\"https:\/\/secure.gravatar.com\/avatar\/146a18d2b51b2fff4b4d20a486533567?s=96&d=mm&r=g\",\"contentUrl\":\"https:\/\/secure.gravatar.com\/avatar\/146a18d2b51b2fff4b4d20a486533567?s=96&d=mm&r=g\",\"caption\":\"Francisca Dominguez\"},\"url\":\"https:\/\/www.pmvabogados.cl\/en\/author\/francisca\/\"}]}<\/script>\n<!-- \/ Yoast SEO plugin. -->","yoast_head_json":{"title":"Aspectos laborales establecidos en la NCG N\u00b0461 de la CMF - Parga, Montes, Vasseur Labor Lawyers","robots":{"index":"index","follow":"follow","max-snippet":"max-snippet:-1","max-image-preview":"max-image-preview:large","max-video-preview":"max-video-preview:-1"},"canonical":"https:\/\/www.pmvabogados.cl\/en\/aspectos-laborales-establecidos-en-la-ncg-n461-de-la-cmf\/","og_locale":"en_US","og_type":"article","og_title":"Aspectos laborales establecidos en la NCG N\u00b0461 de la CMF - Parga, Montes, Vasseur Labor Lawyers","og_url":"https:\/\/www.pmvabogados.cl\/en\/aspectos-laborales-establecidos-en-la-ncg-n461-de-la-cmf\/","og_site_name":"Parga, Montes, Vasseur Labor Lawyers","article_published_time":"2024-03-20T14:20:34+00:00","article_modified_time":"2024-06-10T21:13:02+00:00","og_image":[{"width":1920,"height":1080,"url":"https:\/\/www.pmvabogados.cl\/wp-content\/uploads\/2024\/03\/PMV-Laborales-ASPECTOS-LABORALES-ESTABLECIDOS-EN-LA-NORMA-DE-CARACTER-GENERAL-N\u00b0461-DE-LA-COMISION-DE-MERCADO-FINANCIERO.jpg","type":"image\/jpeg"}],"author":"Francisca Dominguez","twitter_card":"summary_large_image","twitter_misc":{"Written by":"Francisca Dominguez","Est. reading time":"1 minute"},"schema":{"@context":"https:\/\/schema.org","@graph":[{"@type":"Article","@id":"https:\/\/www.pmvabogados.cl\/en\/aspectos-laborales-establecidos-en-la-ncg-n461-de-la-cmf\/#article","isPartOf":{"@id":"https:\/\/www.pmvabogados.cl\/en\/aspectos-laborales-establecidos-en-la-ncg-n461-de-la-cmf\/"},"author":{"name":"Francisca Dominguez","@id":"https:\/\/www.pmvabogados.cl\/en\/#\/schema\/person\/401fd0c9a37d714b31a68493cee1be83"},"headline":"Aspectos laborales establecidos en la NCG N\u00b0461 de la CMF","datePublished":"2024-03-20T14:20:34+00:00","dateModified":"2024-06-10T21:13:02+00:00","mainEntityOfPage":{"@id":"https:\/\/www.pmvabogados.cl\/en\/aspectos-laborales-establecidos-en-la-ncg-n461-de-la-cmf\/"},"wordCount":154,"commentCount":0,"publisher":{"@id":"https:\/\/www.pmvabogados.cl\/en\/#organization"},"articleSection":["Enfoque","Enfoque Laboral","insight"],"inLanguage":"en-US","potentialAction":[{"@type":"CommentAction","name":"Comment","target":["https:\/\/www.pmvabogados.cl\/en\/aspectos-laborales-establecidos-en-la-ncg-n461-de-la-cmf\/#respond"]}]},{"@type":"WebPage","@id":"https:\/\/www.pmvabogados.cl\/en\/aspectos-laborales-establecidos-en-la-ncg-n461-de-la-cmf\/","url":"https:\/\/www.pmvabogados.cl\/en\/aspectos-laborales-establecidos-en-la-ncg-n461-de-la-cmf\/","name":"Aspectos laborales establecidos en la NCG N\u00b0461 de la CMF - Parga, Montes, Vasseur Labor Lawyers","isPartOf":{"@id":"https:\/\/www.pmvabogados.cl\/en\/#website"},"datePublished":"2024-03-20T14:20:34+00:00","dateModified":"2024-06-10T21:13:02+00:00","breadcrumb":{"@id":"https:\/\/www.pmvabogados.cl\/en\/aspectos-laborales-establecidos-en-la-ncg-n461-de-la-cmf\/#breadcrumb"},"inLanguage":"en-US","potentialAction":[{"@type":"ReadAction","target":["https:\/\/www.pmvabogados.cl\/en\/aspectos-laborales-establecidos-en-la-ncg-n461-de-la-cmf\/"]}]},{"@type":"BreadcrumbList","@id":"https:\/\/www.pmvabogados.cl\/en\/aspectos-laborales-establecidos-en-la-ncg-n461-de-la-cmf\/#breadcrumb","itemListElement":[{"@type":"ListItem","position":1,"name":"Portada","item":"https:\/\/www.pmvabogados.cl\/en\/"},{"@type":"ListItem","position":2,"name":"Aspectos laborales establecidos en la NCG N\u00b0461 de la CMF"}]},{"@type":"WebSite","@id":"https:\/\/www.pmvabogados.cl\/en\/#website","url":"https:\/\/www.pmvabogados.cl\/en\/","name":"Parga, Montes, Vasseur Abogados Laborales","description":"Labor Lawyers","publisher":{"@id":"https:\/\/www.pmvabogados.cl\/en\/#organization"},"alternateName":"PMV Abogados","potentialAction":[{"@type":"SearchAction","target":{"@type":"EntryPoint","urlTemplate":"https:\/\/www.pmvabogados.cl\/en\/?s={search_term_string}"},"query-input":"required name=search_term_string"}],"inLanguage":"en-US"},{"@type":"Organization","@id":"https:\/\/www.pmvabogados.cl\/en\/#organization","name":"Parga, Montes, Vasseur Abogados Laborales","alternateName":"PMV Abogados","url":"https:\/\/www.pmvabogados.cl\/en\/","logo":{"@type":"ImageObject","inLanguage":"en-US","@id":"https:\/\/www.pmvabogados.cl\/en\/#\/schema\/logo\/image\/","url":"https:\/\/www.pmvabogados.cl\/wp-content\/uploads\/2023\/03\/Proyecto-nuevo-1.png","contentUrl":"https:\/\/www.pmvabogados.cl\/wp-content\/uploads\/2023\/03\/Proyecto-nuevo-1.png","width":800,"height":800,"caption":"Parga, Montes, Vasseur Abogados Laborales"},"image":{"@id":"https:\/\/www.pmvabogados.cl\/en\/#\/schema\/logo\/image\/"},"sameAs":["https:\/\/www.linkedin.com\/company\/79443714\/admin\/"]},{"@type":"Person","@id":"https:\/\/www.pmvabogados.cl\/en\/#\/schema\/person\/401fd0c9a37d714b31a68493cee1be83","name":"Francisca Dominguez","image":{"@type":"ImageObject","inLanguage":"en-US","@id":"https:\/\/www.pmvabogados.cl\/en\/#\/schema\/person\/image\/","url":"https:\/\/secure.gravatar.com\/avatar\/146a18d2b51b2fff4b4d20a486533567?s=96&d=mm&r=g","contentUrl":"https:\/\/secure.gravatar.com\/avatar\/146a18d2b51b2fff4b4d20a486533567?s=96&d=mm&r=g","caption":"Francisca Dominguez"},"url":"https:\/\/www.pmvabogados.cl\/en\/author\/francisca\/"}]}},"_links":{"self":[{"href":"https:\/\/www.pmvabogados.cl\/en\/wp-json\/wp\/v2\/posts\/1727"}],"collection":[{"href":"https:\/\/www.pmvabogados.cl\/en\/wp-json\/wp\/v2\/posts"}],"about":[{"href":"https:\/\/www.pmvabogados.cl\/en\/wp-json\/wp\/v2\/types\/post"}],"author":[{"embeddable":true,"href":"https:\/\/www.pmvabogados.cl\/en\/wp-json\/wp\/v2\/users\/2"}],"replies":[{"embeddable":true,"href":"https:\/\/www.pmvabogados.cl\/en\/wp-json\/wp\/v2\/comments?post=1727"}],"version-history":[{"count":1,"href":"https:\/\/www.pmvabogados.cl\/en\/wp-json\/wp\/v2\/posts\/1727\/revisions"}],"predecessor-version":[{"id":1728,"href":"https:\/\/www.pmvabogados.cl\/en\/wp-json\/wp\/v2\/posts\/1727\/revisions\/1728"}],"wp:featuredmedia":[{"embeddable":true,"href":"https:\/\/www.pmvabogados.cl\/en\/wp-json\/wp\/v2\/media\/1725"}],"wp:attachment":[{"href":"https:\/\/www.pmvabogados.cl\/en\/wp-json\/wp\/v2\/media?parent=1727"}],"wp:term":[{"taxonomy":"category","embeddable":true,"href":"https:\/\/www.pmvabogados.cl\/en\/wp-json\/wp\/v2\/categories?post=1727"},{"taxonomy":"post_tag","embeddable":true,"href":"https:\/\/www.pmvabogados.cl\/en\/wp-json\/wp\/v2\/tags?post=1727"}],"curies":[{"name":"wp","href":"https:\/\/api.w.org\/{rel}","templated":true}]}}