{"id":1731,"date":"2024-02-12T12:02:00","date_gmt":"2024-02-12T15:02:00","guid":{"rendered":"https:\/\/www.pmvabogados.cl\/?p=1731"},"modified":"2024-03-25T12:03:12","modified_gmt":"2024-03-25T15:03:12","slug":"los-desafios-de-la-nueva-ley-de-acoso-sexual-y-laboral-columna-estado-diario","status":"publish","type":"post","link":"https:\/\/www.pmvabogados.cl\/en\/los-desafios-de-la-nueva-ley-de-acoso-sexual-y-laboral-columna-estado-diario\/","title":{"rendered":"Los desaf\u00edos de la nueva ley de acoso sexual y laboral | Columna, Estado Diario"},"content":{"rendered":"<p>Compartimos columna de opini\u00f3n de nuestro socio\u00a0<a href=\"https:\/\/www.linkedin.com\/in\/ACoAABSguTwBsIozwjDMopU7yUG_RF5QX57pJFk\" data-attribute-index=\"4\" data-entity-type=\"MINI_PROFILE\">Sebasti\u00e1n Parga M.<\/a>\u00a0titulada \u201cLos desaf\u00edos de la nueva ley de acoso sexual y laboral\u201d, en la cual se refiere a la recientemente promulgada \u201cLey Karin\u201d. Sebasti\u00e1n destaca la falta de formalidades en las denuncias, la ausencia de especificaciones sobre a qui\u00e9n dirigirlas, los plazos ajustados para la investigaci\u00f3n, las medidas de resguardo inmediatas, as\u00ed como la necesidad de capacitar a las jefaturas en temas de derechos fundamentales y establecer procedimientos claros y r\u00e1pidos para manejar denuncias.<\/p>\n<p>\u201cSer\u00e1 clave tambi\u00e9n, definir responsables y la forma c\u00f3mo se transmitir\u00e1 la informaci\u00f3n entre quienes participen directa o indirectamente en el procedimiento. Como se ve, muchas tareas por delante\u201d, asegur\u00f3.<\/p>\n","protected":false},"excerpt":{"rendered":"","protected":false},"author":2,"featured_media":0,"comment_status":"open","ping_status":"open","sticky":false,"template":"","format":"standard","meta":{"inline_featured_image":false,"footnotes":""},"categories":[4],"tags":[],"yoast_head":"<!-- This site is optimized with the Yoast SEO plugin v21.4 - https:\/\/yoast.com\/wordpress\/plugins\/seo\/ -->\n<title>Los desaf\u00edos de la nueva ley de acoso sexual y laboral | Columna, Estado Diario - Parga, Montes, Vasseur Labor Lawyers<\/title>\n<meta name=\"description\" content=\"Compartimos columna de opini\u00f3n de nuestro socio\u00a0Sebasti\u00e1n Parga M.\u00a0titulada \u201cLos desaf\u00edos de la nueva ley de acoso sexual y laboral\u201d\" \/>\n<meta name=\"robots\" content=\"index, follow, max-snippet:-1, max-image-preview:large, max-video-preview:-1\" \/>\n<link rel=\"canonical\" href=\"https:\/\/www.pmvabogados.cl\/en\/los-desafios-de-la-nueva-ley-de-acoso-sexual-y-laboral-columna-estado-diario\/\" \/>\n<meta property=\"og:locale\" content=\"en_US\" \/>\n<meta property=\"og:type\" content=\"article\" \/>\n<meta property=\"og:title\" content=\"Los desaf\u00edos de la nueva ley de acoso sexual y laboral | Columna, Estado Diario - Parga, Montes, Vasseur Labor Lawyers\" \/>\n<meta property=\"og:description\" content=\"Compartimos columna de opini\u00f3n de nuestro socio\u00a0Sebasti\u00e1n Parga M.\u00a0titulada \u201cLos desaf\u00edos de la nueva ley de acoso sexual y laboral\u201d\" \/>\n<meta property=\"og:url\" content=\"https:\/\/www.pmvabogados.cl\/en\/los-desafios-de-la-nueva-ley-de-acoso-sexual-y-laboral-columna-estado-diario\/\" \/>\n<meta property=\"og:site_name\" content=\"Parga, Montes, Vasseur Labor Lawyers\" \/>\n<meta property=\"article:published_time\" content=\"2024-02-12T15:02:00+00:00\" \/>\n<meta property=\"article:modified_time\" content=\"2024-03-25T15:03:12+00:00\" \/>\n<meta name=\"author\" content=\"Francisca Dominguez\" \/>\n<meta name=\"twitter:card\" content=\"summary_large_image\" \/>\n<meta name=\"twitter:label1\" content=\"Written by\" \/>\n\t<meta name=\"twitter:data1\" content=\"Francisca Dominguez\" \/>\n\t<meta name=\"twitter:label2\" content=\"Est. reading time\" \/>\n\t<meta name=\"twitter:data2\" content=\"1 minute\" \/>\n<script type=\"application\/ld+json\" class=\"yoast-schema-graph\">{\"@context\":\"https:\/\/schema.org\",\"@graph\":[{\"@type\":\"Article\",\"@id\":\"https:\/\/www.pmvabogados.cl\/en\/los-desafios-de-la-nueva-ley-de-acoso-sexual-y-laboral-columna-estado-diario\/#article\",\"isPartOf\":{\"@id\":\"https:\/\/www.pmvabogados.cl\/en\/los-desafios-de-la-nueva-ley-de-acoso-sexual-y-laboral-columna-estado-diario\/\"},\"author\":{\"name\":\"Francisca Dominguez\",\"@id\":\"https:\/\/www.pmvabogados.cl\/en\/#\/schema\/person\/401fd0c9a37d714b31a68493cee1be83\"},\"headline\":\"Los desaf\u00edos de la nueva ley de acoso sexual y laboral | Columna, Estado Diario\",\"datePublished\":\"2024-02-12T15:02:00+00:00\",\"dateModified\":\"2024-03-25T15:03:12+00:00\",\"mainEntityOfPage\":{\"@id\":\"https:\/\/www.pmvabogados.cl\/en\/los-desafios-de-la-nueva-ley-de-acoso-sexual-y-laboral-columna-estado-diario\/\"},\"wordCount\":139,\"commentCount\":0,\"publisher\":{\"@id\":\"https:\/\/www.pmvabogados.cl\/en\/#organization\"},\"articleSection\":[\"Publicaciones\"],\"inLanguage\":\"en-US\",\"potentialAction\":[{\"@type\":\"CommentAction\",\"name\":\"Comment\",\"target\":[\"https:\/\/www.pmvabogados.cl\/en\/los-desafios-de-la-nueva-ley-de-acoso-sexual-y-laboral-columna-estado-diario\/#respond\"]}]},{\"@type\":\"WebPage\",\"@id\":\"https:\/\/www.pmvabogados.cl\/en\/los-desafios-de-la-nueva-ley-de-acoso-sexual-y-laboral-columna-estado-diario\/\",\"url\":\"https:\/\/www.pmvabogados.cl\/en\/los-desafios-de-la-nueva-ley-de-acoso-sexual-y-laboral-columna-estado-diario\/\",\"name\":\"Los desaf\u00edos de la nueva ley de acoso sexual y laboral | Columna, Estado Diario - Parga, Montes, Vasseur Labor Lawyers\",\"isPartOf\":{\"@id\":\"https:\/\/www.pmvabogados.cl\/en\/#website\"},\"datePublished\":\"2024-02-12T15:02:00+00:00\",\"dateModified\":\"2024-03-25T15:03:12+00:00\",\"description\":\"Compartimos columna de opini\u00f3n de nuestro socio\u00a0Sebasti\u00e1n Parga M.\u00a0titulada \u201cLos desaf\u00edos de la nueva ley de acoso sexual y laboral\u201d\",\"breadcrumb\":{\"@id\":\"https:\/\/www.pmvabogados.cl\/en\/los-desafios-de-la-nueva-ley-de-acoso-sexual-y-laboral-columna-estado-diario\/#breadcrumb\"},\"inLanguage\":\"en-US\",\"potentialAction\":[{\"@type\":\"ReadAction\",\"target\":[\"https:\/\/www.pmvabogados.cl\/en\/los-desafios-de-la-nueva-ley-de-acoso-sexual-y-laboral-columna-estado-diario\/\"]}]},{\"@type\":\"BreadcrumbList\",\"@id\":\"https:\/\/www.pmvabogados.cl\/en\/los-desafios-de-la-nueva-ley-de-acoso-sexual-y-laboral-columna-estado-diario\/#breadcrumb\",\"itemListElement\":[{\"@type\":\"ListItem\",\"position\":1,\"name\":\"Portada\",\"item\":\"https:\/\/www.pmvabogados.cl\/en\/\"},{\"@type\":\"ListItem\",\"position\":2,\"name\":\"Los desaf\u00edos de la nueva ley de acoso sexual y laboral | Columna, Estado Diario\"}]},{\"@type\":\"WebSite\",\"@id\":\"https:\/\/www.pmvabogados.cl\/en\/#website\",\"url\":\"https:\/\/www.pmvabogados.cl\/en\/\",\"name\":\"Parga, Montes, Vasseur Abogados Laborales\",\"description\":\"Labor Lawyers\",\"publisher\":{\"@id\":\"https:\/\/www.pmvabogados.cl\/en\/#organization\"},\"alternateName\":\"PMV Abogados\",\"potentialAction\":[{\"@type\":\"SearchAction\",\"target\":{\"@type\":\"EntryPoint\",\"urlTemplate\":\"https:\/\/www.pmvabogados.cl\/en\/?s={search_term_string}\"},\"query-input\":\"required name=search_term_string\"}],\"inLanguage\":\"en-US\"},{\"@type\":\"Organization\",\"@id\":\"https:\/\/www.pmvabogados.cl\/en\/#organization\",\"name\":\"Parga, Montes, Vasseur Abogados Laborales\",\"alternateName\":\"PMV Abogados\",\"url\":\"https:\/\/www.pmvabogados.cl\/en\/\",\"logo\":{\"@type\":\"ImageObject\",\"inLanguage\":\"en-US\",\"@id\":\"https:\/\/www.pmvabogados.cl\/en\/#\/schema\/logo\/image\/\",\"url\":\"https:\/\/www.pmvabogados.cl\/wp-content\/uploads\/2023\/03\/Proyecto-nuevo-1.png\",\"contentUrl\":\"https:\/\/www.pmvabogados.cl\/wp-content\/uploads\/2023\/03\/Proyecto-nuevo-1.png\",\"width\":800,\"height\":800,\"caption\":\"Parga, Montes, Vasseur Abogados Laborales\"},\"image\":{\"@id\":\"https:\/\/www.pmvabogados.cl\/en\/#\/schema\/logo\/image\/\"},\"sameAs\":[\"https:\/\/www.linkedin.com\/company\/79443714\/admin\/\"]},{\"@type\":\"Person\",\"@id\":\"https:\/\/www.pmvabogados.cl\/en\/#\/schema\/person\/401fd0c9a37d714b31a68493cee1be83\",\"name\":\"Francisca Dominguez\",\"image\":{\"@type\":\"ImageObject\",\"inLanguage\":\"en-US\",\"@id\":\"https:\/\/www.pmvabogados.cl\/en\/#\/schema\/person\/image\/\",\"url\":\"https:\/\/secure.gravatar.com\/avatar\/146a18d2b51b2fff4b4d20a486533567?s=96&d=mm&r=g\",\"contentUrl\":\"https:\/\/secure.gravatar.com\/avatar\/146a18d2b51b2fff4b4d20a486533567?s=96&d=mm&r=g\",\"caption\":\"Francisca Dominguez\"},\"url\":\"https:\/\/www.pmvabogados.cl\/en\/author\/francisca\/\"}]}<\/script>\n<!-- \/ Yoast SEO plugin. -->","yoast_head_json":{"title":"Los desaf\u00edos de la nueva ley de acoso sexual y laboral | Columna, Estado Diario - Parga, Montes, Vasseur Labor Lawyers","description":"Compartimos columna de opini\u00f3n de nuestro socio\u00a0Sebasti\u00e1n Parga M.\u00a0titulada \u201cLos desaf\u00edos de la nueva ley de acoso sexual y laboral\u201d","robots":{"index":"index","follow":"follow","max-snippet":"max-snippet:-1","max-image-preview":"max-image-preview:large","max-video-preview":"max-video-preview:-1"},"canonical":"https:\/\/www.pmvabogados.cl\/en\/los-desafios-de-la-nueva-ley-de-acoso-sexual-y-laboral-columna-estado-diario\/","og_locale":"en_US","og_type":"article","og_title":"Los desaf\u00edos de la nueva ley de acoso sexual y laboral | Columna, Estado Diario - Parga, Montes, Vasseur Labor Lawyers","og_description":"Compartimos columna de opini\u00f3n de nuestro socio\u00a0Sebasti\u00e1n Parga M.\u00a0titulada \u201cLos desaf\u00edos de la nueva ley de acoso sexual y laboral\u201d","og_url":"https:\/\/www.pmvabogados.cl\/en\/los-desafios-de-la-nueva-ley-de-acoso-sexual-y-laboral-columna-estado-diario\/","og_site_name":"Parga, Montes, Vasseur Labor Lawyers","article_published_time":"2024-02-12T15:02:00+00:00","article_modified_time":"2024-03-25T15:03:12+00:00","author":"Francisca Dominguez","twitter_card":"summary_large_image","twitter_misc":{"Written by":"Francisca Dominguez","Est. reading time":"1 minute"},"schema":{"@context":"https:\/\/schema.org","@graph":[{"@type":"Article","@id":"https:\/\/www.pmvabogados.cl\/en\/los-desafios-de-la-nueva-ley-de-acoso-sexual-y-laboral-columna-estado-diario\/#article","isPartOf":{"@id":"https:\/\/www.pmvabogados.cl\/en\/los-desafios-de-la-nueva-ley-de-acoso-sexual-y-laboral-columna-estado-diario\/"},"author":{"name":"Francisca Dominguez","@id":"https:\/\/www.pmvabogados.cl\/en\/#\/schema\/person\/401fd0c9a37d714b31a68493cee1be83"},"headline":"Los desaf\u00edos de la nueva ley de acoso sexual y laboral | Columna, Estado Diario","datePublished":"2024-02-12T15:02:00+00:00","dateModified":"2024-03-25T15:03:12+00:00","mainEntityOfPage":{"@id":"https:\/\/www.pmvabogados.cl\/en\/los-desafios-de-la-nueva-ley-de-acoso-sexual-y-laboral-columna-estado-diario\/"},"wordCount":139,"commentCount":0,"publisher":{"@id":"https:\/\/www.pmvabogados.cl\/en\/#organization"},"articleSection":["Publicaciones"],"inLanguage":"en-US","potentialAction":[{"@type":"CommentAction","name":"Comment","target":["https:\/\/www.pmvabogados.cl\/en\/los-desafios-de-la-nueva-ley-de-acoso-sexual-y-laboral-columna-estado-diario\/#respond"]}]},{"@type":"WebPage","@id":"https:\/\/www.pmvabogados.cl\/en\/los-desafios-de-la-nueva-ley-de-acoso-sexual-y-laboral-columna-estado-diario\/","url":"https:\/\/www.pmvabogados.cl\/en\/los-desafios-de-la-nueva-ley-de-acoso-sexual-y-laboral-columna-estado-diario\/","name":"Los desaf\u00edos de la nueva ley de acoso sexual y laboral | Columna, Estado Diario - Parga, Montes, Vasseur Labor Lawyers","isPartOf":{"@id":"https:\/\/www.pmvabogados.cl\/en\/#website"},"datePublished":"2024-02-12T15:02:00+00:00","dateModified":"2024-03-25T15:03:12+00:00","description":"Compartimos columna de opini\u00f3n de nuestro socio\u00a0Sebasti\u00e1n Parga M.\u00a0titulada \u201cLos desaf\u00edos de la nueva ley de acoso sexual y laboral\u201d","breadcrumb":{"@id":"https:\/\/www.pmvabogados.cl\/en\/los-desafios-de-la-nueva-ley-de-acoso-sexual-y-laboral-columna-estado-diario\/#breadcrumb"},"inLanguage":"en-US","potentialAction":[{"@type":"ReadAction","target":["https:\/\/www.pmvabogados.cl\/en\/los-desafios-de-la-nueva-ley-de-acoso-sexual-y-laboral-columna-estado-diario\/"]}]},{"@type":"BreadcrumbList","@id":"https:\/\/www.pmvabogados.cl\/en\/los-desafios-de-la-nueva-ley-de-acoso-sexual-y-laboral-columna-estado-diario\/#breadcrumb","itemListElement":[{"@type":"ListItem","position":1,"name":"Portada","item":"https:\/\/www.pmvabogados.cl\/en\/"},{"@type":"ListItem","position":2,"name":"Los desaf\u00edos de la nueva ley de acoso sexual y laboral | Columna, Estado Diario"}]},{"@type":"WebSite","@id":"https:\/\/www.pmvabogados.cl\/en\/#website","url":"https:\/\/www.pmvabogados.cl\/en\/","name":"Parga, Montes, Vasseur Abogados Laborales","description":"Labor Lawyers","publisher":{"@id":"https:\/\/www.pmvabogados.cl\/en\/#organization"},"alternateName":"PMV Abogados","potentialAction":[{"@type":"SearchAction","target":{"@type":"EntryPoint","urlTemplate":"https:\/\/www.pmvabogados.cl\/en\/?s={search_term_string}"},"query-input":"required name=search_term_string"}],"inLanguage":"en-US"},{"@type":"Organization","@id":"https:\/\/www.pmvabogados.cl\/en\/#organization","name":"Parga, Montes, Vasseur Abogados Laborales","alternateName":"PMV Abogados","url":"https:\/\/www.pmvabogados.cl\/en\/","logo":{"@type":"ImageObject","inLanguage":"en-US","@id":"https:\/\/www.pmvabogados.cl\/en\/#\/schema\/logo\/image\/","url":"https:\/\/www.pmvabogados.cl\/wp-content\/uploads\/2023\/03\/Proyecto-nuevo-1.png","contentUrl":"https:\/\/www.pmvabogados.cl\/wp-content\/uploads\/2023\/03\/Proyecto-nuevo-1.png","width":800,"height":800,"caption":"Parga, Montes, Vasseur Abogados Laborales"},"image":{"@id":"https:\/\/www.pmvabogados.cl\/en\/#\/schema\/logo\/image\/"},"sameAs":["https:\/\/www.linkedin.com\/company\/79443714\/admin\/"]},{"@type":"Person","@id":"https:\/\/www.pmvabogados.cl\/en\/#\/schema\/person\/401fd0c9a37d714b31a68493cee1be83","name":"Francisca Dominguez","image":{"@type":"ImageObject","inLanguage":"en-US","@id":"https:\/\/www.pmvabogados.cl\/en\/#\/schema\/person\/image\/","url":"https:\/\/secure.gravatar.com\/avatar\/146a18d2b51b2fff4b4d20a486533567?s=96&d=mm&r=g","contentUrl":"https:\/\/secure.gravatar.com\/avatar\/146a18d2b51b2fff4b4d20a486533567?s=96&d=mm&r=g","caption":"Francisca Dominguez"},"url":"https:\/\/www.pmvabogados.cl\/en\/author\/francisca\/"}]}},"_links":{"self":[{"href":"https:\/\/www.pmvabogados.cl\/en\/wp-json\/wp\/v2\/posts\/1731"}],"collection":[{"href":"https:\/\/www.pmvabogados.cl\/en\/wp-json\/wp\/v2\/posts"}],"about":[{"href":"https:\/\/www.pmvabogados.cl\/en\/wp-json\/wp\/v2\/types\/post"}],"author":[{"embeddable":true,"href":"https:\/\/www.pmvabogados.cl\/en\/wp-json\/wp\/v2\/users\/2"}],"replies":[{"embeddable":true,"href":"https:\/\/www.pmvabogados.cl\/en\/wp-json\/wp\/v2\/comments?post=1731"}],"version-history":[{"count":1,"href":"https:\/\/www.pmvabogados.cl\/en\/wp-json\/wp\/v2\/posts\/1731\/revisions"}],"predecessor-version":[{"id":1732,"href":"https:\/\/www.pmvabogados.cl\/en\/wp-json\/wp\/v2\/posts\/1731\/revisions\/1732"}],"wp:attachment":[{"href":"https:\/\/www.pmvabogados.cl\/en\/wp-json\/wp\/v2\/media?parent=1731"}],"wp:term":[{"taxonomy":"category","embeddable":true,"href":"https:\/\/www.pmvabogados.cl\/en\/wp-json\/wp\/v2\/categories?post=1731"},{"taxonomy":"post_tag","embeddable":true,"href":"https:\/\/www.pmvabogados.cl\/en\/wp-json\/wp\/v2\/tags?post=1731"}],"curies":[{"name":"wp","href":"https:\/\/api.w.org\/{rel}","templated":true}]}}