{"id":2313,"date":"2025-01-06T17:13:07","date_gmt":"2025-01-06T20:13:07","guid":{"rendered":"https:\/\/www.pmvabogados.cl\/?p=2313"},"modified":"2025-01-07T10:13:47","modified_gmt":"2025-01-07T13:13:47","slug":"recapitulacion-de-nuevas-normativas-2024-deberes-de-los-empleadores","status":"publish","type":"post","link":"https:\/\/www.pmvabogados.cl\/en\/recapitulacion-de-nuevas-normativas-2024-deberes-de-los-empleadores\/","title":{"rendered":"Recapitulaci\u00f3n de Nuevas Normativas 2024: Deberes de los Empleadores"},"content":{"rendered":"<p>En 2024, se introdujeron diversas normas que tienen como objetivo fortalecer la protecci\u00f3n laboral y garantizar un entorno de trabajo m\u00e1s seguro y equitativo. Entre ellas, destacan medidas para prevenir y sancionar el acoso laboral y sexual, la gesti\u00f3n de riesgos laborales, el manejo de datos personales de los trabajadores, y la regulaci\u00f3n de la jornada laboral, entre otras.<br \/>\n<strong>\u00bfCu\u00e1l es la principal funci\u00f3n de estos cuerpos normativos? \u00bfQu\u00e9 aspectos clave contiene cada una de las normas?<\/strong><br \/>\nEstas respuestas, junto con un resumen de cada normativa, los podr\u00e1s encontrar en la nueva edici\u00f3n de nuestro <strong>Enfoque Laboral. <\/strong><\/p>\n","protected":false},"excerpt":{"rendered":"","protected":false},"author":2,"featured_media":2314,"comment_status":"open","ping_status":"open","sticky":false,"template":"","format":"standard","meta":{"inline_featured_image":false,"footnotes":""},"categories":[19,17,18],"tags":[],"yoast_head":"<!-- This site is optimized with the Yoast SEO plugin v21.4 - https:\/\/yoast.com\/wordpress\/plugins\/seo\/ -->\n<title>Recapitulaci\u00f3n de Nuevas Normativas 2024: Deberes de los Empleadores - Parga, Montes, Vasseur Labor Lawyers<\/title>\n<meta name=\"robots\" content=\"index, follow, max-snippet:-1, max-image-preview:large, max-video-preview:-1\" \/>\n<link rel=\"canonical\" href=\"https:\/\/www.pmvabogados.cl\/en\/recapitulacion-de-nuevas-normativas-2024-deberes-de-los-empleadores\/\" \/>\n<meta property=\"og:locale\" content=\"en_US\" \/>\n<meta property=\"og:type\" content=\"article\" \/>\n<meta property=\"og:title\" content=\"Recapitulaci\u00f3n de Nuevas Normativas 2024: Deberes de los Empleadores - Parga, Montes, Vasseur Labor Lawyers\" \/>\n<meta property=\"og:url\" content=\"https:\/\/www.pmvabogados.cl\/en\/recapitulacion-de-nuevas-normativas-2024-deberes-de-los-empleadores\/\" \/>\n<meta property=\"og:site_name\" content=\"Parga, Montes, Vasseur Labor Lawyers\" \/>\n<meta property=\"article:published_time\" content=\"2025-01-06T20:13:07+00:00\" \/>\n<meta property=\"article:modified_time\" content=\"2025-01-07T13:13:47+00:00\" \/>\n<meta property=\"og:image\" content=\"https:\/\/www.pmvabogados.cl\/wp-content\/uploads\/2025\/01\/Enfoque-Laboral-6-de-enero-de-2024-Recapitulacion-de-Nuevas-Normativas-2024-Deberes-de-los-Empleadores-1-1.png\" \/>\n\t<meta property=\"og:image:width\" content=\"1571\" \/>\n\t<meta property=\"og:image:height\" content=\"2000\" \/>\n\t<meta property=\"og:image:type\" content=\"image\/png\" \/>\n<meta name=\"author\" content=\"Francisca Dominguez\" \/>\n<meta name=\"twitter:card\" content=\"summary_large_image\" \/>\n<meta name=\"twitter:label1\" content=\"Written by\" \/>\n\t<meta name=\"twitter:data1\" content=\"Francisca Dominguez\" \/>\n\t<meta name=\"twitter:label2\" content=\"Est. reading time\" \/>\n\t<meta name=\"twitter:data2\" content=\"1 minute\" \/>\n<script type=\"application\/ld+json\" class=\"yoast-schema-graph\">{\"@context\":\"https:\/\/schema.org\",\"@graph\":[{\"@type\":\"Article\",\"@id\":\"https:\/\/www.pmvabogados.cl\/en\/recapitulacion-de-nuevas-normativas-2024-deberes-de-los-empleadores\/#article\",\"isPartOf\":{\"@id\":\"https:\/\/www.pmvabogados.cl\/en\/recapitulacion-de-nuevas-normativas-2024-deberes-de-los-empleadores\/\"},\"author\":{\"name\":\"Francisca Dominguez\",\"@id\":\"https:\/\/www.pmvabogados.cl\/en\/#\/schema\/person\/401fd0c9a37d714b31a68493cee1be83\"},\"headline\":\"Recapitulaci\u00f3n de Nuevas Normativas 2024: Deberes de los Empleadores\",\"datePublished\":\"2025-01-06T20:13:07+00:00\",\"dateModified\":\"2025-01-07T13:13:47+00:00\",\"mainEntityOfPage\":{\"@id\":\"https:\/\/www.pmvabogados.cl\/en\/recapitulacion-de-nuevas-normativas-2024-deberes-de-los-empleadores\/\"},\"wordCount\":113,\"commentCount\":0,\"publisher\":{\"@id\":\"https:\/\/www.pmvabogados.cl\/en\/#organization\"},\"articleSection\":[\"Enfoque\",\"Enfoque Laboral\",\"insight\"],\"inLanguage\":\"en-US\",\"potentialAction\":[{\"@type\":\"CommentAction\",\"name\":\"Comment\",\"target\":[\"https:\/\/www.pmvabogados.cl\/en\/recapitulacion-de-nuevas-normativas-2024-deberes-de-los-empleadores\/#respond\"]}]},{\"@type\":\"WebPage\",\"@id\":\"https:\/\/www.pmvabogados.cl\/en\/recapitulacion-de-nuevas-normativas-2024-deberes-de-los-empleadores\/\",\"url\":\"https:\/\/www.pmvabogados.cl\/en\/recapitulacion-de-nuevas-normativas-2024-deberes-de-los-empleadores\/\",\"name\":\"Recapitulaci\u00f3n de Nuevas Normativas 2024: Deberes de los Empleadores - Parga, Montes, Vasseur Labor Lawyers\",\"isPartOf\":{\"@id\":\"https:\/\/www.pmvabogados.cl\/en\/#website\"},\"datePublished\":\"2025-01-06T20:13:07+00:00\",\"dateModified\":\"2025-01-07T13:13:47+00:00\",\"breadcrumb\":{\"@id\":\"https:\/\/www.pmvabogados.cl\/en\/recapitulacion-de-nuevas-normativas-2024-deberes-de-los-empleadores\/#breadcrumb\"},\"inLanguage\":\"en-US\",\"potentialAction\":[{\"@type\":\"ReadAction\",\"target\":[\"https:\/\/www.pmvabogados.cl\/en\/recapitulacion-de-nuevas-normativas-2024-deberes-de-los-empleadores\/\"]}]},{\"@type\":\"BreadcrumbList\",\"@id\":\"https:\/\/www.pmvabogados.cl\/en\/recapitulacion-de-nuevas-normativas-2024-deberes-de-los-empleadores\/#breadcrumb\",\"itemListElement\":[{\"@type\":\"ListItem\",\"position\":1,\"name\":\"Portada\",\"item\":\"https:\/\/www.pmvabogados.cl\/en\/\"},{\"@type\":\"ListItem\",\"position\":2,\"name\":\"Recapitulaci\u00f3n de Nuevas Normativas 2024: Deberes de los Empleadores\"}]},{\"@type\":\"WebSite\",\"@id\":\"https:\/\/www.pmvabogados.cl\/en\/#website\",\"url\":\"https:\/\/www.pmvabogados.cl\/en\/\",\"name\":\"Parga, Montes, Vasseur Abogados Laborales\",\"description\":\"Labor Lawyers\",\"publisher\":{\"@id\":\"https:\/\/www.pmvabogados.cl\/en\/#organization\"},\"alternateName\":\"PMV Abogados\",\"potentialAction\":[{\"@type\":\"SearchAction\",\"target\":{\"@type\":\"EntryPoint\",\"urlTemplate\":\"https:\/\/www.pmvabogados.cl\/en\/?s={search_term_string}\"},\"query-input\":\"required name=search_term_string\"}],\"inLanguage\":\"en-US\"},{\"@type\":\"Organization\",\"@id\":\"https:\/\/www.pmvabogados.cl\/en\/#organization\",\"name\":\"Parga, Montes, Vasseur Abogados Laborales\",\"alternateName\":\"PMV Abogados\",\"url\":\"https:\/\/www.pmvabogados.cl\/en\/\",\"logo\":{\"@type\":\"ImageObject\",\"inLanguage\":\"en-US\",\"@id\":\"https:\/\/www.pmvabogados.cl\/en\/#\/schema\/logo\/image\/\",\"url\":\"https:\/\/www.pmvabogados.cl\/wp-content\/uploads\/2023\/03\/Proyecto-nuevo-1.png\",\"contentUrl\":\"https:\/\/www.pmvabogados.cl\/wp-content\/uploads\/2023\/03\/Proyecto-nuevo-1.png\",\"width\":800,\"height\":800,\"caption\":\"Parga, Montes, Vasseur Abogados Laborales\"},\"image\":{\"@id\":\"https:\/\/www.pmvabogados.cl\/en\/#\/schema\/logo\/image\/\"},\"sameAs\":[\"https:\/\/www.linkedin.com\/company\/79443714\/admin\/\"]},{\"@type\":\"Person\",\"@id\":\"https:\/\/www.pmvabogados.cl\/en\/#\/schema\/person\/401fd0c9a37d714b31a68493cee1be83\",\"name\":\"Francisca Dominguez\",\"image\":{\"@type\":\"ImageObject\",\"inLanguage\":\"en-US\",\"@id\":\"https:\/\/www.pmvabogados.cl\/en\/#\/schema\/person\/image\/\",\"url\":\"https:\/\/secure.gravatar.com\/avatar\/146a18d2b51b2fff4b4d20a486533567?s=96&d=mm&r=g\",\"contentUrl\":\"https:\/\/secure.gravatar.com\/avatar\/146a18d2b51b2fff4b4d20a486533567?s=96&d=mm&r=g\",\"caption\":\"Francisca Dominguez\"},\"url\":\"https:\/\/www.pmvabogados.cl\/en\/author\/francisca\/\"}]}<\/script>\n<!-- \/ Yoast SEO plugin. -->","yoast_head_json":{"title":"Recapitulaci\u00f3n de Nuevas Normativas 2024: Deberes de los Empleadores - Parga, Montes, Vasseur Labor Lawyers","robots":{"index":"index","follow":"follow","max-snippet":"max-snippet:-1","max-image-preview":"max-image-preview:large","max-video-preview":"max-video-preview:-1"},"canonical":"https:\/\/www.pmvabogados.cl\/en\/recapitulacion-de-nuevas-normativas-2024-deberes-de-los-empleadores\/","og_locale":"en_US","og_type":"article","og_title":"Recapitulaci\u00f3n de Nuevas Normativas 2024: Deberes de los Empleadores - Parga, Montes, Vasseur Labor Lawyers","og_url":"https:\/\/www.pmvabogados.cl\/en\/recapitulacion-de-nuevas-normativas-2024-deberes-de-los-empleadores\/","og_site_name":"Parga, Montes, Vasseur Labor Lawyers","article_published_time":"2025-01-06T20:13:07+00:00","article_modified_time":"2025-01-07T13:13:47+00:00","og_image":[{"width":1571,"height":2000,"url":"https:\/\/www.pmvabogados.cl\/wp-content\/uploads\/2025\/01\/Enfoque-Laboral-6-de-enero-de-2024-Recapitulacion-de-Nuevas-Normativas-2024-Deberes-de-los-Empleadores-1-1.png","type":"image\/png"}],"author":"Francisca Dominguez","twitter_card":"summary_large_image","twitter_misc":{"Written by":"Francisca Dominguez","Est. reading time":"1 minute"},"schema":{"@context":"https:\/\/schema.org","@graph":[{"@type":"Article","@id":"https:\/\/www.pmvabogados.cl\/en\/recapitulacion-de-nuevas-normativas-2024-deberes-de-los-empleadores\/#article","isPartOf":{"@id":"https:\/\/www.pmvabogados.cl\/en\/recapitulacion-de-nuevas-normativas-2024-deberes-de-los-empleadores\/"},"author":{"name":"Francisca Dominguez","@id":"https:\/\/www.pmvabogados.cl\/en\/#\/schema\/person\/401fd0c9a37d714b31a68493cee1be83"},"headline":"Recapitulaci\u00f3n de Nuevas Normativas 2024: Deberes de los Empleadores","datePublished":"2025-01-06T20:13:07+00:00","dateModified":"2025-01-07T13:13:47+00:00","mainEntityOfPage":{"@id":"https:\/\/www.pmvabogados.cl\/en\/recapitulacion-de-nuevas-normativas-2024-deberes-de-los-empleadores\/"},"wordCount":113,"commentCount":0,"publisher":{"@id":"https:\/\/www.pmvabogados.cl\/en\/#organization"},"articleSection":["Enfoque","Enfoque Laboral","insight"],"inLanguage":"en-US","potentialAction":[{"@type":"CommentAction","name":"Comment","target":["https:\/\/www.pmvabogados.cl\/en\/recapitulacion-de-nuevas-normativas-2024-deberes-de-los-empleadores\/#respond"]}]},{"@type":"WebPage","@id":"https:\/\/www.pmvabogados.cl\/en\/recapitulacion-de-nuevas-normativas-2024-deberes-de-los-empleadores\/","url":"https:\/\/www.pmvabogados.cl\/en\/recapitulacion-de-nuevas-normativas-2024-deberes-de-los-empleadores\/","name":"Recapitulaci\u00f3n de Nuevas Normativas 2024: Deberes de los Empleadores - Parga, Montes, Vasseur Labor Lawyers","isPartOf":{"@id":"https:\/\/www.pmvabogados.cl\/en\/#website"},"datePublished":"2025-01-06T20:13:07+00:00","dateModified":"2025-01-07T13:13:47+00:00","breadcrumb":{"@id":"https:\/\/www.pmvabogados.cl\/en\/recapitulacion-de-nuevas-normativas-2024-deberes-de-los-empleadores\/#breadcrumb"},"inLanguage":"en-US","potentialAction":[{"@type":"ReadAction","target":["https:\/\/www.pmvabogados.cl\/en\/recapitulacion-de-nuevas-normativas-2024-deberes-de-los-empleadores\/"]}]},{"@type":"BreadcrumbList","@id":"https:\/\/www.pmvabogados.cl\/en\/recapitulacion-de-nuevas-normativas-2024-deberes-de-los-empleadores\/#breadcrumb","itemListElement":[{"@type":"ListItem","position":1,"name":"Portada","item":"https:\/\/www.pmvabogados.cl\/en\/"},{"@type":"ListItem","position":2,"name":"Recapitulaci\u00f3n de Nuevas Normativas 2024: Deberes de los Empleadores"}]},{"@type":"WebSite","@id":"https:\/\/www.pmvabogados.cl\/en\/#website","url":"https:\/\/www.pmvabogados.cl\/en\/","name":"Parga, Montes, Vasseur Abogados Laborales","description":"Labor Lawyers","publisher":{"@id":"https:\/\/www.pmvabogados.cl\/en\/#organization"},"alternateName":"PMV Abogados","potentialAction":[{"@type":"SearchAction","target":{"@type":"EntryPoint","urlTemplate":"https:\/\/www.pmvabogados.cl\/en\/?s={search_term_string}"},"query-input":"required name=search_term_string"}],"inLanguage":"en-US"},{"@type":"Organization","@id":"https:\/\/www.pmvabogados.cl\/en\/#organization","name":"Parga, Montes, Vasseur Abogados Laborales","alternateName":"PMV Abogados","url":"https:\/\/www.pmvabogados.cl\/en\/","logo":{"@type":"ImageObject","inLanguage":"en-US","@id":"https:\/\/www.pmvabogados.cl\/en\/#\/schema\/logo\/image\/","url":"https:\/\/www.pmvabogados.cl\/wp-content\/uploads\/2023\/03\/Proyecto-nuevo-1.png","contentUrl":"https:\/\/www.pmvabogados.cl\/wp-content\/uploads\/2023\/03\/Proyecto-nuevo-1.png","width":800,"height":800,"caption":"Parga, Montes, Vasseur Abogados Laborales"},"image":{"@id":"https:\/\/www.pmvabogados.cl\/en\/#\/schema\/logo\/image\/"},"sameAs":["https:\/\/www.linkedin.com\/company\/79443714\/admin\/"]},{"@type":"Person","@id":"https:\/\/www.pmvabogados.cl\/en\/#\/schema\/person\/401fd0c9a37d714b31a68493cee1be83","name":"Francisca Dominguez","image":{"@type":"ImageObject","inLanguage":"en-US","@id":"https:\/\/www.pmvabogados.cl\/en\/#\/schema\/person\/image\/","url":"https:\/\/secure.gravatar.com\/avatar\/146a18d2b51b2fff4b4d20a486533567?s=96&d=mm&r=g","contentUrl":"https:\/\/secure.gravatar.com\/avatar\/146a18d2b51b2fff4b4d20a486533567?s=96&d=mm&r=g","caption":"Francisca Dominguez"},"url":"https:\/\/www.pmvabogados.cl\/en\/author\/francisca\/"}]}},"_links":{"self":[{"href":"https:\/\/www.pmvabogados.cl\/en\/wp-json\/wp\/v2\/posts\/2313"}],"collection":[{"href":"https:\/\/www.pmvabogados.cl\/en\/wp-json\/wp\/v2\/posts"}],"about":[{"href":"https:\/\/www.pmvabogados.cl\/en\/wp-json\/wp\/v2\/types\/post"}],"author":[{"embeddable":true,"href":"https:\/\/www.pmvabogados.cl\/en\/wp-json\/wp\/v2\/users\/2"}],"replies":[{"embeddable":true,"href":"https:\/\/www.pmvabogados.cl\/en\/wp-json\/wp\/v2\/comments?post=2313"}],"version-history":[{"count":5,"href":"https:\/\/www.pmvabogados.cl\/en\/wp-json\/wp\/v2\/posts\/2313\/revisions"}],"predecessor-version":[{"id":2323,"href":"https:\/\/www.pmvabogados.cl\/en\/wp-json\/wp\/v2\/posts\/2313\/revisions\/2323"}],"wp:featuredmedia":[{"embeddable":true,"href":"https:\/\/www.pmvabogados.cl\/en\/wp-json\/wp\/v2\/media\/2314"}],"wp:attachment":[{"href":"https:\/\/www.pmvabogados.cl\/en\/wp-json\/wp\/v2\/media?parent=2313"}],"wp:term":[{"taxonomy":"category","embeddable":true,"href":"https:\/\/www.pmvabogados.cl\/en\/wp-json\/wp\/v2\/categories?post=2313"},{"taxonomy":"post_tag","embeddable":true,"href":"https:\/\/www.pmvabogados.cl\/en\/wp-json\/wp\/v2\/tags?post=2313"}],"curies":[{"name":"wp","href":"https:\/\/api.w.org\/{rel}","templated":true}]}}