{"id":2655,"date":"2025-05-28T11:06:34","date_gmt":"2025-05-28T14:06:34","guid":{"rendered":"https:\/\/www.pmvabogados.cl\/?p=2655"},"modified":"2025-06-10T11:21:51","modified_gmt":"2025-06-10T14:21:51","slug":"ley-karin-avance-o-retroceso-columna-diario-financiero","status":"publish","type":"post","link":"https:\/\/www.pmvabogados.cl\/en\/ley-karin-avance-o-retroceso-columna-diario-financiero\/","title":{"rendered":"Ley Karin: \u00bfavance o retroceso? | Carta al director, Diario Financiero"},"content":{"rendered":"<p>Se\u00f1or Director:<br \/>\nLa Ley Karin fue anunciada como un avance en la prevenci\u00f3n del acoso laboral. No cabe duda de la legitimidad de su impulso ni del valor de visibilizar estas situaciones. Sin embargo, una revisi\u00f3n t\u00e9cnica y pr\u00e1ctica muestra que su efecto transformador ha sido limitado y, en varios sentidos, contraproducente.<\/p>\n<p>Chile ya contaba con un marco normativo s\u00f3lido. La ley vino a formalizar exigencias ya existentes, sumando plazos y procedimientos, pero sin cambiar el fondo del deber de protecci\u00f3n ni aportar herramientas nuevas. Fue una respuesta estatal m\u00e1s reactiva que estructural, que orden\u00f3 lo que ya estaba y dej\u00f3 sin atender lo que m\u00e1s urge: construir ambientes laborales saludables desde la base, no desde el castigo.<\/p>\n<p>Desde su entrada en vigor, aumentaron las denuncias, pero no mejor\u00f3 el clima laboral. En muchas organizaciones se instal\u00f3 la desconfianza, no la colaboraci\u00f3n. Si el objetivo era transformar, la estrategia debi\u00f3 ser otra: formaci\u00f3n, liderazgos y acompa\u00f1amiento. Los verdaderos cambios no nacen del temor a la sanci\u00f3n, sino de una convicci\u00f3n interna.<\/p>\n<p>Jorge Montes A.<br \/>\nSocio. Parga, Montes &amp; Vasseur Laborales<\/p>\n","protected":false},"excerpt":{"rendered":"","protected":false},"author":2,"featured_media":0,"comment_status":"open","ping_status":"open","sticky":false,"template":"","format":"standard","meta":{"inline_featured_image":false,"footnotes":""},"categories":[4],"tags":[],"yoast_head":"<!-- This site is optimized with the Yoast SEO plugin v21.4 - https:\/\/yoast.com\/wordpress\/plugins\/seo\/ -->\n<title>Ley Karin: \u00bfavance o retroceso? | Carta al director, Diario Financiero - Parga, Montes, Vasseur Labor Lawyers<\/title>\n<meta name=\"robots\" content=\"index, follow, max-snippet:-1, max-image-preview:large, max-video-preview:-1\" \/>\n<link rel=\"canonical\" href=\"https:\/\/www.pmvabogados.cl\/en\/ley-karin-avance-o-retroceso-columna-diario-financiero\/\" \/>\n<meta property=\"og:locale\" content=\"en_US\" \/>\n<meta property=\"og:type\" content=\"article\" \/>\n<meta property=\"og:title\" content=\"Ley Karin: \u00bfavance o retroceso? | Carta al director, Diario Financiero - Parga, Montes, Vasseur Labor Lawyers\" \/>\n<meta property=\"og:url\" content=\"https:\/\/www.pmvabogados.cl\/en\/ley-karin-avance-o-retroceso-columna-diario-financiero\/\" \/>\n<meta property=\"og:site_name\" content=\"Parga, Montes, Vasseur Labor Lawyers\" \/>\n<meta property=\"article:published_time\" content=\"2025-05-28T14:06:34+00:00\" \/>\n<meta property=\"article:modified_time\" content=\"2025-06-10T14:21:51+00:00\" \/>\n<meta name=\"author\" content=\"Francisca Dominguez\" \/>\n<meta name=\"twitter:card\" content=\"summary_large_image\" \/>\n<meta name=\"twitter:label1\" content=\"Written by\" \/>\n\t<meta name=\"twitter:data1\" content=\"Francisca Dominguez\" \/>\n\t<meta name=\"twitter:label2\" content=\"Est. reading time\" \/>\n\t<meta name=\"twitter:data2\" content=\"1 minute\" \/>\n<script type=\"application\/ld+json\" class=\"yoast-schema-graph\">{\"@context\":\"https:\/\/schema.org\",\"@graph\":[{\"@type\":\"Article\",\"@id\":\"https:\/\/www.pmvabogados.cl\/en\/ley-karin-avance-o-retroceso-columna-diario-financiero\/#article\",\"isPartOf\":{\"@id\":\"https:\/\/www.pmvabogados.cl\/en\/ley-karin-avance-o-retroceso-columna-diario-financiero\/\"},\"author\":{\"name\":\"Francisca Dominguez\",\"@id\":\"https:\/\/www.pmvabogados.cl\/en\/#\/schema\/person\/401fd0c9a37d714b31a68493cee1be83\"},\"headline\":\"Ley Karin: \u00bfavance o retroceso? | Carta al director, Diario Financiero\",\"datePublished\":\"2025-05-28T14:06:34+00:00\",\"dateModified\":\"2025-06-10T14:21:51+00:00\",\"mainEntityOfPage\":{\"@id\":\"https:\/\/www.pmvabogados.cl\/en\/ley-karin-avance-o-retroceso-columna-diario-financiero\/\"},\"wordCount\":204,\"commentCount\":0,\"publisher\":{\"@id\":\"https:\/\/www.pmvabogados.cl\/en\/#organization\"},\"articleSection\":[\"Publicaciones\"],\"inLanguage\":\"en-US\",\"potentialAction\":[{\"@type\":\"CommentAction\",\"name\":\"Comment\",\"target\":[\"https:\/\/www.pmvabogados.cl\/en\/ley-karin-avance-o-retroceso-columna-diario-financiero\/#respond\"]}]},{\"@type\":\"WebPage\",\"@id\":\"https:\/\/www.pmvabogados.cl\/en\/ley-karin-avance-o-retroceso-columna-diario-financiero\/\",\"url\":\"https:\/\/www.pmvabogados.cl\/en\/ley-karin-avance-o-retroceso-columna-diario-financiero\/\",\"name\":\"Ley Karin: \u00bfavance o retroceso? | Carta al director, Diario Financiero - Parga, Montes, Vasseur Labor Lawyers\",\"isPartOf\":{\"@id\":\"https:\/\/www.pmvabogados.cl\/en\/#website\"},\"datePublished\":\"2025-05-28T14:06:34+00:00\",\"dateModified\":\"2025-06-10T14:21:51+00:00\",\"breadcrumb\":{\"@id\":\"https:\/\/www.pmvabogados.cl\/en\/ley-karin-avance-o-retroceso-columna-diario-financiero\/#breadcrumb\"},\"inLanguage\":\"en-US\",\"potentialAction\":[{\"@type\":\"ReadAction\",\"target\":[\"https:\/\/www.pmvabogados.cl\/en\/ley-karin-avance-o-retroceso-columna-diario-financiero\/\"]}]},{\"@type\":\"BreadcrumbList\",\"@id\":\"https:\/\/www.pmvabogados.cl\/en\/ley-karin-avance-o-retroceso-columna-diario-financiero\/#breadcrumb\",\"itemListElement\":[{\"@type\":\"ListItem\",\"position\":1,\"name\":\"Portada\",\"item\":\"https:\/\/www.pmvabogados.cl\/en\/\"},{\"@type\":\"ListItem\",\"position\":2,\"name\":\"Ley Karin: \u00bfavance o retroceso? | Carta al director, Diario Financiero\"}]},{\"@type\":\"WebSite\",\"@id\":\"https:\/\/www.pmvabogados.cl\/en\/#website\",\"url\":\"https:\/\/www.pmvabogados.cl\/en\/\",\"name\":\"Parga, Montes, Vasseur Abogados Laborales\",\"description\":\"Labor Lawyers\",\"publisher\":{\"@id\":\"https:\/\/www.pmvabogados.cl\/en\/#organization\"},\"alternateName\":\"PMV Abogados\",\"potentialAction\":[{\"@type\":\"SearchAction\",\"target\":{\"@type\":\"EntryPoint\",\"urlTemplate\":\"https:\/\/www.pmvabogados.cl\/en\/?s={search_term_string}\"},\"query-input\":\"required name=search_term_string\"}],\"inLanguage\":\"en-US\"},{\"@type\":\"Organization\",\"@id\":\"https:\/\/www.pmvabogados.cl\/en\/#organization\",\"name\":\"Parga, Montes, Vasseur Abogados Laborales\",\"alternateName\":\"PMV Abogados\",\"url\":\"https:\/\/www.pmvabogados.cl\/en\/\",\"logo\":{\"@type\":\"ImageObject\",\"inLanguage\":\"en-US\",\"@id\":\"https:\/\/www.pmvabogados.cl\/en\/#\/schema\/logo\/image\/\",\"url\":\"https:\/\/www.pmvabogados.cl\/wp-content\/uploads\/2023\/03\/Proyecto-nuevo-1.png\",\"contentUrl\":\"https:\/\/www.pmvabogados.cl\/wp-content\/uploads\/2023\/03\/Proyecto-nuevo-1.png\",\"width\":800,\"height\":800,\"caption\":\"Parga, Montes, Vasseur Abogados Laborales\"},\"image\":{\"@id\":\"https:\/\/www.pmvabogados.cl\/en\/#\/schema\/logo\/image\/\"},\"sameAs\":[\"https:\/\/www.linkedin.com\/company\/79443714\/admin\/\"]},{\"@type\":\"Person\",\"@id\":\"https:\/\/www.pmvabogados.cl\/en\/#\/schema\/person\/401fd0c9a37d714b31a68493cee1be83\",\"name\":\"Francisca Dominguez\",\"image\":{\"@type\":\"ImageObject\",\"inLanguage\":\"en-US\",\"@id\":\"https:\/\/www.pmvabogados.cl\/en\/#\/schema\/person\/image\/\",\"url\":\"https:\/\/secure.gravatar.com\/avatar\/146a18d2b51b2fff4b4d20a486533567?s=96&d=mm&r=g\",\"contentUrl\":\"https:\/\/secure.gravatar.com\/avatar\/146a18d2b51b2fff4b4d20a486533567?s=96&d=mm&r=g\",\"caption\":\"Francisca Dominguez\"},\"url\":\"https:\/\/www.pmvabogados.cl\/en\/author\/francisca\/\"}]}<\/script>\n<!-- \/ Yoast SEO plugin. -->","yoast_head_json":{"title":"Ley Karin: \u00bfavance o retroceso? | Carta al director, Diario Financiero - Parga, Montes, Vasseur Labor Lawyers","robots":{"index":"index","follow":"follow","max-snippet":"max-snippet:-1","max-image-preview":"max-image-preview:large","max-video-preview":"max-video-preview:-1"},"canonical":"https:\/\/www.pmvabogados.cl\/en\/ley-karin-avance-o-retroceso-columna-diario-financiero\/","og_locale":"en_US","og_type":"article","og_title":"Ley Karin: \u00bfavance o retroceso? | Carta al director, Diario Financiero - Parga, Montes, Vasseur Labor Lawyers","og_url":"https:\/\/www.pmvabogados.cl\/en\/ley-karin-avance-o-retroceso-columna-diario-financiero\/","og_site_name":"Parga, Montes, Vasseur Labor Lawyers","article_published_time":"2025-05-28T14:06:34+00:00","article_modified_time":"2025-06-10T14:21:51+00:00","author":"Francisca Dominguez","twitter_card":"summary_large_image","twitter_misc":{"Written by":"Francisca Dominguez","Est. reading time":"1 minute"},"schema":{"@context":"https:\/\/schema.org","@graph":[{"@type":"Article","@id":"https:\/\/www.pmvabogados.cl\/en\/ley-karin-avance-o-retroceso-columna-diario-financiero\/#article","isPartOf":{"@id":"https:\/\/www.pmvabogados.cl\/en\/ley-karin-avance-o-retroceso-columna-diario-financiero\/"},"author":{"name":"Francisca Dominguez","@id":"https:\/\/www.pmvabogados.cl\/en\/#\/schema\/person\/401fd0c9a37d714b31a68493cee1be83"},"headline":"Ley Karin: \u00bfavance o retroceso? | Carta al director, Diario Financiero","datePublished":"2025-05-28T14:06:34+00:00","dateModified":"2025-06-10T14:21:51+00:00","mainEntityOfPage":{"@id":"https:\/\/www.pmvabogados.cl\/en\/ley-karin-avance-o-retroceso-columna-diario-financiero\/"},"wordCount":204,"commentCount":0,"publisher":{"@id":"https:\/\/www.pmvabogados.cl\/en\/#organization"},"articleSection":["Publicaciones"],"inLanguage":"en-US","potentialAction":[{"@type":"CommentAction","name":"Comment","target":["https:\/\/www.pmvabogados.cl\/en\/ley-karin-avance-o-retroceso-columna-diario-financiero\/#respond"]}]},{"@type":"WebPage","@id":"https:\/\/www.pmvabogados.cl\/en\/ley-karin-avance-o-retroceso-columna-diario-financiero\/","url":"https:\/\/www.pmvabogados.cl\/en\/ley-karin-avance-o-retroceso-columna-diario-financiero\/","name":"Ley Karin: \u00bfavance o retroceso? | Carta al director, Diario Financiero - Parga, Montes, Vasseur Labor Lawyers","isPartOf":{"@id":"https:\/\/www.pmvabogados.cl\/en\/#website"},"datePublished":"2025-05-28T14:06:34+00:00","dateModified":"2025-06-10T14:21:51+00:00","breadcrumb":{"@id":"https:\/\/www.pmvabogados.cl\/en\/ley-karin-avance-o-retroceso-columna-diario-financiero\/#breadcrumb"},"inLanguage":"en-US","potentialAction":[{"@type":"ReadAction","target":["https:\/\/www.pmvabogados.cl\/en\/ley-karin-avance-o-retroceso-columna-diario-financiero\/"]}]},{"@type":"BreadcrumbList","@id":"https:\/\/www.pmvabogados.cl\/en\/ley-karin-avance-o-retroceso-columna-diario-financiero\/#breadcrumb","itemListElement":[{"@type":"ListItem","position":1,"name":"Portada","item":"https:\/\/www.pmvabogados.cl\/en\/"},{"@type":"ListItem","position":2,"name":"Ley Karin: \u00bfavance o retroceso? | Carta al director, Diario Financiero"}]},{"@type":"WebSite","@id":"https:\/\/www.pmvabogados.cl\/en\/#website","url":"https:\/\/www.pmvabogados.cl\/en\/","name":"Parga, Montes, Vasseur Abogados Laborales","description":"Labor Lawyers","publisher":{"@id":"https:\/\/www.pmvabogados.cl\/en\/#organization"},"alternateName":"PMV Abogados","potentialAction":[{"@type":"SearchAction","target":{"@type":"EntryPoint","urlTemplate":"https:\/\/www.pmvabogados.cl\/en\/?s={search_term_string}"},"query-input":"required name=search_term_string"}],"inLanguage":"en-US"},{"@type":"Organization","@id":"https:\/\/www.pmvabogados.cl\/en\/#organization","name":"Parga, Montes, Vasseur Abogados Laborales","alternateName":"PMV Abogados","url":"https:\/\/www.pmvabogados.cl\/en\/","logo":{"@type":"ImageObject","inLanguage":"en-US","@id":"https:\/\/www.pmvabogados.cl\/en\/#\/schema\/logo\/image\/","url":"https:\/\/www.pmvabogados.cl\/wp-content\/uploads\/2023\/03\/Proyecto-nuevo-1.png","contentUrl":"https:\/\/www.pmvabogados.cl\/wp-content\/uploads\/2023\/03\/Proyecto-nuevo-1.png","width":800,"height":800,"caption":"Parga, Montes, Vasseur Abogados Laborales"},"image":{"@id":"https:\/\/www.pmvabogados.cl\/en\/#\/schema\/logo\/image\/"},"sameAs":["https:\/\/www.linkedin.com\/company\/79443714\/admin\/"]},{"@type":"Person","@id":"https:\/\/www.pmvabogados.cl\/en\/#\/schema\/person\/401fd0c9a37d714b31a68493cee1be83","name":"Francisca Dominguez","image":{"@type":"ImageObject","inLanguage":"en-US","@id":"https:\/\/www.pmvabogados.cl\/en\/#\/schema\/person\/image\/","url":"https:\/\/secure.gravatar.com\/avatar\/146a18d2b51b2fff4b4d20a486533567?s=96&d=mm&r=g","contentUrl":"https:\/\/secure.gravatar.com\/avatar\/146a18d2b51b2fff4b4d20a486533567?s=96&d=mm&r=g","caption":"Francisca Dominguez"},"url":"https:\/\/www.pmvabogados.cl\/en\/author\/francisca\/"}]}},"_links":{"self":[{"href":"https:\/\/www.pmvabogados.cl\/en\/wp-json\/wp\/v2\/posts\/2655"}],"collection":[{"href":"https:\/\/www.pmvabogados.cl\/en\/wp-json\/wp\/v2\/posts"}],"about":[{"href":"https:\/\/www.pmvabogados.cl\/en\/wp-json\/wp\/v2\/types\/post"}],"author":[{"embeddable":true,"href":"https:\/\/www.pmvabogados.cl\/en\/wp-json\/wp\/v2\/users\/2"}],"replies":[{"embeddable":true,"href":"https:\/\/www.pmvabogados.cl\/en\/wp-json\/wp\/v2\/comments?post=2655"}],"version-history":[{"count":2,"href":"https:\/\/www.pmvabogados.cl\/en\/wp-json\/wp\/v2\/posts\/2655\/revisions"}],"predecessor-version":[{"id":2665,"href":"https:\/\/www.pmvabogados.cl\/en\/wp-json\/wp\/v2\/posts\/2655\/revisions\/2665"}],"wp:attachment":[{"href":"https:\/\/www.pmvabogados.cl\/en\/wp-json\/wp\/v2\/media?parent=2655"}],"wp:term":[{"taxonomy":"category","embeddable":true,"href":"https:\/\/www.pmvabogados.cl\/en\/wp-json\/wp\/v2\/categories?post=2655"},{"taxonomy":"post_tag","embeddable":true,"href":"https:\/\/www.pmvabogados.cl\/en\/wp-json\/wp\/v2\/tags?post=2655"}],"curies":[{"name":"wp","href":"https:\/\/api.w.org\/{rel}","templated":true}]}}