{"id":2679,"date":"2025-06-13T10:55:58","date_gmt":"2025-06-13T13:55:58","guid":{"rendered":"https:\/\/www.pmvabogados.cl\/?p=2679"},"modified":"2025-06-18T18:54:04","modified_gmt":"2025-06-18T21:54:04","slug":"proyecto-de-ley-que-modifica-el-codigo-del-trabajo-para-promover-la-inclusion-laboral-de-personas-mayores-de-cincuenta-anos","status":"publish","type":"post","link":"https:\/\/www.pmvabogados.cl\/en\/proyecto-de-ley-que-modifica-el-codigo-del-trabajo-para-promover-la-inclusion-laboral-de-personas-mayores-de-cincuenta-anos\/","title":{"rendered":"Proyecto de Ley que modifica el C\u00f3digo del Trabajo para promover la inclusi\u00f3n laboral de personas mayores de cincuenta a\u00f1os"},"content":{"rendered":"<p>El pasado 15 de abril, se present\u00f3 un proyecto de ley que modifica el C\u00f3digo del Trabajo, con el objetivo de establecer un conjunto de medidas que promuevan la inclusi\u00f3n laboral de personas mayores de 50 a\u00f1os.<\/p>\n<p><strong>\u00bfCu\u00e1les son las medidas que propone este proyecto? \u00bfQu\u00e9 cambios deber\u00e1n realizar las medianas y grandes empresas en caso de que esta ley sea aprobada?<\/strong><\/p>\n<p>Descubre estas y otras respuestas en esta nueva edici\u00f3n de nuestro <strong>Enfoque Laboral.<\/strong><\/p>\n","protected":false},"excerpt":{"rendered":"","protected":false},"author":2,"featured_media":2677,"comment_status":"open","ping_status":"open","sticky":false,"template":"","format":"standard","meta":{"inline_featured_image":false,"footnotes":""},"categories":[19,17,18],"tags":[],"yoast_head":"<!-- This site is optimized with the Yoast SEO plugin v21.4 - https:\/\/yoast.com\/wordpress\/plugins\/seo\/ -->\n<title>Proyecto de Ley que modifica el C\u00f3digo del Trabajo para promover la inclusi\u00f3n laboral de personas mayores de cincuenta a\u00f1os - Parga, Montes, Vasseur Labor Lawyers<\/title>\n<meta name=\"robots\" content=\"index, follow, max-snippet:-1, max-image-preview:large, max-video-preview:-1\" \/>\n<link rel=\"canonical\" href=\"https:\/\/www.pmvabogados.cl\/en\/proyecto-de-ley-que-modifica-el-codigo-del-trabajo-para-promover-la-inclusion-laboral-de-personas-mayores-de-cincuenta-anos\/\" \/>\n<meta property=\"og:locale\" content=\"en_US\" \/>\n<meta property=\"og:type\" content=\"article\" \/>\n<meta property=\"og:title\" content=\"Proyecto de Ley que modifica el C\u00f3digo del Trabajo para promover la inclusi\u00f3n laboral de personas mayores de cincuenta a\u00f1os - Parga, Montes, Vasseur Labor Lawyers\" \/>\n<meta property=\"og:url\" content=\"https:\/\/www.pmvabogados.cl\/en\/proyecto-de-ley-que-modifica-el-codigo-del-trabajo-para-promover-la-inclusion-laboral-de-personas-mayores-de-cincuenta-anos\/\" \/>\n<meta property=\"og:site_name\" content=\"Parga, Montes, Vasseur Labor Lawyers\" \/>\n<meta property=\"article:published_time\" content=\"2025-06-13T13:55:58+00:00\" \/>\n<meta property=\"article:modified_time\" content=\"2025-06-18T21:54:04+00:00\" \/>\n<meta property=\"og:image\" content=\"https:\/\/www.pmvabogados.cl\/wp-content\/uploads\/2025\/06\/Actulidad-legislativa-laboral_Inclusion-mayores-50-anos-1_page-0001.jpg\" \/>\n\t<meta property=\"og:image:width\" content=\"1125\" \/>\n\t<meta property=\"og:image:height\" content=\"1453\" \/>\n\t<meta property=\"og:image:type\" content=\"image\/jpeg\" \/>\n<meta name=\"author\" content=\"Francisca Dominguez\" \/>\n<meta name=\"twitter:card\" content=\"summary_large_image\" \/>\n<meta name=\"twitter:label1\" content=\"Written by\" \/>\n\t<meta name=\"twitter:data1\" content=\"Francisca Dominguez\" \/>\n\t<meta name=\"twitter:label2\" content=\"Est. reading time\" \/>\n\t<meta name=\"twitter:data2\" content=\"1 minute\" \/>\n<script type=\"application\/ld+json\" class=\"yoast-schema-graph\">{\"@context\":\"https:\/\/schema.org\",\"@graph\":[{\"@type\":\"Article\",\"@id\":\"https:\/\/www.pmvabogados.cl\/en\/proyecto-de-ley-que-modifica-el-codigo-del-trabajo-para-promover-la-inclusion-laboral-de-personas-mayores-de-cincuenta-anos\/#article\",\"isPartOf\":{\"@id\":\"https:\/\/www.pmvabogados.cl\/en\/proyecto-de-ley-que-modifica-el-codigo-del-trabajo-para-promover-la-inclusion-laboral-de-personas-mayores-de-cincuenta-anos\/\"},\"author\":{\"name\":\"Francisca Dominguez\",\"@id\":\"https:\/\/www.pmvabogados.cl\/en\/#\/schema\/person\/401fd0c9a37d714b31a68493cee1be83\"},\"headline\":\"Proyecto de Ley que modifica el C\u00f3digo del Trabajo para promover la inclusi\u00f3n laboral de personas mayores de cincuenta a\u00f1os\",\"datePublished\":\"2025-06-13T13:55:58+00:00\",\"dateModified\":\"2025-06-18T21:54:04+00:00\",\"mainEntityOfPage\":{\"@id\":\"https:\/\/www.pmvabogados.cl\/en\/proyecto-de-ley-que-modifica-el-codigo-del-trabajo-para-promover-la-inclusion-laboral-de-personas-mayores-de-cincuenta-anos\/\"},\"wordCount\":102,\"commentCount\":0,\"publisher\":{\"@id\":\"https:\/\/www.pmvabogados.cl\/en\/#organization\"},\"articleSection\":[\"Enfoque\",\"Enfoque Laboral\",\"insight\"],\"inLanguage\":\"en-US\",\"potentialAction\":[{\"@type\":\"CommentAction\",\"name\":\"Comment\",\"target\":[\"https:\/\/www.pmvabogados.cl\/en\/proyecto-de-ley-que-modifica-el-codigo-del-trabajo-para-promover-la-inclusion-laboral-de-personas-mayores-de-cincuenta-anos\/#respond\"]}]},{\"@type\":\"WebPage\",\"@id\":\"https:\/\/www.pmvabogados.cl\/en\/proyecto-de-ley-que-modifica-el-codigo-del-trabajo-para-promover-la-inclusion-laboral-de-personas-mayores-de-cincuenta-anos\/\",\"url\":\"https:\/\/www.pmvabogados.cl\/en\/proyecto-de-ley-que-modifica-el-codigo-del-trabajo-para-promover-la-inclusion-laboral-de-personas-mayores-de-cincuenta-anos\/\",\"name\":\"Proyecto de Ley que modifica el C\u00f3digo del Trabajo para promover la inclusi\u00f3n laboral de personas mayores de cincuenta a\u00f1os - Parga, Montes, Vasseur Labor Lawyers\",\"isPartOf\":{\"@id\":\"https:\/\/www.pmvabogados.cl\/en\/#website\"},\"datePublished\":\"2025-06-13T13:55:58+00:00\",\"dateModified\":\"2025-06-18T21:54:04+00:00\",\"breadcrumb\":{\"@id\":\"https:\/\/www.pmvabogados.cl\/en\/proyecto-de-ley-que-modifica-el-codigo-del-trabajo-para-promover-la-inclusion-laboral-de-personas-mayores-de-cincuenta-anos\/#breadcrumb\"},\"inLanguage\":\"en-US\",\"potentialAction\":[{\"@type\":\"ReadAction\",\"target\":[\"https:\/\/www.pmvabogados.cl\/en\/proyecto-de-ley-que-modifica-el-codigo-del-trabajo-para-promover-la-inclusion-laboral-de-personas-mayores-de-cincuenta-anos\/\"]}]},{\"@type\":\"BreadcrumbList\",\"@id\":\"https:\/\/www.pmvabogados.cl\/en\/proyecto-de-ley-que-modifica-el-codigo-del-trabajo-para-promover-la-inclusion-laboral-de-personas-mayores-de-cincuenta-anos\/#breadcrumb\",\"itemListElement\":[{\"@type\":\"ListItem\",\"position\":1,\"name\":\"Portada\",\"item\":\"https:\/\/www.pmvabogados.cl\/en\/\"},{\"@type\":\"ListItem\",\"position\":2,\"name\":\"Proyecto de Ley que modifica el C\u00f3digo del Trabajo para promover la inclusi\u00f3n laboral de personas mayores de cincuenta a\u00f1os\"}]},{\"@type\":\"WebSite\",\"@id\":\"https:\/\/www.pmvabogados.cl\/en\/#website\",\"url\":\"https:\/\/www.pmvabogados.cl\/en\/\",\"name\":\"Parga, Montes, Vasseur Abogados Laborales\",\"description\":\"Labor Lawyers\",\"publisher\":{\"@id\":\"https:\/\/www.pmvabogados.cl\/en\/#organization\"},\"alternateName\":\"PMV Abogados\",\"potentialAction\":[{\"@type\":\"SearchAction\",\"target\":{\"@type\":\"EntryPoint\",\"urlTemplate\":\"https:\/\/www.pmvabogados.cl\/en\/?s={search_term_string}\"},\"query-input\":\"required name=search_term_string\"}],\"inLanguage\":\"en-US\"},{\"@type\":\"Organization\",\"@id\":\"https:\/\/www.pmvabogados.cl\/en\/#organization\",\"name\":\"Parga, Montes, Vasseur Abogados Laborales\",\"alternateName\":\"PMV Abogados\",\"url\":\"https:\/\/www.pmvabogados.cl\/en\/\",\"logo\":{\"@type\":\"ImageObject\",\"inLanguage\":\"en-US\",\"@id\":\"https:\/\/www.pmvabogados.cl\/en\/#\/schema\/logo\/image\/\",\"url\":\"https:\/\/www.pmvabogados.cl\/wp-content\/uploads\/2023\/03\/Proyecto-nuevo-1.png\",\"contentUrl\":\"https:\/\/www.pmvabogados.cl\/wp-content\/uploads\/2023\/03\/Proyecto-nuevo-1.png\",\"width\":800,\"height\":800,\"caption\":\"Parga, Montes, Vasseur Abogados Laborales\"},\"image\":{\"@id\":\"https:\/\/www.pmvabogados.cl\/en\/#\/schema\/logo\/image\/\"},\"sameAs\":[\"https:\/\/www.linkedin.com\/company\/79443714\/admin\/\"]},{\"@type\":\"Person\",\"@id\":\"https:\/\/www.pmvabogados.cl\/en\/#\/schema\/person\/401fd0c9a37d714b31a68493cee1be83\",\"name\":\"Francisca Dominguez\",\"image\":{\"@type\":\"ImageObject\",\"inLanguage\":\"en-US\",\"@id\":\"https:\/\/www.pmvabogados.cl\/en\/#\/schema\/person\/image\/\",\"url\":\"https:\/\/secure.gravatar.com\/avatar\/146a18d2b51b2fff4b4d20a486533567?s=96&d=mm&r=g\",\"contentUrl\":\"https:\/\/secure.gravatar.com\/avatar\/146a18d2b51b2fff4b4d20a486533567?s=96&d=mm&r=g\",\"caption\":\"Francisca Dominguez\"},\"url\":\"https:\/\/www.pmvabogados.cl\/en\/author\/francisca\/\"}]}<\/script>\n<!-- \/ Yoast SEO plugin. -->","yoast_head_json":{"title":"Proyecto de Ley que modifica el C\u00f3digo del Trabajo para promover la inclusi\u00f3n laboral de personas mayores de cincuenta a\u00f1os - Parga, Montes, Vasseur Labor Lawyers","robots":{"index":"index","follow":"follow","max-snippet":"max-snippet:-1","max-image-preview":"max-image-preview:large","max-video-preview":"max-video-preview:-1"},"canonical":"https:\/\/www.pmvabogados.cl\/en\/proyecto-de-ley-que-modifica-el-codigo-del-trabajo-para-promover-la-inclusion-laboral-de-personas-mayores-de-cincuenta-anos\/","og_locale":"en_US","og_type":"article","og_title":"Proyecto de Ley que modifica el C\u00f3digo del Trabajo para promover la inclusi\u00f3n laboral de personas mayores de cincuenta a\u00f1os - Parga, Montes, Vasseur Labor Lawyers","og_url":"https:\/\/www.pmvabogados.cl\/en\/proyecto-de-ley-que-modifica-el-codigo-del-trabajo-para-promover-la-inclusion-laboral-de-personas-mayores-de-cincuenta-anos\/","og_site_name":"Parga, Montes, Vasseur Labor Lawyers","article_published_time":"2025-06-13T13:55:58+00:00","article_modified_time":"2025-06-18T21:54:04+00:00","og_image":[{"width":1125,"height":1453,"url":"https:\/\/www.pmvabogados.cl\/wp-content\/uploads\/2025\/06\/Actulidad-legislativa-laboral_Inclusion-mayores-50-anos-1_page-0001.jpg","type":"image\/jpeg"}],"author":"Francisca Dominguez","twitter_card":"summary_large_image","twitter_misc":{"Written by":"Francisca Dominguez","Est. reading time":"1 minute"},"schema":{"@context":"https:\/\/schema.org","@graph":[{"@type":"Article","@id":"https:\/\/www.pmvabogados.cl\/en\/proyecto-de-ley-que-modifica-el-codigo-del-trabajo-para-promover-la-inclusion-laboral-de-personas-mayores-de-cincuenta-anos\/#article","isPartOf":{"@id":"https:\/\/www.pmvabogados.cl\/en\/proyecto-de-ley-que-modifica-el-codigo-del-trabajo-para-promover-la-inclusion-laboral-de-personas-mayores-de-cincuenta-anos\/"},"author":{"name":"Francisca Dominguez","@id":"https:\/\/www.pmvabogados.cl\/en\/#\/schema\/person\/401fd0c9a37d714b31a68493cee1be83"},"headline":"Proyecto de Ley que modifica el C\u00f3digo del Trabajo para promover la inclusi\u00f3n laboral de personas mayores de cincuenta a\u00f1os","datePublished":"2025-06-13T13:55:58+00:00","dateModified":"2025-06-18T21:54:04+00:00","mainEntityOfPage":{"@id":"https:\/\/www.pmvabogados.cl\/en\/proyecto-de-ley-que-modifica-el-codigo-del-trabajo-para-promover-la-inclusion-laboral-de-personas-mayores-de-cincuenta-anos\/"},"wordCount":102,"commentCount":0,"publisher":{"@id":"https:\/\/www.pmvabogados.cl\/en\/#organization"},"articleSection":["Enfoque","Enfoque Laboral","insight"],"inLanguage":"en-US","potentialAction":[{"@type":"CommentAction","name":"Comment","target":["https:\/\/www.pmvabogados.cl\/en\/proyecto-de-ley-que-modifica-el-codigo-del-trabajo-para-promover-la-inclusion-laboral-de-personas-mayores-de-cincuenta-anos\/#respond"]}]},{"@type":"WebPage","@id":"https:\/\/www.pmvabogados.cl\/en\/proyecto-de-ley-que-modifica-el-codigo-del-trabajo-para-promover-la-inclusion-laboral-de-personas-mayores-de-cincuenta-anos\/","url":"https:\/\/www.pmvabogados.cl\/en\/proyecto-de-ley-que-modifica-el-codigo-del-trabajo-para-promover-la-inclusion-laboral-de-personas-mayores-de-cincuenta-anos\/","name":"Proyecto de Ley que modifica el C\u00f3digo del Trabajo para promover la inclusi\u00f3n laboral de personas mayores de cincuenta a\u00f1os - Parga, Montes, Vasseur Labor Lawyers","isPartOf":{"@id":"https:\/\/www.pmvabogados.cl\/en\/#website"},"datePublished":"2025-06-13T13:55:58+00:00","dateModified":"2025-06-18T21:54:04+00:00","breadcrumb":{"@id":"https:\/\/www.pmvabogados.cl\/en\/proyecto-de-ley-que-modifica-el-codigo-del-trabajo-para-promover-la-inclusion-laboral-de-personas-mayores-de-cincuenta-anos\/#breadcrumb"},"inLanguage":"en-US","potentialAction":[{"@type":"ReadAction","target":["https:\/\/www.pmvabogados.cl\/en\/proyecto-de-ley-que-modifica-el-codigo-del-trabajo-para-promover-la-inclusion-laboral-de-personas-mayores-de-cincuenta-anos\/"]}]},{"@type":"BreadcrumbList","@id":"https:\/\/www.pmvabogados.cl\/en\/proyecto-de-ley-que-modifica-el-codigo-del-trabajo-para-promover-la-inclusion-laboral-de-personas-mayores-de-cincuenta-anos\/#breadcrumb","itemListElement":[{"@type":"ListItem","position":1,"name":"Portada","item":"https:\/\/www.pmvabogados.cl\/en\/"},{"@type":"ListItem","position":2,"name":"Proyecto de Ley que modifica el C\u00f3digo del Trabajo para promover la inclusi\u00f3n laboral de personas mayores de cincuenta a\u00f1os"}]},{"@type":"WebSite","@id":"https:\/\/www.pmvabogados.cl\/en\/#website","url":"https:\/\/www.pmvabogados.cl\/en\/","name":"Parga, Montes, Vasseur Abogados Laborales","description":"Labor Lawyers","publisher":{"@id":"https:\/\/www.pmvabogados.cl\/en\/#organization"},"alternateName":"PMV Abogados","potentialAction":[{"@type":"SearchAction","target":{"@type":"EntryPoint","urlTemplate":"https:\/\/www.pmvabogados.cl\/en\/?s={search_term_string}"},"query-input":"required name=search_term_string"}],"inLanguage":"en-US"},{"@type":"Organization","@id":"https:\/\/www.pmvabogados.cl\/en\/#organization","name":"Parga, Montes, Vasseur Abogados Laborales","alternateName":"PMV Abogados","url":"https:\/\/www.pmvabogados.cl\/en\/","logo":{"@type":"ImageObject","inLanguage":"en-US","@id":"https:\/\/www.pmvabogados.cl\/en\/#\/schema\/logo\/image\/","url":"https:\/\/www.pmvabogados.cl\/wp-content\/uploads\/2023\/03\/Proyecto-nuevo-1.png","contentUrl":"https:\/\/www.pmvabogados.cl\/wp-content\/uploads\/2023\/03\/Proyecto-nuevo-1.png","width":800,"height":800,"caption":"Parga, Montes, Vasseur Abogados Laborales"},"image":{"@id":"https:\/\/www.pmvabogados.cl\/en\/#\/schema\/logo\/image\/"},"sameAs":["https:\/\/www.linkedin.com\/company\/79443714\/admin\/"]},{"@type":"Person","@id":"https:\/\/www.pmvabogados.cl\/en\/#\/schema\/person\/401fd0c9a37d714b31a68493cee1be83","name":"Francisca Dominguez","image":{"@type":"ImageObject","inLanguage":"en-US","@id":"https:\/\/www.pmvabogados.cl\/en\/#\/schema\/person\/image\/","url":"https:\/\/secure.gravatar.com\/avatar\/146a18d2b51b2fff4b4d20a486533567?s=96&d=mm&r=g","contentUrl":"https:\/\/secure.gravatar.com\/avatar\/146a18d2b51b2fff4b4d20a486533567?s=96&d=mm&r=g","caption":"Francisca Dominguez"},"url":"https:\/\/www.pmvabogados.cl\/en\/author\/francisca\/"}]}},"_links":{"self":[{"href":"https:\/\/www.pmvabogados.cl\/en\/wp-json\/wp\/v2\/posts\/2679"}],"collection":[{"href":"https:\/\/www.pmvabogados.cl\/en\/wp-json\/wp\/v2\/posts"}],"about":[{"href":"https:\/\/www.pmvabogados.cl\/en\/wp-json\/wp\/v2\/types\/post"}],"author":[{"embeddable":true,"href":"https:\/\/www.pmvabogados.cl\/en\/wp-json\/wp\/v2\/users\/2"}],"replies":[{"embeddable":true,"href":"https:\/\/www.pmvabogados.cl\/en\/wp-json\/wp\/v2\/comments?post=2679"}],"version-history":[{"count":3,"href":"https:\/\/www.pmvabogados.cl\/en\/wp-json\/wp\/v2\/posts\/2679\/revisions"}],"predecessor-version":[{"id":2709,"href":"https:\/\/www.pmvabogados.cl\/en\/wp-json\/wp\/v2\/posts\/2679\/revisions\/2709"}],"wp:featuredmedia":[{"embeddable":true,"href":"https:\/\/www.pmvabogados.cl\/en\/wp-json\/wp\/v2\/media\/2677"}],"wp:attachment":[{"href":"https:\/\/www.pmvabogados.cl\/en\/wp-json\/wp\/v2\/media?parent=2679"}],"wp:term":[{"taxonomy":"category","embeddable":true,"href":"https:\/\/www.pmvabogados.cl\/en\/wp-json\/wp\/v2\/categories?post=2679"},{"taxonomy":"post_tag","embeddable":true,"href":"https:\/\/www.pmvabogados.cl\/en\/wp-json\/wp\/v2\/tags?post=2679"}],"curies":[{"name":"wp","href":"https:\/\/api.w.org\/{rel}","templated":true}]}}