{"id":2871,"date":"2025-08-07T10:35:04","date_gmt":"2025-08-07T13:35:04","guid":{"rendered":"https:\/\/www.pmvabogados.cl\/?p=2871"},"modified":"2025-08-29T10:38:12","modified_gmt":"2025-08-29T13:38:12","slug":"a-un-ano-de-la-ley-karin-retomando-la-nocion-de-reiteracion-en-el-acoso-laboral-columna-el-mercurio-legal","status":"publish","type":"post","link":"https:\/\/www.pmvabogados.cl\/en\/a-un-ano-de-la-ley-karin-retomando-la-nocion-de-reiteracion-en-el-acoso-laboral-columna-el-mercurio-legal\/","title":{"rendered":"A un a\u00f1o de la Ley Karin: retomando la noci\u00f3n de reiteraci\u00f3n en el acoso laboral | Columna, El Mercurio Legal"},"content":{"rendered":"<p>En su columna publicada en El Mercurio Legal, nuestro socio <a id=\"ember588\" class=\"ember-view\" tabindex=\"0\" href=\"https:\/\/www.linkedin.com\/in\/pablo-vasseur-gallo\/\">Pablo Vasseur Gallo<\/a> advirti\u00f3 que la eliminaci\u00f3n del requisito de reiteraci\u00f3n para calificar una conducta como acoso laboral ha generado confusi\u00f3n y la falsa idea de que cualquier hecho aislado lo constituye. Si bien un acto \u00fanico y grave puede configurarlo, en la mayor\u00eda de los casos la reiteraci\u00f3n sigue siendo clave para evaluar la conducta y su contexto, evitando banalizar el concepto y asegurando una aplicaci\u00f3n justa de la ley.<\/p>\n<p>\u201cLa calificaci\u00f3n de una o m\u00e1s conductas como acoso laboral no es sencilla ni es plausible anticipar las distintas modalidades o formas en que este il\u00edcito se puede manifestar; sin embargo, pareciera que la reiteraci\u00f3n seguir\u00e1 siendo un factor o elemento al que se debe acudir para intentar, a un a\u00f1o de vigencia de esta nueva ley, dilucidar qu\u00e9 es y no es acoso laboral.\u201d<\/p>\n","protected":false},"excerpt":{"rendered":"","protected":false},"author":2,"featured_media":0,"comment_status":"open","ping_status":"open","sticky":false,"template":"","format":"standard","meta":{"inline_featured_image":false,"footnotes":""},"categories":[4],"tags":[],"yoast_head":"<!-- This site is optimized with the Yoast SEO plugin v21.4 - https:\/\/yoast.com\/wordpress\/plugins\/seo\/ -->\n<title>A un a\u00f1o de la Ley Karin: retomando la noci\u00f3n de reiteraci\u00f3n en el acoso laboral | Columna, El Mercurio Legal - Parga, Montes, Vasseur Labor Lawyers<\/title>\n<meta name=\"robots\" content=\"index, follow, max-snippet:-1, max-image-preview:large, max-video-preview:-1\" \/>\n<link rel=\"canonical\" href=\"https:\/\/www.pmvabogados.cl\/en\/a-un-ano-de-la-ley-karin-retomando-la-nocion-de-reiteracion-en-el-acoso-laboral-columna-el-mercurio-legal\/\" \/>\n<meta property=\"og:locale\" content=\"en_US\" \/>\n<meta property=\"og:type\" content=\"article\" \/>\n<meta property=\"og:title\" content=\"A un a\u00f1o de la Ley Karin: retomando la noci\u00f3n de reiteraci\u00f3n en el acoso laboral | Columna, El Mercurio Legal - Parga, Montes, Vasseur Labor Lawyers\" \/>\n<meta property=\"og:url\" content=\"https:\/\/www.pmvabogados.cl\/en\/a-un-ano-de-la-ley-karin-retomando-la-nocion-de-reiteracion-en-el-acoso-laboral-columna-el-mercurio-legal\/\" \/>\n<meta property=\"og:site_name\" content=\"Parga, Montes, Vasseur Labor Lawyers\" \/>\n<meta property=\"article:published_time\" content=\"2025-08-07T13:35:04+00:00\" \/>\n<meta property=\"article:modified_time\" content=\"2025-08-29T13:38:12+00:00\" \/>\n<meta name=\"author\" content=\"Francisca Dominguez\" \/>\n<meta name=\"twitter:card\" content=\"summary_large_image\" \/>\n<meta name=\"twitter:label1\" content=\"Written by\" \/>\n\t<meta name=\"twitter:data1\" content=\"Francisca Dominguez\" \/>\n\t<meta name=\"twitter:label2\" content=\"Est. reading time\" \/>\n\t<meta name=\"twitter:data2\" content=\"1 minute\" \/>\n<script type=\"application\/ld+json\" class=\"yoast-schema-graph\">{\"@context\":\"https:\/\/schema.org\",\"@graph\":[{\"@type\":\"Article\",\"@id\":\"https:\/\/www.pmvabogados.cl\/en\/a-un-ano-de-la-ley-karin-retomando-la-nocion-de-reiteracion-en-el-acoso-laboral-columna-el-mercurio-legal\/#article\",\"isPartOf\":{\"@id\":\"https:\/\/www.pmvabogados.cl\/en\/a-un-ano-de-la-ley-karin-retomando-la-nocion-de-reiteracion-en-el-acoso-laboral-columna-el-mercurio-legal\/\"},\"author\":{\"name\":\"Francisca Dominguez\",\"@id\":\"https:\/\/www.pmvabogados.cl\/en\/#\/schema\/person\/401fd0c9a37d714b31a68493cee1be83\"},\"headline\":\"A un a\u00f1o de la Ley Karin: retomando la noci\u00f3n de reiteraci\u00f3n en el acoso laboral | Columna, El Mercurio Legal\",\"datePublished\":\"2025-08-07T13:35:04+00:00\",\"dateModified\":\"2025-08-29T13:38:12+00:00\",\"mainEntityOfPage\":{\"@id\":\"https:\/\/www.pmvabogados.cl\/en\/a-un-ano-de-la-ley-karin-retomando-la-nocion-de-reiteracion-en-el-acoso-laboral-columna-el-mercurio-legal\/\"},\"wordCount\":180,\"commentCount\":0,\"publisher\":{\"@id\":\"https:\/\/www.pmvabogados.cl\/en\/#organization\"},\"articleSection\":[\"Publicaciones\"],\"inLanguage\":\"en-US\",\"potentialAction\":[{\"@type\":\"CommentAction\",\"name\":\"Comment\",\"target\":[\"https:\/\/www.pmvabogados.cl\/en\/a-un-ano-de-la-ley-karin-retomando-la-nocion-de-reiteracion-en-el-acoso-laboral-columna-el-mercurio-legal\/#respond\"]}]},{\"@type\":\"WebPage\",\"@id\":\"https:\/\/www.pmvabogados.cl\/en\/a-un-ano-de-la-ley-karin-retomando-la-nocion-de-reiteracion-en-el-acoso-laboral-columna-el-mercurio-legal\/\",\"url\":\"https:\/\/www.pmvabogados.cl\/en\/a-un-ano-de-la-ley-karin-retomando-la-nocion-de-reiteracion-en-el-acoso-laboral-columna-el-mercurio-legal\/\",\"name\":\"A un a\u00f1o de la Ley Karin: retomando la noci\u00f3n de reiteraci\u00f3n en el acoso laboral | Columna, El Mercurio Legal - Parga, Montes, Vasseur Labor Lawyers\",\"isPartOf\":{\"@id\":\"https:\/\/www.pmvabogados.cl\/en\/#website\"},\"datePublished\":\"2025-08-07T13:35:04+00:00\",\"dateModified\":\"2025-08-29T13:38:12+00:00\",\"breadcrumb\":{\"@id\":\"https:\/\/www.pmvabogados.cl\/en\/a-un-ano-de-la-ley-karin-retomando-la-nocion-de-reiteracion-en-el-acoso-laboral-columna-el-mercurio-legal\/#breadcrumb\"},\"inLanguage\":\"en-US\",\"potentialAction\":[{\"@type\":\"ReadAction\",\"target\":[\"https:\/\/www.pmvabogados.cl\/en\/a-un-ano-de-la-ley-karin-retomando-la-nocion-de-reiteracion-en-el-acoso-laboral-columna-el-mercurio-legal\/\"]}]},{\"@type\":\"BreadcrumbList\",\"@id\":\"https:\/\/www.pmvabogados.cl\/en\/a-un-ano-de-la-ley-karin-retomando-la-nocion-de-reiteracion-en-el-acoso-laboral-columna-el-mercurio-legal\/#breadcrumb\",\"itemListElement\":[{\"@type\":\"ListItem\",\"position\":1,\"name\":\"Portada\",\"item\":\"https:\/\/www.pmvabogados.cl\/en\/\"},{\"@type\":\"ListItem\",\"position\":2,\"name\":\"A un a\u00f1o de la Ley Karin: retomando la noci\u00f3n de reiteraci\u00f3n en el acoso laboral | Columna, El Mercurio Legal\"}]},{\"@type\":\"WebSite\",\"@id\":\"https:\/\/www.pmvabogados.cl\/en\/#website\",\"url\":\"https:\/\/www.pmvabogados.cl\/en\/\",\"name\":\"Parga, Montes, Vasseur Abogados Laborales\",\"description\":\"Labor Lawyers\",\"publisher\":{\"@id\":\"https:\/\/www.pmvabogados.cl\/en\/#organization\"},\"alternateName\":\"PMV Abogados\",\"potentialAction\":[{\"@type\":\"SearchAction\",\"target\":{\"@type\":\"EntryPoint\",\"urlTemplate\":\"https:\/\/www.pmvabogados.cl\/en\/?s={search_term_string}\"},\"query-input\":\"required name=search_term_string\"}],\"inLanguage\":\"en-US\"},{\"@type\":\"Organization\",\"@id\":\"https:\/\/www.pmvabogados.cl\/en\/#organization\",\"name\":\"Parga, Montes, Vasseur Abogados Laborales\",\"alternateName\":\"PMV Abogados\",\"url\":\"https:\/\/www.pmvabogados.cl\/en\/\",\"logo\":{\"@type\":\"ImageObject\",\"inLanguage\":\"en-US\",\"@id\":\"https:\/\/www.pmvabogados.cl\/en\/#\/schema\/logo\/image\/\",\"url\":\"https:\/\/www.pmvabogados.cl\/wp-content\/uploads\/2023\/03\/Proyecto-nuevo-1.png\",\"contentUrl\":\"https:\/\/www.pmvabogados.cl\/wp-content\/uploads\/2023\/03\/Proyecto-nuevo-1.png\",\"width\":800,\"height\":800,\"caption\":\"Parga, Montes, Vasseur Abogados Laborales\"},\"image\":{\"@id\":\"https:\/\/www.pmvabogados.cl\/en\/#\/schema\/logo\/image\/\"},\"sameAs\":[\"https:\/\/www.linkedin.com\/company\/79443714\/admin\/\"]},{\"@type\":\"Person\",\"@id\":\"https:\/\/www.pmvabogados.cl\/en\/#\/schema\/person\/401fd0c9a37d714b31a68493cee1be83\",\"name\":\"Francisca Dominguez\",\"image\":{\"@type\":\"ImageObject\",\"inLanguage\":\"en-US\",\"@id\":\"https:\/\/www.pmvabogados.cl\/en\/#\/schema\/person\/image\/\",\"url\":\"https:\/\/secure.gravatar.com\/avatar\/146a18d2b51b2fff4b4d20a486533567?s=96&d=mm&r=g\",\"contentUrl\":\"https:\/\/secure.gravatar.com\/avatar\/146a18d2b51b2fff4b4d20a486533567?s=96&d=mm&r=g\",\"caption\":\"Francisca Dominguez\"},\"url\":\"https:\/\/www.pmvabogados.cl\/en\/author\/francisca\/\"}]}<\/script>\n<!-- \/ Yoast SEO plugin. -->","yoast_head_json":{"title":"A un a\u00f1o de la Ley Karin: retomando la noci\u00f3n de reiteraci\u00f3n en el acoso laboral | Columna, El Mercurio Legal - Parga, Montes, Vasseur Labor Lawyers","robots":{"index":"index","follow":"follow","max-snippet":"max-snippet:-1","max-image-preview":"max-image-preview:large","max-video-preview":"max-video-preview:-1"},"canonical":"https:\/\/www.pmvabogados.cl\/en\/a-un-ano-de-la-ley-karin-retomando-la-nocion-de-reiteracion-en-el-acoso-laboral-columna-el-mercurio-legal\/","og_locale":"en_US","og_type":"article","og_title":"A un a\u00f1o de la Ley Karin: retomando la noci\u00f3n de reiteraci\u00f3n en el acoso laboral | Columna, El Mercurio Legal - Parga, Montes, Vasseur Labor Lawyers","og_url":"https:\/\/www.pmvabogados.cl\/en\/a-un-ano-de-la-ley-karin-retomando-la-nocion-de-reiteracion-en-el-acoso-laboral-columna-el-mercurio-legal\/","og_site_name":"Parga, Montes, Vasseur Labor Lawyers","article_published_time":"2025-08-07T13:35:04+00:00","article_modified_time":"2025-08-29T13:38:12+00:00","author":"Francisca Dominguez","twitter_card":"summary_large_image","twitter_misc":{"Written by":"Francisca Dominguez","Est. reading time":"1 minute"},"schema":{"@context":"https:\/\/schema.org","@graph":[{"@type":"Article","@id":"https:\/\/www.pmvabogados.cl\/en\/a-un-ano-de-la-ley-karin-retomando-la-nocion-de-reiteracion-en-el-acoso-laboral-columna-el-mercurio-legal\/#article","isPartOf":{"@id":"https:\/\/www.pmvabogados.cl\/en\/a-un-ano-de-la-ley-karin-retomando-la-nocion-de-reiteracion-en-el-acoso-laboral-columna-el-mercurio-legal\/"},"author":{"name":"Francisca Dominguez","@id":"https:\/\/www.pmvabogados.cl\/en\/#\/schema\/person\/401fd0c9a37d714b31a68493cee1be83"},"headline":"A un a\u00f1o de la Ley Karin: retomando la noci\u00f3n de reiteraci\u00f3n en el acoso laboral | Columna, El Mercurio Legal","datePublished":"2025-08-07T13:35:04+00:00","dateModified":"2025-08-29T13:38:12+00:00","mainEntityOfPage":{"@id":"https:\/\/www.pmvabogados.cl\/en\/a-un-ano-de-la-ley-karin-retomando-la-nocion-de-reiteracion-en-el-acoso-laboral-columna-el-mercurio-legal\/"},"wordCount":180,"commentCount":0,"publisher":{"@id":"https:\/\/www.pmvabogados.cl\/en\/#organization"},"articleSection":["Publicaciones"],"inLanguage":"en-US","potentialAction":[{"@type":"CommentAction","name":"Comment","target":["https:\/\/www.pmvabogados.cl\/en\/a-un-ano-de-la-ley-karin-retomando-la-nocion-de-reiteracion-en-el-acoso-laboral-columna-el-mercurio-legal\/#respond"]}]},{"@type":"WebPage","@id":"https:\/\/www.pmvabogados.cl\/en\/a-un-ano-de-la-ley-karin-retomando-la-nocion-de-reiteracion-en-el-acoso-laboral-columna-el-mercurio-legal\/","url":"https:\/\/www.pmvabogados.cl\/en\/a-un-ano-de-la-ley-karin-retomando-la-nocion-de-reiteracion-en-el-acoso-laboral-columna-el-mercurio-legal\/","name":"A un a\u00f1o de la Ley Karin: retomando la noci\u00f3n de reiteraci\u00f3n en el acoso laboral | Columna, El Mercurio Legal - Parga, Montes, Vasseur Labor Lawyers","isPartOf":{"@id":"https:\/\/www.pmvabogados.cl\/en\/#website"},"datePublished":"2025-08-07T13:35:04+00:00","dateModified":"2025-08-29T13:38:12+00:00","breadcrumb":{"@id":"https:\/\/www.pmvabogados.cl\/en\/a-un-ano-de-la-ley-karin-retomando-la-nocion-de-reiteracion-en-el-acoso-laboral-columna-el-mercurio-legal\/#breadcrumb"},"inLanguage":"en-US","potentialAction":[{"@type":"ReadAction","target":["https:\/\/www.pmvabogados.cl\/en\/a-un-ano-de-la-ley-karin-retomando-la-nocion-de-reiteracion-en-el-acoso-laboral-columna-el-mercurio-legal\/"]}]},{"@type":"BreadcrumbList","@id":"https:\/\/www.pmvabogados.cl\/en\/a-un-ano-de-la-ley-karin-retomando-la-nocion-de-reiteracion-en-el-acoso-laboral-columna-el-mercurio-legal\/#breadcrumb","itemListElement":[{"@type":"ListItem","position":1,"name":"Portada","item":"https:\/\/www.pmvabogados.cl\/en\/"},{"@type":"ListItem","position":2,"name":"A un a\u00f1o de la Ley Karin: retomando la noci\u00f3n de reiteraci\u00f3n en el acoso laboral | Columna, El Mercurio Legal"}]},{"@type":"WebSite","@id":"https:\/\/www.pmvabogados.cl\/en\/#website","url":"https:\/\/www.pmvabogados.cl\/en\/","name":"Parga, Montes, Vasseur Abogados Laborales","description":"Labor Lawyers","publisher":{"@id":"https:\/\/www.pmvabogados.cl\/en\/#organization"},"alternateName":"PMV Abogados","potentialAction":[{"@type":"SearchAction","target":{"@type":"EntryPoint","urlTemplate":"https:\/\/www.pmvabogados.cl\/en\/?s={search_term_string}"},"query-input":"required name=search_term_string"}],"inLanguage":"en-US"},{"@type":"Organization","@id":"https:\/\/www.pmvabogados.cl\/en\/#organization","name":"Parga, Montes, Vasseur Abogados Laborales","alternateName":"PMV Abogados","url":"https:\/\/www.pmvabogados.cl\/en\/","logo":{"@type":"ImageObject","inLanguage":"en-US","@id":"https:\/\/www.pmvabogados.cl\/en\/#\/schema\/logo\/image\/","url":"https:\/\/www.pmvabogados.cl\/wp-content\/uploads\/2023\/03\/Proyecto-nuevo-1.png","contentUrl":"https:\/\/www.pmvabogados.cl\/wp-content\/uploads\/2023\/03\/Proyecto-nuevo-1.png","width":800,"height":800,"caption":"Parga, Montes, Vasseur Abogados Laborales"},"image":{"@id":"https:\/\/www.pmvabogados.cl\/en\/#\/schema\/logo\/image\/"},"sameAs":["https:\/\/www.linkedin.com\/company\/79443714\/admin\/"]},{"@type":"Person","@id":"https:\/\/www.pmvabogados.cl\/en\/#\/schema\/person\/401fd0c9a37d714b31a68493cee1be83","name":"Francisca Dominguez","image":{"@type":"ImageObject","inLanguage":"en-US","@id":"https:\/\/www.pmvabogados.cl\/en\/#\/schema\/person\/image\/","url":"https:\/\/secure.gravatar.com\/avatar\/146a18d2b51b2fff4b4d20a486533567?s=96&d=mm&r=g","contentUrl":"https:\/\/secure.gravatar.com\/avatar\/146a18d2b51b2fff4b4d20a486533567?s=96&d=mm&r=g","caption":"Francisca Dominguez"},"url":"https:\/\/www.pmvabogados.cl\/en\/author\/francisca\/"}]}},"_links":{"self":[{"href":"https:\/\/www.pmvabogados.cl\/en\/wp-json\/wp\/v2\/posts\/2871"}],"collection":[{"href":"https:\/\/www.pmvabogados.cl\/en\/wp-json\/wp\/v2\/posts"}],"about":[{"href":"https:\/\/www.pmvabogados.cl\/en\/wp-json\/wp\/v2\/types\/post"}],"author":[{"embeddable":true,"href":"https:\/\/www.pmvabogados.cl\/en\/wp-json\/wp\/v2\/users\/2"}],"replies":[{"embeddable":true,"href":"https:\/\/www.pmvabogados.cl\/en\/wp-json\/wp\/v2\/comments?post=2871"}],"version-history":[{"count":1,"href":"https:\/\/www.pmvabogados.cl\/en\/wp-json\/wp\/v2\/posts\/2871\/revisions"}],"predecessor-version":[{"id":2872,"href":"https:\/\/www.pmvabogados.cl\/en\/wp-json\/wp\/v2\/posts\/2871\/revisions\/2872"}],"wp:attachment":[{"href":"https:\/\/www.pmvabogados.cl\/en\/wp-json\/wp\/v2\/media?parent=2871"}],"wp:term":[{"taxonomy":"category","embeddable":true,"href":"https:\/\/www.pmvabogados.cl\/en\/wp-json\/wp\/v2\/categories?post=2871"},{"taxonomy":"post_tag","embeddable":true,"href":"https:\/\/www.pmvabogados.cl\/en\/wp-json\/wp\/v2\/tags?post=2871"}],"curies":[{"name":"wp","href":"https:\/\/api.w.org\/{rel}","templated":true}]}}