{"id":2975,"date":"2025-11-07T09:36:05","date_gmt":"2025-11-07T12:36:05","guid":{"rendered":"https:\/\/www.pmvabogados.cl\/?p=2975"},"modified":"2025-11-07T09:36:05","modified_gmt":"2025-11-07T12:36:05","slug":"responsabilidad-de-la-persona-juridica-por-actos-de-acoso-laboral-cometidos-por-subordinados-que-ejercen-cargos-de-direccion","status":"publish","type":"post","link":"https:\/\/www.pmvabogados.cl\/en\/responsabilidad-de-la-persona-juridica-por-actos-de-acoso-laboral-cometidos-por-subordinados-que-ejercen-cargos-de-direccion\/","title":{"rendered":"Responsabilidad de la persona jur\u00eddica por actos de acoso laboral cometidos por subordinados que ejercen cargos de direcci\u00f3n"},"content":{"rendered":"<p><span style=\"font-weight: 400;\">En el contexto normativo actual, y especialmente a prop\u00f3sito de las implicancias de la Ley Karin, las empresas deben poner especial atenci\u00f3n en la prevenci\u00f3n y gesti\u00f3n del acoso laboral. Resulta fundamental comprender la responsabilidad que puede recaer sobre la organizaci\u00f3n frente a conductas de acoso laboral cometidas por personas que ejercen cargos de direcci\u00f3n, as\u00ed como la importancia de prevenir los factores de riesgo asociados a este tipo de situaciones.<\/span><\/p>\n<p><strong>\u00bfQu\u00e9 trabajadores en una empresa representan al empleador? Si una de estas personas comete conductas de acoso laboral \u2012acoso laboral vertical descendente\u2012, \u00bfes responsable, ipso facto, la empresa por dichas conductas?<\/strong><\/p>\n<p>Conoce las respuestas a estas y otras preguntas en una nueva edici\u00f3n de nuestro Enfoque Laboral.<\/p>\n","protected":false},"excerpt":{"rendered":"","protected":false},"author":2,"featured_media":2973,"comment_status":"open","ping_status":"open","sticky":false,"template":"","format":"standard","meta":{"inline_featured_image":false,"footnotes":""},"categories":[19,17,18],"tags":[],"yoast_head":"<!-- This site is optimized with the Yoast SEO plugin v21.4 - https:\/\/yoast.com\/wordpress\/plugins\/seo\/ -->\n<title>Responsabilidad de la persona jur\u00eddica por actos de acoso laboral cometidos por subordinados que ejercen cargos de direcci\u00f3n - Parga, Montes, Vasseur Labor Lawyers<\/title>\n<meta name=\"robots\" content=\"index, follow, max-snippet:-1, max-image-preview:large, max-video-preview:-1\" \/>\n<link rel=\"canonical\" href=\"https:\/\/www.pmvabogados.cl\/en\/responsabilidad-de-la-persona-juridica-por-actos-de-acoso-laboral-cometidos-por-subordinados-que-ejercen-cargos-de-direccion\/\" \/>\n<meta property=\"og:locale\" content=\"en_US\" \/>\n<meta property=\"og:type\" content=\"article\" \/>\n<meta property=\"og:title\" content=\"Responsabilidad de la persona jur\u00eddica por actos de acoso laboral cometidos por subordinados que ejercen cargos de direcci\u00f3n - Parga, Montes, Vasseur Labor Lawyers\" \/>\n<meta property=\"og:url\" content=\"https:\/\/www.pmvabogados.cl\/en\/responsabilidad-de-la-persona-juridica-por-actos-de-acoso-laboral-cometidos-por-subordinados-que-ejercen-cargos-de-direccion\/\" \/>\n<meta property=\"og:site_name\" content=\"Parga, Montes, Vasseur Labor Lawyers\" \/>\n<meta property=\"article:published_time\" content=\"2025-11-07T12:36:05+00:00\" \/>\n<meta property=\"og:image\" content=\"https:\/\/www.pmvabogados.cl\/wp-content\/uploads\/2025\/11\/Sitio-web.jpg\" \/>\n\t<meta property=\"og:image:width\" content=\"1125\" \/>\n\t<meta property=\"og:image:height\" content=\"1453\" \/>\n\t<meta property=\"og:image:type\" content=\"image\/jpeg\" \/>\n<meta name=\"author\" content=\"Francisca Dominguez\" \/>\n<meta name=\"twitter:card\" content=\"summary_large_image\" \/>\n<meta name=\"twitter:label1\" content=\"Written by\" \/>\n\t<meta name=\"twitter:data1\" content=\"Francisca Dominguez\" \/>\n\t<meta name=\"twitter:label2\" content=\"Est. reading time\" \/>\n\t<meta name=\"twitter:data2\" content=\"1 minute\" \/>\n<script type=\"application\/ld+json\" class=\"yoast-schema-graph\">{\"@context\":\"https:\/\/schema.org\",\"@graph\":[{\"@type\":\"Article\",\"@id\":\"https:\/\/www.pmvabogados.cl\/en\/responsabilidad-de-la-persona-juridica-por-actos-de-acoso-laboral-cometidos-por-subordinados-que-ejercen-cargos-de-direccion\/#article\",\"isPartOf\":{\"@id\":\"https:\/\/www.pmvabogados.cl\/en\/responsabilidad-de-la-persona-juridica-por-actos-de-acoso-laboral-cometidos-por-subordinados-que-ejercen-cargos-de-direccion\/\"},\"author\":{\"name\":\"Francisca Dominguez\",\"@id\":\"https:\/\/www.pmvabogados.cl\/en\/#\/schema\/person\/401fd0c9a37d714b31a68493cee1be83\"},\"headline\":\"Responsabilidad de la persona jur\u00eddica por actos de acoso laboral cometidos por subordinados que ejercen cargos de direcci\u00f3n\",\"datePublished\":\"2025-11-07T12:36:05+00:00\",\"dateModified\":\"2025-11-07T12:36:05+00:00\",\"mainEntityOfPage\":{\"@id\":\"https:\/\/www.pmvabogados.cl\/en\/responsabilidad-de-la-persona-juridica-por-actos-de-acoso-laboral-cometidos-por-subordinados-que-ejercen-cargos-de-direccion\/\"},\"wordCount\":145,\"commentCount\":0,\"publisher\":{\"@id\":\"https:\/\/www.pmvabogados.cl\/en\/#organization\"},\"articleSection\":[\"Enfoque\",\"Enfoque Laboral\",\"insight\"],\"inLanguage\":\"en-US\",\"potentialAction\":[{\"@type\":\"CommentAction\",\"name\":\"Comment\",\"target\":[\"https:\/\/www.pmvabogados.cl\/en\/responsabilidad-de-la-persona-juridica-por-actos-de-acoso-laboral-cometidos-por-subordinados-que-ejercen-cargos-de-direccion\/#respond\"]}]},{\"@type\":\"WebPage\",\"@id\":\"https:\/\/www.pmvabogados.cl\/en\/responsabilidad-de-la-persona-juridica-por-actos-de-acoso-laboral-cometidos-por-subordinados-que-ejercen-cargos-de-direccion\/\",\"url\":\"https:\/\/www.pmvabogados.cl\/en\/responsabilidad-de-la-persona-juridica-por-actos-de-acoso-laboral-cometidos-por-subordinados-que-ejercen-cargos-de-direccion\/\",\"name\":\"Responsabilidad de la persona jur\u00eddica por actos de acoso laboral cometidos por subordinados que ejercen cargos de direcci\u00f3n - Parga, Montes, Vasseur Labor Lawyers\",\"isPartOf\":{\"@id\":\"https:\/\/www.pmvabogados.cl\/en\/#website\"},\"datePublished\":\"2025-11-07T12:36:05+00:00\",\"dateModified\":\"2025-11-07T12:36:05+00:00\",\"breadcrumb\":{\"@id\":\"https:\/\/www.pmvabogados.cl\/en\/responsabilidad-de-la-persona-juridica-por-actos-de-acoso-laboral-cometidos-por-subordinados-que-ejercen-cargos-de-direccion\/#breadcrumb\"},\"inLanguage\":\"en-US\",\"potentialAction\":[{\"@type\":\"ReadAction\",\"target\":[\"https:\/\/www.pmvabogados.cl\/en\/responsabilidad-de-la-persona-juridica-por-actos-de-acoso-laboral-cometidos-por-subordinados-que-ejercen-cargos-de-direccion\/\"]}]},{\"@type\":\"BreadcrumbList\",\"@id\":\"https:\/\/www.pmvabogados.cl\/en\/responsabilidad-de-la-persona-juridica-por-actos-de-acoso-laboral-cometidos-por-subordinados-que-ejercen-cargos-de-direccion\/#breadcrumb\",\"itemListElement\":[{\"@type\":\"ListItem\",\"position\":1,\"name\":\"Portada\",\"item\":\"https:\/\/www.pmvabogados.cl\/en\/\"},{\"@type\":\"ListItem\",\"position\":2,\"name\":\"Responsabilidad de la persona jur\u00eddica por actos de acoso laboral cometidos por subordinados que ejercen cargos de direcci\u00f3n\"}]},{\"@type\":\"WebSite\",\"@id\":\"https:\/\/www.pmvabogados.cl\/en\/#website\",\"url\":\"https:\/\/www.pmvabogados.cl\/en\/\",\"name\":\"Parga, Montes, Vasseur Abogados Laborales\",\"description\":\"Labor Lawyers\",\"publisher\":{\"@id\":\"https:\/\/www.pmvabogados.cl\/en\/#organization\"},\"alternateName\":\"PMV Abogados\",\"potentialAction\":[{\"@type\":\"SearchAction\",\"target\":{\"@type\":\"EntryPoint\",\"urlTemplate\":\"https:\/\/www.pmvabogados.cl\/en\/?s={search_term_string}\"},\"query-input\":\"required name=search_term_string\"}],\"inLanguage\":\"en-US\"},{\"@type\":\"Organization\",\"@id\":\"https:\/\/www.pmvabogados.cl\/en\/#organization\",\"name\":\"Parga, Montes, Vasseur Abogados Laborales\",\"alternateName\":\"PMV Abogados\",\"url\":\"https:\/\/www.pmvabogados.cl\/en\/\",\"logo\":{\"@type\":\"ImageObject\",\"inLanguage\":\"en-US\",\"@id\":\"https:\/\/www.pmvabogados.cl\/en\/#\/schema\/logo\/image\/\",\"url\":\"https:\/\/www.pmvabogados.cl\/wp-content\/uploads\/2023\/03\/Proyecto-nuevo-1.png\",\"contentUrl\":\"https:\/\/www.pmvabogados.cl\/wp-content\/uploads\/2023\/03\/Proyecto-nuevo-1.png\",\"width\":800,\"height\":800,\"caption\":\"Parga, Montes, Vasseur Abogados Laborales\"},\"image\":{\"@id\":\"https:\/\/www.pmvabogados.cl\/en\/#\/schema\/logo\/image\/\"},\"sameAs\":[\"https:\/\/www.linkedin.com\/company\/79443714\/admin\/\"]},{\"@type\":\"Person\",\"@id\":\"https:\/\/www.pmvabogados.cl\/en\/#\/schema\/person\/401fd0c9a37d714b31a68493cee1be83\",\"name\":\"Francisca Dominguez\",\"image\":{\"@type\":\"ImageObject\",\"inLanguage\":\"en-US\",\"@id\":\"https:\/\/www.pmvabogados.cl\/en\/#\/schema\/person\/image\/\",\"url\":\"https:\/\/secure.gravatar.com\/avatar\/146a18d2b51b2fff4b4d20a486533567?s=96&d=mm&r=g\",\"contentUrl\":\"https:\/\/secure.gravatar.com\/avatar\/146a18d2b51b2fff4b4d20a486533567?s=96&d=mm&r=g\",\"caption\":\"Francisca Dominguez\"},\"url\":\"https:\/\/www.pmvabogados.cl\/en\/author\/francisca\/\"}]}<\/script>\n<!-- \/ Yoast SEO plugin. -->","yoast_head_json":{"title":"Responsabilidad de la persona jur\u00eddica por actos de acoso laboral cometidos por subordinados que ejercen cargos de direcci\u00f3n - Parga, Montes, Vasseur Labor Lawyers","robots":{"index":"index","follow":"follow","max-snippet":"max-snippet:-1","max-image-preview":"max-image-preview:large","max-video-preview":"max-video-preview:-1"},"canonical":"https:\/\/www.pmvabogados.cl\/en\/responsabilidad-de-la-persona-juridica-por-actos-de-acoso-laboral-cometidos-por-subordinados-que-ejercen-cargos-de-direccion\/","og_locale":"en_US","og_type":"article","og_title":"Responsabilidad de la persona jur\u00eddica por actos de acoso laboral cometidos por subordinados que ejercen cargos de direcci\u00f3n - Parga, Montes, Vasseur Labor Lawyers","og_url":"https:\/\/www.pmvabogados.cl\/en\/responsabilidad-de-la-persona-juridica-por-actos-de-acoso-laboral-cometidos-por-subordinados-que-ejercen-cargos-de-direccion\/","og_site_name":"Parga, Montes, Vasseur Labor Lawyers","article_published_time":"2025-11-07T12:36:05+00:00","og_image":[{"width":1125,"height":1453,"url":"https:\/\/www.pmvabogados.cl\/wp-content\/uploads\/2025\/11\/Sitio-web.jpg","type":"image\/jpeg"}],"author":"Francisca Dominguez","twitter_card":"summary_large_image","twitter_misc":{"Written by":"Francisca Dominguez","Est. reading time":"1 minute"},"schema":{"@context":"https:\/\/schema.org","@graph":[{"@type":"Article","@id":"https:\/\/www.pmvabogados.cl\/en\/responsabilidad-de-la-persona-juridica-por-actos-de-acoso-laboral-cometidos-por-subordinados-que-ejercen-cargos-de-direccion\/#article","isPartOf":{"@id":"https:\/\/www.pmvabogados.cl\/en\/responsabilidad-de-la-persona-juridica-por-actos-de-acoso-laboral-cometidos-por-subordinados-que-ejercen-cargos-de-direccion\/"},"author":{"name":"Francisca Dominguez","@id":"https:\/\/www.pmvabogados.cl\/en\/#\/schema\/person\/401fd0c9a37d714b31a68493cee1be83"},"headline":"Responsabilidad de la persona jur\u00eddica por actos de acoso laboral cometidos por subordinados que ejercen cargos de direcci\u00f3n","datePublished":"2025-11-07T12:36:05+00:00","dateModified":"2025-11-07T12:36:05+00:00","mainEntityOfPage":{"@id":"https:\/\/www.pmvabogados.cl\/en\/responsabilidad-de-la-persona-juridica-por-actos-de-acoso-laboral-cometidos-por-subordinados-que-ejercen-cargos-de-direccion\/"},"wordCount":145,"commentCount":0,"publisher":{"@id":"https:\/\/www.pmvabogados.cl\/en\/#organization"},"articleSection":["Enfoque","Enfoque Laboral","insight"],"inLanguage":"en-US","potentialAction":[{"@type":"CommentAction","name":"Comment","target":["https:\/\/www.pmvabogados.cl\/en\/responsabilidad-de-la-persona-juridica-por-actos-de-acoso-laboral-cometidos-por-subordinados-que-ejercen-cargos-de-direccion\/#respond"]}]},{"@type":"WebPage","@id":"https:\/\/www.pmvabogados.cl\/en\/responsabilidad-de-la-persona-juridica-por-actos-de-acoso-laboral-cometidos-por-subordinados-que-ejercen-cargos-de-direccion\/","url":"https:\/\/www.pmvabogados.cl\/en\/responsabilidad-de-la-persona-juridica-por-actos-de-acoso-laboral-cometidos-por-subordinados-que-ejercen-cargos-de-direccion\/","name":"Responsabilidad de la persona jur\u00eddica por actos de acoso laboral cometidos por subordinados que ejercen cargos de direcci\u00f3n - Parga, Montes, Vasseur Labor Lawyers","isPartOf":{"@id":"https:\/\/www.pmvabogados.cl\/en\/#website"},"datePublished":"2025-11-07T12:36:05+00:00","dateModified":"2025-11-07T12:36:05+00:00","breadcrumb":{"@id":"https:\/\/www.pmvabogados.cl\/en\/responsabilidad-de-la-persona-juridica-por-actos-de-acoso-laboral-cometidos-por-subordinados-que-ejercen-cargos-de-direccion\/#breadcrumb"},"inLanguage":"en-US","potentialAction":[{"@type":"ReadAction","target":["https:\/\/www.pmvabogados.cl\/en\/responsabilidad-de-la-persona-juridica-por-actos-de-acoso-laboral-cometidos-por-subordinados-que-ejercen-cargos-de-direccion\/"]}]},{"@type":"BreadcrumbList","@id":"https:\/\/www.pmvabogados.cl\/en\/responsabilidad-de-la-persona-juridica-por-actos-de-acoso-laboral-cometidos-por-subordinados-que-ejercen-cargos-de-direccion\/#breadcrumb","itemListElement":[{"@type":"ListItem","position":1,"name":"Portada","item":"https:\/\/www.pmvabogados.cl\/en\/"},{"@type":"ListItem","position":2,"name":"Responsabilidad de la persona jur\u00eddica por actos de acoso laboral cometidos por subordinados que ejercen cargos de direcci\u00f3n"}]},{"@type":"WebSite","@id":"https:\/\/www.pmvabogados.cl\/en\/#website","url":"https:\/\/www.pmvabogados.cl\/en\/","name":"Parga, Montes, Vasseur Abogados Laborales","description":"Labor Lawyers","publisher":{"@id":"https:\/\/www.pmvabogados.cl\/en\/#organization"},"alternateName":"PMV Abogados","potentialAction":[{"@type":"SearchAction","target":{"@type":"EntryPoint","urlTemplate":"https:\/\/www.pmvabogados.cl\/en\/?s={search_term_string}"},"query-input":"required name=search_term_string"}],"inLanguage":"en-US"},{"@type":"Organization","@id":"https:\/\/www.pmvabogados.cl\/en\/#organization","name":"Parga, Montes, Vasseur Abogados Laborales","alternateName":"PMV Abogados","url":"https:\/\/www.pmvabogados.cl\/en\/","logo":{"@type":"ImageObject","inLanguage":"en-US","@id":"https:\/\/www.pmvabogados.cl\/en\/#\/schema\/logo\/image\/","url":"https:\/\/www.pmvabogados.cl\/wp-content\/uploads\/2023\/03\/Proyecto-nuevo-1.png","contentUrl":"https:\/\/www.pmvabogados.cl\/wp-content\/uploads\/2023\/03\/Proyecto-nuevo-1.png","width":800,"height":800,"caption":"Parga, Montes, Vasseur Abogados Laborales"},"image":{"@id":"https:\/\/www.pmvabogados.cl\/en\/#\/schema\/logo\/image\/"},"sameAs":["https:\/\/www.linkedin.com\/company\/79443714\/admin\/"]},{"@type":"Person","@id":"https:\/\/www.pmvabogados.cl\/en\/#\/schema\/person\/401fd0c9a37d714b31a68493cee1be83","name":"Francisca Dominguez","image":{"@type":"ImageObject","inLanguage":"en-US","@id":"https:\/\/www.pmvabogados.cl\/en\/#\/schema\/person\/image\/","url":"https:\/\/secure.gravatar.com\/avatar\/146a18d2b51b2fff4b4d20a486533567?s=96&d=mm&r=g","contentUrl":"https:\/\/secure.gravatar.com\/avatar\/146a18d2b51b2fff4b4d20a486533567?s=96&d=mm&r=g","caption":"Francisca Dominguez"},"url":"https:\/\/www.pmvabogados.cl\/en\/author\/francisca\/"}]}},"_links":{"self":[{"href":"https:\/\/www.pmvabogados.cl\/en\/wp-json\/wp\/v2\/posts\/2975"}],"collection":[{"href":"https:\/\/www.pmvabogados.cl\/en\/wp-json\/wp\/v2\/posts"}],"about":[{"href":"https:\/\/www.pmvabogados.cl\/en\/wp-json\/wp\/v2\/types\/post"}],"author":[{"embeddable":true,"href":"https:\/\/www.pmvabogados.cl\/en\/wp-json\/wp\/v2\/users\/2"}],"replies":[{"embeddable":true,"href":"https:\/\/www.pmvabogados.cl\/en\/wp-json\/wp\/v2\/comments?post=2975"}],"version-history":[{"count":1,"href":"https:\/\/www.pmvabogados.cl\/en\/wp-json\/wp\/v2\/posts\/2975\/revisions"}],"predecessor-version":[{"id":2976,"href":"https:\/\/www.pmvabogados.cl\/en\/wp-json\/wp\/v2\/posts\/2975\/revisions\/2976"}],"wp:featuredmedia":[{"embeddable":true,"href":"https:\/\/www.pmvabogados.cl\/en\/wp-json\/wp\/v2\/media\/2973"}],"wp:attachment":[{"href":"https:\/\/www.pmvabogados.cl\/en\/wp-json\/wp\/v2\/media?parent=2975"}],"wp:term":[{"taxonomy":"category","embeddable":true,"href":"https:\/\/www.pmvabogados.cl\/en\/wp-json\/wp\/v2\/categories?post=2975"},{"taxonomy":"post_tag","embeddable":true,"href":"https:\/\/www.pmvabogados.cl\/en\/wp-json\/wp\/v2\/tags?post=2975"}],"curies":[{"name":"wp","href":"https:\/\/api.w.org\/{rel}","templated":true}]}}